{"id":368,"date":"2024-04-13T13:24:55","date_gmt":"2024-04-13T11:24:55","guid":{"rendered":"https:\/\/nyforetagarcentrum.se\/mark\/?post_type=story&#038;p=368"},"modified":"2024-04-13T13:36:56","modified_gmt":"2024-04-13T11:36:56","slug":"lotta-von-braun-von-braun-utbildning-ab","status":"publish","type":"story","link":"https:\/\/nyforetagarcentrum.se\/mark\/success-stories\/lotta-von-braun-von-braun-utbildning-ab\/","title":{"rendered":"Lotta von Braun &#8211; von Braun Utbildning AB"},"content":{"rendered":"\n<h2 class=\"wp-block-heading\">Lotta von Braun startade sitt bolag mitt under brinnande pandemi.<\/h2>\n\n\n\n<p>I september 2020 startade Lotta von Braun sitt bolag von Braun utbildning. Hon s\u00e4ljer utbildningar inom bygg och anl\u00e4ggning, s\u00e5 som truck, lift, fallskydd och heta arbeten. Att starta upp ett f\u00f6retag mitt under en pandemi \u00e4r lite speciellt, men trots omv\u00e4rldsvillkoren har hon f\u00e5tt en bra start.<\/p>\n\n\n\n<p>\u2013 Jag ser ljust p\u00e5 framtiden \u2013 s\u00e5 l\u00e4nge byggena \u00e4r ig\u00e5ng finns det jobb, s\u00e4ger hon.<\/p>\n\n\n\n<p>Inf\u00f6r bolagsstarten tog hon kontakt med Nyf\u00f6retagarCentrum Mark och fick r\u00e5dgivning av Gunnar Martinsson. Det \u00e4r mycket att t\u00e4nka p\u00e5 n\u00e4r man bildar bolag och upplevde att hon hade stor nytta av r\u00e5dgivningen.<\/p>\n\n\n\n<p>\u2013 J\u00e4ttestor nytta; alla papper till bolagsverket, kontakt med bank, f\u00f6rs\u00e4kringsbolag och mycket tips och r\u00e5d. Jag kan absolut tipsa andra om att kontakta Nyf\u00f6retagarCentrum Mark vid funderingar p\u00e5 att starta f\u00f6retag!<\/p>\n\n\n\n<p>Vi \u00f6nskar Lotta von Braun ett varmt lycka till med sitt bolag, och funderar du sj\u00e4lv p\u00e5 att starta eget s\u00e5&nbsp;<a href=\"https:\/\/jobsdata-nyforetagarcentrum.se\/ExternBooking?OfficeId=584fe9ec-b6e6-ea11-90fb-005056854b61\" target=\"_blank\" rel=\"noreferrer noopener\">boka tid f\u00f6r egen r\u00e5dgivning<\/a>! Du kan ocks\u00e5 logga in och&nbsp;<a href=\"https:\/\/affarsplanen.com\/\" target=\"_blank\" rel=\"noreferrer noopener\">skapa en aff\u00e4rsplan<\/a>, och har du n\u00e5gra andra fr\u00e5gor eller funderingar \u00e4r du&nbsp;<a href=\"https:\/\/www.nyforetagarcentrum.se\/mark\/kontakt\/\">v\u00e4lkommen att kontakta oss<\/a>!<\/p>\n","protected":false},"featured_media":371,"template":"","meta":{"footnotes":""},"story_category":[],"acf":[],"yoast_head":"<!-- This site is optimized with the Yoast SEO plugin v22.9 - https:\/\/yoast.com\/wordpress\/plugins\/seo\/ -->\n<title>Lotta von Braun - von Braun Utbildning AB - Mark<\/title>\n<meta name=\"robots\" content=\"index, follow, max-snippet:-1, max-image-preview:large, max-video-preview:-1\" \/>\n<link rel=\"canonical\" href=\"https:\/\/nyforetagarcentrum.se\/mark\/success-stories\/lotta-von-braun-von-braun-utbildning-ab\/\" \/>\n<meta property=\"og:locale\" content=\"sv_SE\" \/>\n<meta property=\"og:type\" content=\"article\" \/>\n<meta property=\"og:title\" content=\"Lotta von Braun - von Braun Utbildning AB - Mark\" \/>\n<meta property=\"og:description\" content=\"Lotta von Braun startade sitt bolag mitt under brinnande pandemi. I september 2020 startade Lotta von Braun sitt bolag von Braun utbildning. Hon s\u00e4ljer utbildningar inom bygg och anl\u00e4ggning, s\u00e5 som truck, lift, fallskydd och heta arbeten. Att starta upp ett f\u00f6retag mitt under en pandemi \u00e4r lite speciellt, men trots omv\u00e4rldsvillkoren har hon f\u00e5tt [&hellip;]\" \/>\n<meta property=\"og:url\" content=\"https:\/\/nyforetagarcentrum.se\/mark\/success-stories\/lotta-von-braun-von-braun-utbildning-ab\/\" \/>\n<meta property=\"og:site_name\" content=\"Mark\" \/>\n<meta property=\"article:modified_time\" content=\"2024-04-13T11:36:56+00:00\" \/>\n<meta property=\"og:image\" content=\"https:\/\/nyforetagarcentrum.se\/mark\/wp-content\/uploads\/sites\/36\/2024\/04\/Lotta-von-Braun-m-logo.jpg\" \/>\n\t<meta property=\"og:image:width\" content=\"600\" \/>\n\t<meta property=\"og:image:height\" content=\"950\" \/>\n\t<meta property=\"og:image:type\" content=\"image\/jpeg\" \/>\n<meta name=\"twitter:card\" content=\"summary_large_image\" \/>\n<meta name=\"twitter:label1\" content=\"Ber\u00e4knad l\u00e4stid\" \/>\n\t<meta name=\"twitter:data1\" content=\"1 minut\" \/>\n<script type=\"application\/ld+json\" class=\"yoast-schema-graph\">{\"@context\":\"https:\/\/schema.org\",\"@graph\":[{\"@type\":\"WebPage\",\"@id\":\"https:\/\/nyforetagarcentrum.se\/mark\/success-stories\/lotta-von-braun-von-braun-utbildning-ab\/\",\"url\":\"https:\/\/nyforetagarcentrum.se\/mark\/success-stories\/lotta-von-braun-von-braun-utbildning-ab\/\",\"name\":\"Lotta von Braun - von Braun Utbildning AB - Mark\",\"isPartOf\":{\"@id\":\"https:\/\/nyforetagarcentrum.se\/mark\/#website\"},\"primaryImageOfPage\":{\"@id\":\"https:\/\/nyforetagarcentrum.se\/mark\/success-stories\/lotta-von-braun-von-braun-utbildning-ab\/#primaryimage\"},\"image\":{\"@id\":\"https:\/\/nyforetagarcentrum.se\/mark\/success-stories\/lotta-von-braun-von-braun-utbildning-ab\/#primaryimage\"},\"thumbnailUrl\":\"https:\/\/nyforetagarcentrum.se\/mark\/wp-content\/uploads\/sites\/36\/2024\/04\/Lotta-von-Braun-m-logo.jpg\",\"datePublished\":\"2024-04-13T11:24:55+00:00\",\"dateModified\":\"2024-04-13T11:36:56+00:00\",\"breadcrumb\":{\"@id\":\"https:\/\/nyforetagarcentrum.se\/mark\/success-stories\/lotta-von-braun-von-braun-utbildning-ab\/#breadcrumb\"},\"inLanguage\":\"sv-SE\",\"potentialAction\":[{\"@type\":\"ReadAction\",\"target\":[\"https:\/\/nyforetagarcentrum.se\/mark\/success-stories\/lotta-von-braun-von-braun-utbildning-ab\/\"]}]},{\"@type\":\"ImageObject\",\"inLanguage\":\"sv-SE\",\"@id\":\"https:\/\/nyforetagarcentrum.se\/mark\/success-stories\/lotta-von-braun-von-braun-utbildning-ab\/#primaryimage\",\"url\":\"https:\/\/nyforetagarcentrum.se\/mark\/wp-content\/uploads\/sites\/36\/2024\/04\/Lotta-von-Braun-m-logo.jpg\",\"contentUrl\":\"https:\/\/nyforetagarcentrum.se\/mark\/wp-content\/uploads\/sites\/36\/2024\/04\/Lotta-von-Braun-m-logo.jpg\",\"width\":600,\"height\":950},{\"@type\":\"BreadcrumbList\",\"@id\":\"https:\/\/nyforetagarcentrum.se\/mark\/success-stories\/lotta-von-braun-von-braun-utbildning-ab\/#breadcrumb\",\"itemListElement\":[{\"@type\":\"ListItem\",\"position\":1,\"name\":\"Hem\",\"item\":\"https:\/\/nyforetagarcentrum.se\/mark\/\"},{\"@type\":\"ListItem\",\"position\":2,\"name\":\"Success stories\",\"item\":\"https:\/\/nyforetagarcentrum.se\/mark\/success-stories\/\"},{\"@type\":\"ListItem\",\"position\":3,\"name\":\"Lotta von Braun &#8211; von Braun Utbildning AB\"}]},{\"@type\":\"WebSite\",\"@id\":\"https:\/\/nyforetagarcentrum.se\/mark\/#website\",\"url\":\"https:\/\/nyforetagarcentrum.se\/mark\/\",\"name\":\"Mark\",\"description\":\"Sveriges ledande kraft f\u00f6r fler nya livskraftiga f\u00f6retag\",\"publisher\":{\"@id\":\"https:\/\/nyforetagarcentrum.se\/mark\/#organization\"},\"potentialAction\":[{\"@type\":\"SearchAction\",\"target\":{\"@type\":\"EntryPoint\",\"urlTemplate\":\"https:\/\/nyforetagarcentrum.se\/mark\/?s={search_term_string}\"},\"query-input\":\"required name=search_term_string\"}],\"inLanguage\":\"sv-SE\"},{\"@type\":\"Organization\",\"@id\":\"https:\/\/nyforetagarcentrum.se\/mark\/#organization\",\"name\":\"Mark\",\"url\":\"https:\/\/nyforetagarcentrum.se\/mark\/\",\"logo\":{\"@type\":\"ImageObject\",\"inLanguage\":\"sv-SE\",\"@id\":\"https:\/\/nyforetagarcentrum.se\/mark\/#\/schema\/logo\/image\/\",\"url\":\"https:\/\/nyforetagarcentrum.se\/mark\/wp-content\/uploads\/sites\/36\/2024\/07\/mark_bla.png\",\"contentUrl\":\"https:\/\/nyforetagarcentrum.se\/mark\/wp-content\/uploads\/sites\/36\/2024\/07\/mark_bla.png\",\"width\":870,\"height\":355,\"caption\":\"Mark\"},\"image\":{\"@id\":\"https:\/\/nyforetagarcentrum.se\/mark\/#\/schema\/logo\/image\/\"}}]}<\/script>\n<!-- \/ Yoast SEO plugin. -->","yoast_head_json":{"title":"Lotta von Braun - von Braun Utbildning AB - Mark","robots":{"index":"index","follow":"follow","max-snippet":"max-snippet:-1","max-image-preview":"max-image-preview:large","max-video-preview":"max-video-preview:-1"},"canonical":"https:\/\/nyforetagarcentrum.se\/mark\/success-stories\/lotta-von-braun-von-braun-utbildning-ab\/","og_locale":"sv_SE","og_type":"article","og_title":"Lotta von Braun - von Braun Utbildning AB - Mark","og_description":"Lotta von Braun startade sitt bolag mitt under brinnande pandemi. I september 2020 startade Lotta von Braun sitt bolag von Braun utbildning. Hon s\u00e4ljer utbildningar inom bygg och anl\u00e4ggning, s\u00e5 som truck, lift, fallskydd och heta arbeten. Att starta upp ett f\u00f6retag mitt under en pandemi \u00e4r lite speciellt, men trots omv\u00e4rldsvillkoren har hon f\u00e5tt [&hellip;]","og_url":"https:\/\/nyforetagarcentrum.se\/mark\/success-stories\/lotta-von-braun-von-braun-utbildning-ab\/","og_site_name":"Mark","article_modified_time":"2024-04-13T11:36:56+00:00","og_image":[{"width":600,"height":950,"url":"https:\/\/nyforetagarcentrum.se\/mark\/wp-content\/uploads\/sites\/36\/2024\/04\/Lotta-von-Braun-m-logo.jpg","type":"image\/jpeg"}],"twitter_card":"summary_large_image","twitter_misc":{"Ber\u00e4knad l\u00e4stid":"1 minut"},"schema":{"@context":"https:\/\/schema.org","@graph":[{"@type":"WebPage","@id":"https:\/\/nyforetagarcentrum.se\/mark\/success-stories\/lotta-von-braun-von-braun-utbildning-ab\/","url":"https:\/\/nyforetagarcentrum.se\/mark\/success-stories\/lotta-von-braun-von-braun-utbildning-ab\/","name":"Lotta von Braun - von Braun Utbildning AB - Mark","isPartOf":{"@id":"https:\/\/nyforetagarcentrum.se\/mark\/#website"},"primaryImageOfPage":{"@id":"https:\/\/nyforetagarcentrum.se\/mark\/success-stories\/lotta-von-braun-von-braun-utbildning-ab\/#primaryimage"},"image":{"@id":"https:\/\/nyforetagarcentrum.se\/mark\/success-stories\/lotta-von-braun-von-braun-utbildning-ab\/#primaryimage"},"thumbnailUrl":"https:\/\/nyforetagarcentrum.se\/mark\/wp-content\/uploads\/sites\/36\/2024\/04\/Lotta-von-Braun-m-logo.jpg","datePublished":"2024-04-13T11:24:55+00:00","dateModified":"2024-04-13T11:36:56+00:00","breadcrumb":{"@id":"https:\/\/nyforetagarcentrum.se\/mark\/success-stories\/lotta-von-braun-von-braun-utbildning-ab\/#breadcrumb"},"inLanguage":"sv-SE","potentialAction":[{"@type":"ReadAction","target":["https:\/\/nyforetagarcentrum.se\/mark\/success-stories\/lotta-von-braun-von-braun-utbildning-ab\/"]}]},{"@type":"ImageObject","inLanguage":"sv-SE","@id":"https:\/\/nyforetagarcentrum.se\/mark\/success-stories\/lotta-von-braun-von-braun-utbildning-ab\/#primaryimage","url":"https:\/\/nyforetagarcentrum.se\/mark\/wp-content\/uploads\/sites\/36\/2024\/04\/Lotta-von-Braun-m-logo.jpg","contentUrl":"https:\/\/nyforetagarcentrum.se\/mark\/wp-content\/uploads\/sites\/36\/2024\/04\/Lotta-von-Braun-m-logo.jpg","width":600,"height":950},{"@type":"BreadcrumbList","@id":"https:\/\/nyforetagarcentrum.se\/mark\/success-stories\/lotta-von-braun-von-braun-utbildning-ab\/#breadcrumb","itemListElement":[{"@type":"ListItem","position":1,"name":"Hem","item":"https:\/\/nyforetagarcentrum.se\/mark\/"},{"@type":"ListItem","position":2,"name":"Success stories","item":"https:\/\/nyforetagarcentrum.se\/mark\/success-stories\/"},{"@type":"ListItem","position":3,"name":"Lotta von Braun &#8211; von Braun Utbildning AB"}]},{"@type":"WebSite","@id":"https:\/\/nyforetagarcentrum.se\/mark\/#website","url":"https:\/\/nyforetagarcentrum.se\/mark\/","name":"Mark","description":"Sveriges ledande kraft f\u00f6r fler nya livskraftiga f\u00f6retag","publisher":{"@id":"https:\/\/nyforetagarcentrum.se\/mark\/#organization"},"potentialAction":[{"@type":"SearchAction","target":{"@type":"EntryPoint","urlTemplate":"https:\/\/nyforetagarcentrum.se\/mark\/?s={search_term_string}"},"query-input":"required name=search_term_string"}],"inLanguage":"sv-SE"},{"@type":"Organization","@id":"https:\/\/nyforetagarcentrum.se\/mark\/#organization","name":"Mark","url":"https:\/\/nyforetagarcentrum.se\/mark\/","logo":{"@type":"ImageObject","inLanguage":"sv-SE","@id":"https:\/\/nyforetagarcentrum.se\/mark\/#\/schema\/logo\/image\/","url":"https:\/\/nyforetagarcentrum.se\/mark\/wp-content\/uploads\/sites\/36\/2024\/07\/mark_bla.png","contentUrl":"https:\/\/nyforetagarcentrum.se\/mark\/wp-content\/uploads\/sites\/36\/2024\/07\/mark_bla.png","width":870,"height":355,"caption":"Mark"},"image":{"@id":"https:\/\/nyforetagarcentrum.se\/mark\/#\/schema\/logo\/image\/"}}]}},"_links":{"self":[{"href":"https:\/\/nyforetagarcentrum.se\/mark\/wp-json\/wp\/v2\/story\/368"}],"collection":[{"href":"https:\/\/nyforetagarcentrum.se\/mark\/wp-json\/wp\/v2\/story"}],"about":[{"href":"https:\/\/nyforetagarcentrum.se\/mark\/wp-json\/wp\/v2\/types\/story"}],"version-history":[{"count":2,"href":"https:\/\/nyforetagarcentrum.se\/mark\/wp-json\/wp\/v2\/story\/368\/revisions"}],"predecessor-version":[{"id":372,"href":"https:\/\/nyforetagarcentrum.se\/mark\/wp-json\/wp\/v2\/story\/368\/revisions\/372"}],"wp:featuredmedia":[{"embeddable":true,"href":"https:\/\/nyforetagarcentrum.se\/mark\/wp-json\/wp\/v2\/media\/371"}],"wp:attachment":[{"href":"https:\/\/nyforetagarcentrum.se\/mark\/wp-json\/wp\/v2\/media?parent=368"}],"wp:term":[{"taxonomy":"story_category","embeddable":true,"href":"https:\/\/nyforetagarcentrum.se\/mark\/wp-json\/wp\/v2\/story_category?post=368"}],"curies":[{"name":"wp","href":"https:\/\/api.w.org\/{rel}","templated":true}]}}