{"id":465,"date":"2024-04-14T15:55:00","date_gmt":"2024-04-14T13:55:00","guid":{"rendered":"https:\/\/nyforetagarcentrum.se\/mark\/?p=465"},"modified":"2024-04-15T13:04:57","modified_gmt":"2024-04-15T11:04:57","slug":"ditt-foretagsnamn-och-din-hemsida","status":"publish","type":"post","link":"https:\/\/nyforetagarcentrum.se\/mark\/ditt-foretagsnamn-och-din-hemsida\/","title":{"rendered":"Ditt f\u00f6retagsnamn och din hemsida"},"content":{"rendered":"\n<div class=\"wp-block-columns is-layout-flex wp-container-core-columns-is-layout-2 wp-block-columns-is-layout-flex\">\n<div class=\"wp-block-column is-layout-flow wp-block-column-is-layout-flow\" style=\"flex-basis:66.66%\">\n<p>Ja, det finns de som beskriver val av f\u00f6retagsnamn och hemsida som det sv\u00e5raste att best\u00e4mma n\u00e4r man startar f\u00f6retag, och jag \u00e4r lite ben\u00e4gen att h\u00e5lla med. Och det m\u00e5ste ju bli r\u00e4tt fr\u00e5n b\u00f6rjan.&nbsp;<\/p>\n\n\n\n<p>Eller\u2026?<\/p>\n\n\n\n<h3 class=\"wp-block-heading\">Landa \u2013 g\u00f6r om \u2013 k\u00e4nn efter \u2013 och l\u00e5t det mogna!<\/h3>\n\n\n\n<p>Hemsideverkstaden \u00e4r faktiskt tredje namnet jag \u201dseglar under\u201d n\u00e4r det g\u00e4ller mitt hemsidebyggande. Jag \u201dfick\u201d det av en bekant fr\u00e5n en kurs och det talade till mig redan fr\u00e5n f\u00f6rsta stund. Skulle jag v\u00e4ntat tills uppenbarelsen kom?&nbsp;<\/p>\n\n\n\n<p>D\u00e5 hade jag f\u00e5tt v\u00e4nta flera \u00e5r innan jag skulle startat ig\u00e5ng. Hur hade det slutat d\u00e5?<\/p>\n\n\n\n<p>Nu b\u00f6rjade jag ist\u00e4llet bygga hemsidor under ett annat namn, p\u00e5 en annan dom\u00e4n, med en annan logotyp.&nbsp;<\/p>\n\n\n\n<p>Men det k\u00e4ndes inte helt bra, s\u00e5 jag f\u00f6rs\u00f6kte med ett annat namn, en annan dom\u00e4n och en annan logotyp.<\/p>\n\n\n\n<p>Det tog helt enkelt tid innan jag hittade r\u00e4tt i mitt eget grafiska uttryck, och innan jag hittade riktigt hem p\u00e5 webben, men kontentan av det hela \u00e4r att&nbsp;<strong>det \u00e4r ok att \u00e4ndra sig l\u00e4ngs v\u00e4gen<\/strong>, och&nbsp;<strong>det \u00e4r ok att byta<\/strong>!<\/p>\n\n\n\n<p>Vad jag absolut vill trycka p\u00e5 \u00e4r dock att alltid,&nbsp;<strong>alltid<\/strong>,&nbsp;<strong>ALLTID<\/strong>&nbsp;s\u00e4kra din dom\u00e4n. Och detta innan registreringen av ditt bolag g\u00e5tt igenom p\u00e5 Bolagsverket! Helst innan du ens skickat in dit!!!<\/p>\n\n\n\n<p>\u201dVad menar hon nu?\u201d<\/p>\n\n\n\n<p>Jag ska f\u00f6rklara.&nbsp;<\/p>\n\n\n\n<p>S\u00e4g att du ska jobba med att klippa katter i ditt f\u00f6retag. Du f\u00f6rst\u00e5r att du beh\u00f6ver en hemsida, men vad ska f\u00f6retaget heta? Du skickar in n\u00e5gra namnf\u00f6rslag till Bolagsverket och tv\u00e5 av dem gillar du skarpt och vill nog f\u00f6rs\u00f6ka f\u00e5 igenom dessa. I v\u00e5rt exempel \u00e4r dessa Kattklipperian och Kattklippet. (Eftersom Bolagsverket inte gillar f\u00f6r generella namn l\u00e4mnar du d\u00e4rf\u00f6r in Kattklipperian i Mark och Kattklippet i Mark ocks\u00e5.)<\/p>\n\n\n\n<p>S\u00e5. Hur ser det ut p\u00e5 dom\u00e4nfronten.<\/p>\n\n\n\n<p>B\u00e4sta \u00e4r att v\u00e4lja r\u00e4tt webbhotell fr\u00e5n b\u00f6rjan, och jag har ju s\u00e5klart mina favoriter, men motiveringarna till dessa l\u00e4mnar vi till ett annat inl\u00e4gg.&nbsp;<\/p>\n\n\n\n<p>Bes\u00f6k&nbsp;<strong><a href=\"https:\/\/www.oderland.se\/clients\/aff.php?aff=727\" target=\"_blank\" rel=\"noreferrer noopener\">Oderland.se<\/a><\/strong>&nbsp;och titta i menyn under \u201dFler tj\u00e4nster\u201d, d\u00e4r hittar du dom\u00e4ner. D\u00e4r skriver du in ordet kattklipperian. Bara det. Inget www eller .se. Utel\u00e4mnar du toppdom\u00e4nen f\u00e5r du upp alla toppdom\u00e4ner webbhotellet saluf\u00f6r och kan v\u00e4lja och vraka, om .se \u00e4r upptaget finns det ju idag en uppsj\u00f6 av toppdom\u00e4ner \u2013 l\u00e5ngt m\u00e5nga fler \u00e4n bara de nationsbundna, vad s\u00e4gs om .shop eller .design?<\/p>\n\n\n\n<p>Nationsbundna toppdom\u00e4ner kostar ofta runt 150 \u2013 200 kr, de lite mer speciella kan kosta bra mycket mer, men kan ju \u00e4nd\u00e5 vara en god investering n\u00e4r man ska bygga ett varum\u00e4rke.<\/p>\n\n\n\n<p>Finns ditt namn.se ledigt? Bra! Ta det d\u00e5! Nu! Innan n\u00e5gon annan g\u00f6r det\u2026! JA, innan Bolagsverket sagt ja till ditt namn. Om man tittar p\u00e5 v\u00e5ra exempel h\u00e4r s\u00e5 finns (i skrivande stund) kattklipperian.se ledigt s\u00e5 den l\u00e4gger vi i varukorgen.<\/p>\n\n\n\n<p>kattklippet.se har dock n\u00e5gon annan tagit, d\u00e4remot finns kattklippet.nu och kattklippet.com (bland annat). H\u00e4r kanske vi har lite sv\u00e5rt att best\u00e4mma oss, s\u00e5 vi v\u00e4ljer helt enkelt b\u00e5de .nu-adressen och .com.<\/p>\n\n\n\n<p>D\u00e5 har vi tre dom\u00e4ner som vi betalar en \u00e5rskostnad f\u00f6r, vi har s\u00e4krat v\u00e5ra olika \u201darbetsnamn\u201d och nu spelar det inte s\u00e5 stor roll vilket namn Bolagsverket s\u00e4ger ja till, f\u00f6r du har s\u00e4krat din webbadress.<\/p>\n\n\n\n<p>En annan sak du f\u00f6rs\u00e4krat dig om \u00e4r att n\u00e4r Bolagsverket v\u00e4l godk\u00e4nner exempelvis Kattklipperian i Mark, och alla dom\u00e4nhajar \u00e4r p\u00e5 hugget f\u00f6r att snika till sig \u201ddin dom\u00e4n\u201d och sedan s\u00e4lja den till dig f\u00f6r dyyyyyyra pengar, \u00e4r att du ju redan har din dom\u00e4n. S\u00e5 de kan vilja s\u00e4lja vilken dom\u00e4n som helst till dig, du sitter ju n\u00f6jd med dina tre dom\u00e4ner \u2013 och tro mig n\u00e4r jag s\u00e4ger att du har gjort en klok prioritering med dessa hundralappar. Dessutom kanske du bara vill beh\u00e5lla en utav dem, och d\u00e5 kan du avsluta f\u00f6rnyelsen av de andra tv\u00e5.<\/p>\n\n\n\n<h3 class=\"wp-block-heading\">N\u00e4sta steg<\/h3>\n\n\n\n<p>N\u00e4sta steg \u00e4r att se till att du har resten av din \u201dwebbvaro\u201d p\u00e5 plats. Du b\u00f6r sk\u00f6ta din mejlkommunikation fr\u00e5n en egen mejladress och inte \u201dditt.foretag@gmail.com\u201d \u2013 varf\u00f6r kommunicera ut n\u00e5gon annans varum\u00e4rke?<\/p>\n\n\n\n<p>Det h\u00e4r \u00e4r det minsta (anser jag). Och satsa n\u00e5gon hundralapp eller tv\u00e5 om du har m\u00f6jlighet \u00e4ven innan allt \u00e4r klart s\u00e5 \u00e4r du redo f\u00f6r att pumpa ut ditt varum\u00e4rke i alla sammanhang!<\/p>\n<\/div>\n\n\n\n<div class=\"wp-block-column is-layout-flow wp-block-column-is-layout-flow\" style=\"flex-basis:33.33%\">\n<h2 class=\"wp-block-heading\">Erbjudandet<\/h2>\n\n\n\n<p>\u00c4r du os\u00e4ker p\u00e5 webbrelaterade fr\u00e5gor s\u00e5 tveka inte att ta kontakt!<\/p>\n\n\n\n<p>Jag bjuder alla som f\u00e5r r\u00e5dgivning via Nyf\u00f6retagarCentrum Mark p\u00e5 en timmes gratis r\u00e5dgivning kring webbhotell, dom\u00e4ner och s\u00e5 vidare. Vill du sedan anlita mig till n\u00e5got mer f\u00e5r du rabatt p\u00e5 timpriset.&nbsp;<\/p>\n\n\n\n<ul>\n<li><a href=\"tel:+46727905000\"><br>Ring\/sms: 0727-90 50 00<\/a><\/li>\n\n\n\n<li><a href=\"mailto:veronika.berg@hemsideverkstaden.se\">veronika.berg@hemsideverkstaden.se<\/a><\/li>\n<\/ul>\n\n\n\n<p>Bes\u00f6k:<br>Skjutsgatan 2c<br>511 54 Kinna<\/p>\n\n\n\n<h2 class=\"wp-block-heading\">Om v\u00e5r samarbetspartner<\/h2>\n\n\n\n<div class=\"wp-block-columns is-layout-flex wp-container-core-columns-is-layout-1 wp-block-columns-is-layout-flex\">\n<div class=\"wp-block-column is-layout-flow wp-block-column-is-layout-flow\">\n<figure class=\"wp-block-image size-full\"><img loading=\"lazy\" decoding=\"async\" width=\"869\" height=\"600\" src=\"https:\/\/nyforetagarcentrum.se\/mark\/wp-content\/uploads\/sites\/36\/2024\/04\/hemsideverkstaden-nyforetagarcentrum.jpg\" alt=\"\" class=\"wp-image-469\" srcset=\"https:\/\/nyforetagarcentrum.se\/mark\/wp-content\/uploads\/sites\/36\/2024\/04\/hemsideverkstaden-nyforetagarcentrum.jpg 869w, https:\/\/nyforetagarcentrum.se\/mark\/wp-content\/uploads\/sites\/36\/2024\/04\/hemsideverkstaden-nyforetagarcentrum-300x207.jpg 300w, https:\/\/nyforetagarcentrum.se\/mark\/wp-content\/uploads\/sites\/36\/2024\/04\/hemsideverkstaden-nyforetagarcentrum-768x530.jpg 768w\" sizes=\"(max-width: 869px) 100vw, 869px\" \/><\/figure>\n<\/div>\n\n\n\n<div class=\"wp-block-column is-layout-flow wp-block-column-is-layout-flow\">\n<figure class=\"wp-block-image size-full\"><img loading=\"lazy\" decoding=\"async\" width=\"800\" height=\"800\" src=\"https:\/\/nyforetagarcentrum.se\/mark\/wp-content\/uploads\/sites\/36\/2024\/04\/Veronika-Berg.jpg\" alt=\"\" class=\"wp-image-403\" srcset=\"https:\/\/nyforetagarcentrum.se\/mark\/wp-content\/uploads\/sites\/36\/2024\/04\/Veronika-Berg.jpg 800w, https:\/\/nyforetagarcentrum.se\/mark\/wp-content\/uploads\/sites\/36\/2024\/04\/Veronika-Berg-300x300.jpg 300w, https:\/\/nyforetagarcentrum.se\/mark\/wp-content\/uploads\/sites\/36\/2024\/04\/Veronika-Berg-150x150.jpg 150w, https:\/\/nyforetagarcentrum.se\/mark\/wp-content\/uploads\/sites\/36\/2024\/04\/Veronika-Berg-768x768.jpg 768w\" sizes=\"(max-width: 800px) 100vw, 800px\" \/><\/figure>\n<\/div>\n<\/div>\n\n\n\n<p>Veronika Berg driver Hemsideverkstaden i Mark, och har varit med oss p\u00e5 Nyf\u00f6retagarCentrum Mark sedan starten. Ut\u00f6ver att vara en samarbetspartner har hon ocks\u00e5 uppdraget som sammankallande i valberedningen.<\/p>\n\n\n\n<p>Om varf\u00f6r hon valt att st\u00f6tta Nyf\u00f6retagarCentrum Mark s\u00e4ger hon s\u00e5h\u00e4r:<\/p>\n\n\n\n<p>Jag vet att vi i v\u00e5r direkta n\u00e4rhet har m\u00e4ngder av m\u00e4nniskor med kompetens, f\u00e4rdigheter och driv. Och jag vill att varje m\u00e4nniska ska f\u00e5 lov att utforma sitt liv s\u00e5 som hon\/han\/hen vill ha det! En del trivs med att vara anst\u00e4llda, andra har en kraft inom sig att skapa n\u00e5got eget. B\u00e5da s\u00e4tten \u00e4r lika bra, men att skapa n\u00e5got eget kan vara lite knixigare i b\u00f6rjan eftersom man d\u00e5 ska generera sin egen l\u00f6n p\u00e5 ett annat s\u00e4tt.<br>N\u00e4r jag startade f\u00f6rs\u00f6kte jag f\u00e5 kontakt med Nyf\u00f6retagarCentrum, d\u00e5 endast representerade i Bor\u00e5s, vilket slutade mindre lyckligt.<br>N\u00e4r nu Nyf\u00f6retagarCentrum skulle etablera sig i Mark h\u00f6rde jag av mig och ville vara med och hj\u00e4lpa till &#8211; och lite se till att det g\u00e5r r\u00e4tt till\u2026 \ud83d\ude09<br>Det \u00e4r med 100% trygg f\u00f6rvissning om att de som bokar r\u00e5dgivning f\u00e5r b\u00e4sta t\u00e4nkbara hj\u00e4lp jag med gl\u00e4dje skickar aspirerande f\u00f6retagare till Nyf\u00f6retagarCentrum Mark!<\/p>\n\n\n\n<p class=\"has-text-align-right\">&#8211; Veronika Berg<\/p>\n<\/div>\n<\/div>\n\n\n\n<div class=\"wp-block-columns is-layout-flex wp-container-core-columns-is-layout-3 wp-block-columns-is-layout-flex\">\n<div class=\"wp-block-column is-layout-flow wp-block-column-is-layout-flow\" style=\"flex-basis:33.33%\">\n<figure class=\"wp-block-image size-full\"><img loading=\"lazy\" decoding=\"async\" width=\"125\" height=\"125\" src=\"https:\/\/nyforetagarcentrum.se\/mark\/wp-content\/uploads\/sites\/36\/2024\/04\/vid-tangenterna.png\" alt=\"\" class=\"wp-image-522\" \/><\/figure>\n<\/div>\n\n\n\n<div class=\"wp-block-column is-layout-flow wp-block-column-is-layout-flow\" style=\"flex-basis:66.66%\">\n<h2 class=\"wp-block-heading\">Vid tangenterna<\/h2>\n\n\n\n<p>Detta inl\u00e4gg \u00e4r f\u00f6rfattat av Veronika Berg som skriver utifr\u00e5n egna erfarenheter, med fokus p\u00e5 vilka tj\u00e4nster v\u00e5ra samarbetspartners erbjuder.<br><a href=\"https:\/\/nfcmark.se\/samarbetspartners\/#bli-partner\">Du kan ocks\u00e5 bli samarbetspartner till Nyf\u00f6retagarCentrum Mark!<\/a>\u00a0En v\u00e4lg\u00e4rning med CSR-perspektiv.<\/p>\n<\/div>\n<\/div>\n","protected":false},"excerpt":{"rendered":"<p>Ja, det finns de som beskriver val av f\u00f6retagsnamn och hemsida som det sv\u00e5raste att best\u00e4mma n\u00e4r man startar f\u00f6retag, och jag \u00e4r lite ben\u00e4gen att h\u00e5lla med. Och det m\u00e5ste ju bli r\u00e4tt fr\u00e5n b\u00f6rjan.&nbsp; Eller\u2026? Landa \u2013 g\u00f6r om \u2013 k\u00e4nn efter \u2013 och l\u00e5t det mogna! Hemsideverkstaden \u00e4r faktiskt tredje namnet jag [&hellip;]<\/p>\n","protected":false},"author":44,"featured_media":467,"comment_status":"open","ping_status":"open","sticky":false,"template":"","format":"standard","meta":{"footnotes":""},"categories":[13,14],"tags":[],"acf":[],"yoast_head":"<!-- This site is optimized with the Yoast SEO plugin v22.9 - https:\/\/yoast.com\/wordpress\/plugins\/seo\/ -->\n<title>Ditt f\u00f6retagsnamn och din hemsida - Mark<\/title>\n<meta name=\"robots\" content=\"index, follow, max-snippet:-1, max-image-preview:large, max-video-preview:-1\" \/>\n<link rel=\"canonical\" href=\"https:\/\/nyforetagarcentrum.se\/mark\/ditt-foretagsnamn-och-din-hemsida\/\" \/>\n<meta property=\"og:locale\" content=\"sv_SE\" \/>\n<meta property=\"og:type\" content=\"article\" \/>\n<meta property=\"og:title\" content=\"Ditt f\u00f6retagsnamn och din hemsida - Mark\" \/>\n<meta property=\"og:description\" content=\"Ja, det finns de som beskriver val av f\u00f6retagsnamn och hemsida som det sv\u00e5raste att best\u00e4mma n\u00e4r man startar f\u00f6retag, och jag \u00e4r lite ben\u00e4gen att h\u00e5lla med. Och det m\u00e5ste ju bli r\u00e4tt fr\u00e5n b\u00f6rjan.&nbsp; Eller\u2026? Landa \u2013 g\u00f6r om \u2013 k\u00e4nn efter \u2013 och l\u00e5t det mogna! Hemsideverkstaden \u00e4r faktiskt tredje namnet jag [&hellip;]\" \/>\n<meta property=\"og:url\" content=\"https:\/\/nyforetagarcentrum.se\/mark\/ditt-foretagsnamn-och-din-hemsida\/\" \/>\n<meta property=\"og:site_name\" content=\"Mark\" \/>\n<meta property=\"article:published_time\" content=\"2024-04-14T13:55:00+00:00\" \/>\n<meta property=\"article:modified_time\" content=\"2024-04-15T11:04:57+00:00\" \/>\n<meta property=\"og:image\" content=\"https:\/\/nyforetagarcentrum.se\/mark\/wp-content\/uploads\/sites\/36\/2024\/04\/blogg-namn-hemsida.jpg\" \/>\n\t<meta property=\"og:image:width\" content=\"1920\" \/>\n\t<meta property=\"og:image:height\" content=\"1282\" \/>\n\t<meta property=\"og:image:type\" content=\"image\/jpeg\" \/>\n<meta name=\"author\" content=\"mark\" \/>\n<meta name=\"twitter:card\" content=\"summary_large_image\" \/>\n<meta name=\"twitter:label1\" content=\"Skriven av\" \/>\n\t<meta name=\"twitter:data1\" content=\"mark\" \/>\n\t<meta name=\"twitter:label2\" content=\"Ber\u00e4knad l\u00e4stid\" \/>\n\t<meta name=\"twitter:data2\" content=\"6 minuter\" \/>\n<script type=\"application\/ld+json\" class=\"yoast-schema-graph\">{\"@context\":\"https:\/\/schema.org\",\"@graph\":[{\"@type\":\"Article\",\"@id\":\"https:\/\/nyforetagarcentrum.se\/mark\/ditt-foretagsnamn-och-din-hemsida\/#article\",\"isPartOf\":{\"@id\":\"https:\/\/nyforetagarcentrum.se\/mark\/ditt-foretagsnamn-och-din-hemsida\/\"},\"author\":{\"name\":\"mark\",\"@id\":\"https:\/\/nyforetagarcentrum.se\/mark\/#\/schema\/person\/4d0b3315a05d41c5c739125ee654cc1e\"},\"headline\":\"Ditt f\u00f6retagsnamn och din hemsida\",\"datePublished\":\"2024-04-14T13:55:00+00:00\",\"dateModified\":\"2024-04-15T11:04:57+00:00\",\"mainEntityOfPage\":{\"@id\":\"https:\/\/nyforetagarcentrum.se\/mark\/ditt-foretagsnamn-och-din-hemsida\/\"},\"wordCount\":1168,\"commentCount\":0,\"publisher\":{\"@id\":\"https:\/\/nyforetagarcentrum.se\/mark\/#organization\"},\"image\":{\"@id\":\"https:\/\/nyforetagarcentrum.se\/mark\/ditt-foretagsnamn-och-din-hemsida\/#primaryimage\"},\"thumbnailUrl\":\"https:\/\/nyforetagarcentrum.se\/mark\/wp-content\/uploads\/sites\/36\/2024\/04\/blogg-namn-hemsida.jpg\",\"articleSection\":[\"Samarbetspartner\",\"Tankar inf\u00f6r en f\u00f6retagsstart\"],\"inLanguage\":\"sv-SE\",\"potentialAction\":[{\"@type\":\"CommentAction\",\"name\":\"Comment\",\"target\":[\"https:\/\/nyforetagarcentrum.se\/mark\/ditt-foretagsnamn-och-din-hemsida\/#respond\"]}]},{\"@type\":\"WebPage\",\"@id\":\"https:\/\/nyforetagarcentrum.se\/mark\/ditt-foretagsnamn-och-din-hemsida\/\",\"url\":\"https:\/\/nyforetagarcentrum.se\/mark\/ditt-foretagsnamn-och-din-hemsida\/\",\"name\":\"Ditt f\u00f6retagsnamn och din hemsida - Mark\",\"isPartOf\":{\"@id\":\"https:\/\/nyforetagarcentrum.se\/mark\/#website\"},\"primaryImageOfPage\":{\"@id\":\"https:\/\/nyforetagarcentrum.se\/mark\/ditt-foretagsnamn-och-din-hemsida\/#primaryimage\"},\"image\":{\"@id\":\"https:\/\/nyforetagarcentrum.se\/mark\/ditt-foretagsnamn-och-din-hemsida\/#primaryimage\"},\"thumbnailUrl\":\"https:\/\/nyforetagarcentrum.se\/mark\/wp-content\/uploads\/sites\/36\/2024\/04\/blogg-namn-hemsida.jpg\",\"datePublished\":\"2024-04-14T13:55:00+00:00\",\"dateModified\":\"2024-04-15T11:04:57+00:00\",\"breadcrumb\":{\"@id\":\"https:\/\/nyforetagarcentrum.se\/mark\/ditt-foretagsnamn-och-din-hemsida\/#breadcrumb\"},\"inLanguage\":\"sv-SE\",\"potentialAction\":[{\"@type\":\"ReadAction\",\"target\":[\"https:\/\/nyforetagarcentrum.se\/mark\/ditt-foretagsnamn-och-din-hemsida\/\"]}]},{\"@type\":\"ImageObject\",\"inLanguage\":\"sv-SE\",\"@id\":\"https:\/\/nyforetagarcentrum.se\/mark\/ditt-foretagsnamn-och-din-hemsida\/#primaryimage\",\"url\":\"https:\/\/nyforetagarcentrum.se\/mark\/wp-content\/uploads\/sites\/36\/2024\/04\/blogg-namn-hemsida.jpg\",\"contentUrl\":\"https:\/\/nyforetagarcentrum.se\/mark\/wp-content\/uploads\/sites\/36\/2024\/04\/blogg-namn-hemsida.jpg\",\"width\":1920,\"height\":1282},{\"@type\":\"BreadcrumbList\",\"@id\":\"https:\/\/nyforetagarcentrum.se\/mark\/ditt-foretagsnamn-och-din-hemsida\/#breadcrumb\",\"itemListElement\":[{\"@type\":\"ListItem\",\"position\":1,\"name\":\"Hem\",\"item\":\"https:\/\/nyforetagarcentrum.se\/mark\/\"},{\"@type\":\"ListItem\",\"position\":2,\"name\":\"Ditt f\u00f6retagsnamn och din hemsida\"}]},{\"@type\":\"WebSite\",\"@id\":\"https:\/\/nyforetagarcentrum.se\/mark\/#website\",\"url\":\"https:\/\/nyforetagarcentrum.se\/mark\/\",\"name\":\"Mark\",\"description\":\"Sveriges ledande kraft f\u00f6r fler nya livskraftiga f\u00f6retag\",\"publisher\":{\"@id\":\"https:\/\/nyforetagarcentrum.se\/mark\/#organization\"},\"potentialAction\":[{\"@type\":\"SearchAction\",\"target\":{\"@type\":\"EntryPoint\",\"urlTemplate\":\"https:\/\/nyforetagarcentrum.se\/mark\/?s={search_term_string}\"},\"query-input\":\"required name=search_term_string\"}],\"inLanguage\":\"sv-SE\"},{\"@type\":\"Organization\",\"@id\":\"https:\/\/nyforetagarcentrum.se\/mark\/#organization\",\"name\":\"Mark\",\"url\":\"https:\/\/nyforetagarcentrum.se\/mark\/\",\"logo\":{\"@type\":\"ImageObject\",\"inLanguage\":\"sv-SE\",\"@id\":\"https:\/\/nyforetagarcentrum.se\/mark\/#\/schema\/logo\/image\/\",\"url\":\"https:\/\/nyforetagarcentrum.se\/mark\/wp-content\/uploads\/sites\/36\/2024\/07\/mark_bla.png\",\"contentUrl\":\"https:\/\/nyforetagarcentrum.se\/mark\/wp-content\/uploads\/sites\/36\/2024\/07\/mark_bla.png\",\"width\":870,\"height\":355,\"caption\":\"Mark\"},\"image\":{\"@id\":\"https:\/\/nyforetagarcentrum.se\/mark\/#\/schema\/logo\/image\/\"}},{\"@type\":\"Person\",\"@id\":\"https:\/\/nyforetagarcentrum.se\/mark\/#\/schema\/person\/4d0b3315a05d41c5c739125ee654cc1e\",\"name\":\"mark\",\"image\":{\"@type\":\"ImageObject\",\"inLanguage\":\"sv-SE\",\"@id\":\"https:\/\/nyforetagarcentrum.se\/mark\/#\/schema\/person\/image\/\",\"url\":\"https:\/\/secure.gravatar.com\/avatar\/979afa994a9ea86f056da7408750380e?s=96&d=mm&r=g\",\"contentUrl\":\"https:\/\/secure.gravatar.com\/avatar\/979afa994a9ea86f056da7408750380e?s=96&d=mm&r=g\",\"caption\":\"mark\"},\"url\":\"https:\/\/nyforetagarcentrum.se\/mark\/author\/mark\/\"}]}<\/script>\n<!-- \/ Yoast SEO plugin. -->","yoast_head_json":{"title":"Ditt f\u00f6retagsnamn och din hemsida - Mark","robots":{"index":"index","follow":"follow","max-snippet":"max-snippet:-1","max-image-preview":"max-image-preview:large","max-video-preview":"max-video-preview:-1"},"canonical":"https:\/\/nyforetagarcentrum.se\/mark\/ditt-foretagsnamn-och-din-hemsida\/","og_locale":"sv_SE","og_type":"article","og_title":"Ditt f\u00f6retagsnamn och din hemsida - Mark","og_description":"Ja, det finns de som beskriver val av f\u00f6retagsnamn och hemsida som det sv\u00e5raste att best\u00e4mma n\u00e4r man startar f\u00f6retag, och jag \u00e4r lite ben\u00e4gen att h\u00e5lla med. Och det m\u00e5ste ju bli r\u00e4tt fr\u00e5n b\u00f6rjan.&nbsp; Eller\u2026? Landa \u2013 g\u00f6r om \u2013 k\u00e4nn efter \u2013 och l\u00e5t det mogna! Hemsideverkstaden \u00e4r faktiskt tredje namnet jag [&hellip;]","og_url":"https:\/\/nyforetagarcentrum.se\/mark\/ditt-foretagsnamn-och-din-hemsida\/","og_site_name":"Mark","article_published_time":"2024-04-14T13:55:00+00:00","article_modified_time":"2024-04-15T11:04:57+00:00","og_image":[{"width":1920,"height":1282,"url":"https:\/\/nyforetagarcentrum.se\/mark\/wp-content\/uploads\/sites\/36\/2024\/04\/blogg-namn-hemsida.jpg","type":"image\/jpeg"}],"author":"mark","twitter_card":"summary_large_image","twitter_misc":{"Skriven av":"mark","Ber\u00e4knad l\u00e4stid":"6 minuter"},"schema":{"@context":"https:\/\/schema.org","@graph":[{"@type":"Article","@id":"https:\/\/nyforetagarcentrum.se\/mark\/ditt-foretagsnamn-och-din-hemsida\/#article","isPartOf":{"@id":"https:\/\/nyforetagarcentrum.se\/mark\/ditt-foretagsnamn-och-din-hemsida\/"},"author":{"name":"mark","@id":"https:\/\/nyforetagarcentrum.se\/mark\/#\/schema\/person\/4d0b3315a05d41c5c739125ee654cc1e"},"headline":"Ditt f\u00f6retagsnamn och din hemsida","datePublished":"2024-04-14T13:55:00+00:00","dateModified":"2024-04-15T11:04:57+00:00","mainEntityOfPage":{"@id":"https:\/\/nyforetagarcentrum.se\/mark\/ditt-foretagsnamn-och-din-hemsida\/"},"wordCount":1168,"commentCount":0,"publisher":{"@id":"https:\/\/nyforetagarcentrum.se\/mark\/#organization"},"image":{"@id":"https:\/\/nyforetagarcentrum.se\/mark\/ditt-foretagsnamn-och-din-hemsida\/#primaryimage"},"thumbnailUrl":"https:\/\/nyforetagarcentrum.se\/mark\/wp-content\/uploads\/sites\/36\/2024\/04\/blogg-namn-hemsida.jpg","articleSection":["Samarbetspartner","Tankar inf\u00f6r en f\u00f6retagsstart"],"inLanguage":"sv-SE","potentialAction":[{"@type":"CommentAction","name":"Comment","target":["https:\/\/nyforetagarcentrum.se\/mark\/ditt-foretagsnamn-och-din-hemsida\/#respond"]}]},{"@type":"WebPage","@id":"https:\/\/nyforetagarcentrum.se\/mark\/ditt-foretagsnamn-och-din-hemsida\/","url":"https:\/\/nyforetagarcentrum.se\/mark\/ditt-foretagsnamn-och-din-hemsida\/","name":"Ditt f\u00f6retagsnamn och din hemsida - Mark","isPartOf":{"@id":"https:\/\/nyforetagarcentrum.se\/mark\/#website"},"primaryImageOfPage":{"@id":"https:\/\/nyforetagarcentrum.se\/mark\/ditt-foretagsnamn-och-din-hemsida\/#primaryimage"},"image":{"@id":"https:\/\/nyforetagarcentrum.se\/mark\/ditt-foretagsnamn-och-din-hemsida\/#primaryimage"},"thumbnailUrl":"https:\/\/nyforetagarcentrum.se\/mark\/wp-content\/uploads\/sites\/36\/2024\/04\/blogg-namn-hemsida.jpg","datePublished":"2024-04-14T13:55:00+00:00","dateModified":"2024-04-15T11:04:57+00:00","breadcrumb":{"@id":"https:\/\/nyforetagarcentrum.se\/mark\/ditt-foretagsnamn-och-din-hemsida\/#breadcrumb"},"inLanguage":"sv-SE","potentialAction":[{"@type":"ReadAction","target":["https:\/\/nyforetagarcentrum.se\/mark\/ditt-foretagsnamn-och-din-hemsida\/"]}]},{"@type":"ImageObject","inLanguage":"sv-SE","@id":"https:\/\/nyforetagarcentrum.se\/mark\/ditt-foretagsnamn-och-din-hemsida\/#primaryimage","url":"https:\/\/nyforetagarcentrum.se\/mark\/wp-content\/uploads\/sites\/36\/2024\/04\/blogg-namn-hemsida.jpg","contentUrl":"https:\/\/nyforetagarcentrum.se\/mark\/wp-content\/uploads\/sites\/36\/2024\/04\/blogg-namn-hemsida.jpg","width":1920,"height":1282},{"@type":"BreadcrumbList","@id":"https:\/\/nyforetagarcentrum.se\/mark\/ditt-foretagsnamn-och-din-hemsida\/#breadcrumb","itemListElement":[{"@type":"ListItem","position":1,"name":"Hem","item":"https:\/\/nyforetagarcentrum.se\/mark\/"},{"@type":"ListItem","position":2,"name":"Ditt f\u00f6retagsnamn och din hemsida"}]},{"@type":"WebSite","@id":"https:\/\/nyforetagarcentrum.se\/mark\/#website","url":"https:\/\/nyforetagarcentrum.se\/mark\/","name":"Mark","description":"Sveriges ledande kraft f\u00f6r fler nya livskraftiga f\u00f6retag","publisher":{"@id":"https:\/\/nyforetagarcentrum.se\/mark\/#organization"},"potentialAction":[{"@type":"SearchAction","target":{"@type":"EntryPoint","urlTemplate":"https:\/\/nyforetagarcentrum.se\/mark\/?s={search_term_string}"},"query-input":"required name=search_term_string"}],"inLanguage":"sv-SE"},{"@type":"Organization","@id":"https:\/\/nyforetagarcentrum.se\/mark\/#organization","name":"Mark","url":"https:\/\/nyforetagarcentrum.se\/mark\/","logo":{"@type":"ImageObject","inLanguage":"sv-SE","@id":"https:\/\/nyforetagarcentrum.se\/mark\/#\/schema\/logo\/image\/","url":"https:\/\/nyforetagarcentrum.se\/mark\/wp-content\/uploads\/sites\/36\/2024\/07\/mark_bla.png","contentUrl":"https:\/\/nyforetagarcentrum.se\/mark\/wp-content\/uploads\/sites\/36\/2024\/07\/mark_bla.png","width":870,"height":355,"caption":"Mark"},"image":{"@id":"https:\/\/nyforetagarcentrum.se\/mark\/#\/schema\/logo\/image\/"}},{"@type":"Person","@id":"https:\/\/nyforetagarcentrum.se\/mark\/#\/schema\/person\/4d0b3315a05d41c5c739125ee654cc1e","name":"mark","image":{"@type":"ImageObject","inLanguage":"sv-SE","@id":"https:\/\/nyforetagarcentrum.se\/mark\/#\/schema\/person\/image\/","url":"https:\/\/secure.gravatar.com\/avatar\/979afa994a9ea86f056da7408750380e?s=96&d=mm&r=g","contentUrl":"https:\/\/secure.gravatar.com\/avatar\/979afa994a9ea86f056da7408750380e?s=96&d=mm&r=g","caption":"mark"},"url":"https:\/\/nyforetagarcentrum.se\/mark\/author\/mark\/"}]}},"_links":{"self":[{"href":"https:\/\/nyforetagarcentrum.se\/mark\/wp-json\/wp\/v2\/posts\/465"}],"collection":[{"href":"https:\/\/nyforetagarcentrum.se\/mark\/wp-json\/wp\/v2\/posts"}],"about":[{"href":"https:\/\/nyforetagarcentrum.se\/mark\/wp-json\/wp\/v2\/types\/post"}],"author":[{"embeddable":true,"href":"https:\/\/nyforetagarcentrum.se\/mark\/wp-json\/wp\/v2\/users\/44"}],"replies":[{"embeddable":true,"href":"https:\/\/nyforetagarcentrum.se\/mark\/wp-json\/wp\/v2\/comments?post=465"}],"version-history":[{"count":4,"href":"https:\/\/nyforetagarcentrum.se\/mark\/wp-json\/wp\/v2\/posts\/465\/revisions"}],"predecessor-version":[{"id":526,"href":"https:\/\/nyforetagarcentrum.se\/mark\/wp-json\/wp\/v2\/posts\/465\/revisions\/526"}],"wp:featuredmedia":[{"embeddable":true,"href":"https:\/\/nyforetagarcentrum.se\/mark\/wp-json\/wp\/v2\/media\/467"}],"wp:attachment":[{"href":"https:\/\/nyforetagarcentrum.se\/mark\/wp-json\/wp\/v2\/media?parent=465"}],"wp:term":[{"taxonomy":"category","embeddable":true,"href":"https:\/\/nyforetagarcentrum.se\/mark\/wp-json\/wp\/v2\/categories?post=465"},{"taxonomy":"post_tag","embeddable":true,"href":"https:\/\/nyforetagarcentrum.se\/mark\/wp-json\/wp\/v2\/tags?post=465"}],"curies":[{"name":"wp","href":"https:\/\/api.w.org\/{rel}","templated":true}]}}