{"id":1155,"date":"2024-10-28T16:36:47","date_gmt":"2024-10-28T15:36:47","guid":{"rendered":"https:\/\/nyforetagarcentrum.se\/lund\/?p=1155"},"modified":"2024-10-28T16:44:58","modified_gmt":"2024-10-28T15:44:58","slug":"studieresa-till-hamburg-2024","status":"publish","type":"post","link":"https:\/\/nyforetagarcentrum.se\/lund\/2024\/10\/28\/studieresa-till-hamburg-2024\/","title":{"rendered":"Studieresa till Hamburg 2024"},"content":{"rendered":"\n<p><strong>Onsdag 25 september<\/strong><br>Tidigt p\u00e5 morgonen, kl. 06:45, b\u00f6rjar vi v\u00e5r resa fr\u00e5n Lund. Den friska septemberluften och det tidiga solljuset f\u00f6ljer oss p\u00e5 v\u00e4g mot R\u00f6dby. Bussen fylls av f\u00f6rv\u00e4ntan och h\u00e4rlig st\u00e4mning, s\u00e4rskilt n\u00e4r v\u00e5r reseledare Michael bjuder p\u00e5 nybryggt kaffe och f\u00e4rska surdegsbullar. Det \u00e4r alltid en trygghet att ha en reseledare som har full koll p\u00e5 l\u00e4get och en busschauff\u00f6r som lugnt k\u00f6r oss \u00f6ver ett bl\u00e5sigt \u00d6resund.<\/p>\n\n\n\n<figure class=\"wp-block-image aligncenter size-large\"><img loading=\"lazy\" decoding=\"async\" width=\"768\" height=\"1024\" src=\"https:\/\/nyforetagarcentrum.se\/lund\/wp-content\/uploads\/sites\/62\/2024\/10\/LNC6-768x1024.jpg\" alt=\"\" class=\"wp-image-1161\" srcset=\"https:\/\/nyforetagarcentrum.se\/lund\/wp-content\/uploads\/sites\/62\/2024\/10\/LNC6-768x1024.jpg 768w, https:\/\/nyforetagarcentrum.se\/lund\/wp-content\/uploads\/sites\/62\/2024\/10\/LNC6-225x300.jpg 225w, https:\/\/nyforetagarcentrum.se\/lund\/wp-content\/uploads\/sites\/62\/2024\/10\/LNC6-1152x1536.jpg 1152w, https:\/\/nyforetagarcentrum.se\/lund\/wp-content\/uploads\/sites\/62\/2024\/10\/LNC6-810x1080.jpg 810w, https:\/\/nyforetagarcentrum.se\/lund\/wp-content\/uploads\/sites\/62\/2024\/10\/LNC6-rotated.jpg 1500w\" sizes=\"(max-width: 768px) 100vw, 768px\" \/><\/figure>\n\n\n\n<p>V\u00e5rt f\u00f6rsta stopp \u00e4r Fehmarn B\u00e4lt-utst\u00e4llningen, d\u00e4r vi m\u00f6ts av Dorte fr\u00e5n Femern A\/S. Fehmarn B\u00e4ltf\u00f6rbindelsen \u00e4r Danmarks st\u00f6rsta infrastrukturprojekt, imponerade med sina 7000 anst\u00e4llda, d\u00e4r alla arbetar i fyra veckors skift innan de f\u00e5r tv\u00e5 veckor ledigt. Det mest fascinerande \u00e4r kanske att de gigantiska betongelementen, som ska bilda v\u00e4rldens l\u00e4ngsta undervattenstunnel, s\u00e4tts samman med en precision p\u00e5 1,5 centimeter.<\/p>\n\n\n\n<p>Tunneln ska st\u00e5 klar 2029, och d\u00e5 kommer det bara ta sju minuter med t\u00e5g och tio minuter med bil att korsa sundet. En stor del av arbetskraften kommer fr\u00e5n Polen, Ungern och Rum\u00e4nien, men endast 10 % av de anst\u00e4llda \u00e4r kvinnor.<\/p>\n\n\n\n<p>Efter en informativ f\u00f6rmiddag k\u00f6r vi ombord p\u00e5 f\u00e4rjan fr\u00e5n R\u00f6dby till Puttgarden. En snabb schnitzel med pommes hinner vi f\u00e5 i oss p\u00e5 \u00f6verfarten, och sedan b\u00e4r det vidare av mot Hamburg. Under bussresan l\u00e4r vi k\u00e4nna varandra och vilka organisationer och f\u00f6retag vi representerar genom en underh\u00e5llande Quiz som Lotta fr\u00e5n resegruppen satt samman. 21 kluriga fr\u00e5gor d\u00e4r Karin Sandstr\u00f6m fr\u00e5n Lunds kommun tog hem vinsten efter en utslagsfr\u00e5ga.<\/p>\n\n\n\n<p>Efter en snabb incheckning p\u00e5 Hotel Lindner Hagenbeck, hoppar vi p\u00e5 bussen igen och \u00e5ker till Hamburgs hamn. H\u00e4r kliver vi p\u00e5 en b\u00e5t som tar ta oss runt i hamnen med representanter fr\u00e5n<\/p>\n\n\n\n<p>Port of Hamburg Marketing, Hamburg Invest och den Svenska Handelskammaren i Hamburg. Marina Basso Michael, Regional Director Europe, Port of Hamburg, h\u00e4lsar oss v\u00e4lkomna och ger oss en b\u00e5ttur i hamnen och en \u00f6vergripande presentation av Hamburgs roll som logistiknav och internationell aff\u00e4rsplattform.<\/p>\n\n\n\n<figure class=\"wp-block-image size-large\"><img loading=\"lazy\" decoding=\"async\" width=\"768\" height=\"1024\" src=\"https:\/\/nyforetagarcentrum.se\/lund\/wp-content\/uploads\/sites\/62\/2024\/10\/LNC3-768x1024.jpg\" alt=\"\" class=\"wp-image-1158\" srcset=\"https:\/\/nyforetagarcentrum.se\/lund\/wp-content\/uploads\/sites\/62\/2024\/10\/LNC3-768x1024.jpg 768w, https:\/\/nyforetagarcentrum.se\/lund\/wp-content\/uploads\/sites\/62\/2024\/10\/LNC3-225x300.jpg 225w, https:\/\/nyforetagarcentrum.se\/lund\/wp-content\/uploads\/sites\/62\/2024\/10\/LNC3-1152x1536.jpg 1152w, https:\/\/nyforetagarcentrum.se\/lund\/wp-content\/uploads\/sites\/62\/2024\/10\/LNC3-810x1080.jpg 810w, https:\/\/nyforetagarcentrum.se\/lund\/wp-content\/uploads\/sites\/62\/2024\/10\/LNC3-rotated.jpg 1500w\" sizes=\"(max-width: 768px) 100vw, 768px\" \/><\/figure>\n\n\n\n<p>Port of Hamburg \u00e4r tredje st\u00f6rsta hamnen i Europa efter Rotterdam och Antwerpen. Hamburg med sitt l\u00e4ge vid Elbe \u00e4r Tyskland viktigaste industrihamn och \u00e4r ocks\u00e5 en stor arbetsplats med 7000 anst\u00e4llda. Hamnen \u00e4gs till st\u00f6rsta del av Hamburg stad men 2022 sl\u00e4ppte man in kinesiska Cosco Shipping som ny del\u00e4gare till 25%.<\/p>\n\n\n\n<p>Helen Hoffman ber\u00e4ttar om Svenska Handelskammarens verksamhet i Hamburg d\u00e4r de st\u00f6ttar och hj\u00e4lper svenska bolag med n\u00e4tverk och event. Under b\u00e5tturen serveras en v\u00e4rmande middag medans regnet strilar utanf\u00f6r.<\/p>\n\n\n\n<p>Kv\u00e4llen forts\u00e4tter, f\u00f6r de som vill, p\u00e5 den coola takbaren Clouds, med fantastisk utsikt \u00f6ver den ber\u00f6mda Reeperbahn och HafenCity.<\/p>\n\n\n\n<p><strong>Torsdag 26 september<\/strong><br>Vi startar dagen tidigt med frukost. Klockan 08:00 \u00e4rdet dags att ge sig av till dagens f\u00f6rsta programpunkt: ett bes\u00f6k p\u00e5 Scale Up Landing Pad, d\u00e4r Sascha Jacobi, Director Landing Pad, Hamburg Invest, tog emot. H\u00e4r f\u00e5r vi ta del av hur Hamburg st\u00f6ttar tillv\u00e4xtf\u00f6retag och startups genom sina olika initiativ och n\u00e4tverk f\u00f6r att fr\u00e4mja innovation och h\u00e5llbar utveckling. Sasha Giacovi presenter deras soft landing projekt om hur de attraherar internationella scale up bolag som matchas med Hamburgs industribolag. Projektet fokuserat p\u00e5 logistik och ett av bolagen som anslutet sig till programmet \u00e4r Lundabolaget Elonroad.<\/p>\n\n\n\n<figure class=\"wp-block-image size-large\"><img loading=\"lazy\" decoding=\"async\" width=\"768\" height=\"1024\" src=\"https:\/\/nyforetagarcentrum.se\/lund\/wp-content\/uploads\/sites\/62\/2024\/10\/LNC-2-768x1024.jpg\" alt=\"\" class=\"wp-image-1156\" srcset=\"https:\/\/nyforetagarcentrum.se\/lund\/wp-content\/uploads\/sites\/62\/2024\/10\/LNC-2-768x1024.jpg 768w, https:\/\/nyforetagarcentrum.se\/lund\/wp-content\/uploads\/sites\/62\/2024\/10\/LNC-2-225x300.jpg 225w, https:\/\/nyforetagarcentrum.se\/lund\/wp-content\/uploads\/sites\/62\/2024\/10\/LNC-2-1152x1536.jpg 1152w, https:\/\/nyforetagarcentrum.se\/lund\/wp-content\/uploads\/sites\/62\/2024\/10\/LNC-2-810x1080.jpg 810w, https:\/\/nyforetagarcentrum.se\/lund\/wp-content\/uploads\/sites\/62\/2024\/10\/LNC-2-rotated.jpg 1500w\" sizes=\"(max-width: 768px) 100vw, 768px\" \/><\/figure>\n\n\n\n<p>Ute \u00f6ser regnet ner s\u00e5 v\u00e5r rundvandring i Hafen City startar inomhus med en introduktion vid den stora utst\u00e4llningen av Hamburgs utvecklingsomr\u00e5den.<\/p>\n\n\n\n<figure class=\"wp-block-image size-large\"><img loading=\"lazy\" decoding=\"async\" width=\"768\" height=\"1024\" src=\"https:\/\/nyforetagarcentrum.se\/lund\/wp-content\/uploads\/sites\/62\/2024\/10\/LNC4-768x1024.jpg\" alt=\"\" class=\"wp-image-1159\" srcset=\"https:\/\/nyforetagarcentrum.se\/lund\/wp-content\/uploads\/sites\/62\/2024\/10\/LNC4-768x1024.jpg 768w, https:\/\/nyforetagarcentrum.se\/lund\/wp-content\/uploads\/sites\/62\/2024\/10\/LNC4-225x300.jpg 225w, https:\/\/nyforetagarcentrum.se\/lund\/wp-content\/uploads\/sites\/62\/2024\/10\/LNC4-1152x1536.jpg 1152w, https:\/\/nyforetagarcentrum.se\/lund\/wp-content\/uploads\/sites\/62\/2024\/10\/LNC4-810x1080.jpg 810w, https:\/\/nyforetagarcentrum.se\/lund\/wp-content\/uploads\/sites\/62\/2024\/10\/LNC4-rotated.jpg 1500w\" sizes=\"(max-width: 768px) 100vw, 768px\" \/><\/figure>\n\n\n\n<p>Hafen city \u00e4r ett av Europas st\u00f6rsta stadsutvecklingsprojekt, ett stadsplaneringsprojekt d\u00e4r de gamla hamnkvarteren i Hamburg bebyggs med kontor, hotell, parker, butiker, offentliga byggnader och bost\u00e4der. 2008 br\u00f6ts omr\u00e5det loss fr\u00e5n Hamburgs innerstad f\u00f6r att bilda en egen stadsdel, lite likt V\u00e4stra Hamnen omr\u00e5det i Malm\u00f6. Projektet \u00e4r ett av de st\u00f6rsta ombyggnadsprojekten i Europa under 2000-talet. Efter 45 min inomhus trotsar vi regnet och beger oss ut med v\u00e5r guide som tar oss med p\u00e5 en sp\u00e4nnande promenad i Hafen City. Vi f\u00e5r h\u00f6ra allt om hur man kombinerar innovativ arkitektur med h\u00e5llbar stadsutveckling. En s\u00e5dan otroligt kunnig, intresserad och engagerad guide han \u00e4r, Thorsten G\u00f6dtel. Med stor k\u00e4rlek till sin stadsdel delar han med sig av insikter, tankar, planer, id\u00e9er, och vilka lagar och regler allt ska f\u00f6rh\u00e5lla sig till.<\/p>\n\n\n\n<p>L\u00e4ngst ut vid Oberhafen ligger Hobenk\u00f6\u00f6k restaurang och markthalle. Fantastiskt st\u00e4lle! H\u00e4r \u00e4ter vi lunch. Kring borden samtalas det livligt om dagens studiebes\u00f6k och l\u00e4rdomar att ta med hem.<\/p>\n\n\n\n<p>Under eftermiddagen b\u00e4r det av till Airbus p\u00e5 andra sidan staden. Eftermiddagstrafiken g\u00f6r sig p\u00e5mind i denna miljonstad s\u00e5 n\u00e5got lite f\u00f6rsenade anl\u00e4nder vi till Airbus anl\u00e4ggningar. Efter uppvisande av legitimation och avst\u00e4ngning av v\u00e5ra mobiltelefoner f\u00e5r vi tilltr\u00e4de innanf\u00f6r grindarna. Tv\u00e5 guider och tv\u00e5 ganska surmulna vakter m\u00f6ter upp. Guiderna \u00e4r pensionerade tidigare anst\u00e4llda ingenj\u00f6rer fr\u00e5n produktionen som ger oss detaljerad och otroligt sp\u00e4nnande fakta och information om Airbus produktion. Vakten ser till att vi p\u00e5 inga villkor f\u00e5r anv\u00e4nda mobiltelefoner, vilket n\u00e5gra av oss f\u00e5r p\u00e5minnas om. Vi visas runt i produktionshallar d\u00e4r vi upplever exakta processer f\u00f6r produktion, kontroll och dubbelkontroll. Varje del av flygplanet har en produktionstid p\u00e5 2,5 dag per station och arbetarna h\u00e4r, 14 000 till antalet, jobbar i tv\u00e5- eller treskift.<\/p>\n\n\n\n<p>Orderboken f\u00f6r Airbus \u00e4r v\u00e4lfylld 10 \u00e5r fram\u00e5t, flygplansstorlek och utformning anpassas helt efter kundens behov.<\/p>\n\n\n\n<p>Hela omr\u00e5det \u00e4r som en egen liten stad med flera restauranger, hotell, l\u00e4kare och gym. Allt f\u00f6r att serva s\u00e5v\u00e4l anst\u00e4llda som kunder.<\/p>\n\n\n\n<p>Kv\u00e4llen avslutar vi p\u00e5 den mycket trevliga italienska restaurangen Henny\u00b4s som \u00e4r en favorit f\u00f6r det v\u00e4lk\u00e4nda tyska handbollslaget, SC Flensburg, d\u00e4r Jim Gottfridsson, kapten och frontfigur i landslaget spelar. Det var ocks\u00e5 han som rekommenderade restaurangen till oss.<\/p>\n\n\n\n<p><strong>Fredag 27 september<\/strong><br>Fredagen b\u00f6rjar ocks\u00e5 den med en tidig frukost. Efter utcheckning fr\u00e5n hotellet beger vi oss till Artificial Intelligence Center Hamburg (ARIC), en av Tysklands ledande forsknings- och innovationscenter inom artificiell intelligens.<\/p>\n\n\n\n<figure class=\"wp-block-image size-large\"><img loading=\"lazy\" decoding=\"async\" width=\"768\" height=\"1024\" src=\"https:\/\/nyforetagarcentrum.se\/lund\/wp-content\/uploads\/sites\/62\/2024\/10\/LNC5-768x1024.jpg\" alt=\"\" class=\"wp-image-1160\" srcset=\"https:\/\/nyforetagarcentrum.se\/lund\/wp-content\/uploads\/sites\/62\/2024\/10\/LNC5-768x1024.jpg 768w, https:\/\/nyforetagarcentrum.se\/lund\/wp-content\/uploads\/sites\/62\/2024\/10\/LNC5-225x300.jpg 225w, https:\/\/nyforetagarcentrum.se\/lund\/wp-content\/uploads\/sites\/62\/2024\/10\/LNC5-1152x1536.jpg 1152w, https:\/\/nyforetagarcentrum.se\/lund\/wp-content\/uploads\/sites\/62\/2024\/10\/LNC5-810x1080.jpg 810w, https:\/\/nyforetagarcentrum.se\/lund\/wp-content\/uploads\/sites\/62\/2024\/10\/LNC5-rotated.jpg 1500w\" sizes=\"(max-width: 768px) 100vw, 768px\" \/><\/figure>\n\n\n\n<p>H\u00e4r blir vi visade in i ett showrum d\u00e4r Lukas Lenz ber\u00e4ttar om projekt. Han ber\u00e4ttar och visar ocks\u00e5 hur AI till\u00e4mpas i olika branscher och vilka forskningsframsteg som g\u00f6rs inom omr\u00e5det. ARIC \u00e4r en intressant sammanslutning av studenter, forskare, n\u00e4ringsliv och industri som \u00e4r intresserade och\/eller har behov av AI i sin verksamhet.<\/p>\n\n\n\n<figure class=\"wp-block-image size-large\"><img loading=\"lazy\" decoding=\"async\" width=\"768\" height=\"1024\" src=\"https:\/\/nyforetagarcentrum.se\/lund\/wp-content\/uploads\/sites\/62\/2024\/10\/LNC7-768x1024.jpg\" alt=\"\" class=\"wp-image-1162\" srcset=\"https:\/\/nyforetagarcentrum.se\/lund\/wp-content\/uploads\/sites\/62\/2024\/10\/LNC7-768x1024.jpg 768w, https:\/\/nyforetagarcentrum.se\/lund\/wp-content\/uploads\/sites\/62\/2024\/10\/LNC7-225x300.jpg 225w, https:\/\/nyforetagarcentrum.se\/lund\/wp-content\/uploads\/sites\/62\/2024\/10\/LNC7-1152x1536.jpg 1152w, https:\/\/nyforetagarcentrum.se\/lund\/wp-content\/uploads\/sites\/62\/2024\/10\/LNC7-810x1080.jpg 810w, https:\/\/nyforetagarcentrum.se\/lund\/wp-content\/uploads\/sites\/62\/2024\/10\/LNC7-rotated.jpg 1500w\" sizes=\"(max-width: 768px) 100vw, 768px\" \/><\/figure>\n\n\n\n<p>Det \u00e4r vansinnigt varmt och syrefattigt i showrummet, s\u00e5 det \u00e4r sk\u00f6nt att komma ut i solen p\u00e5 trappan till detta spektakul\u00e4ra bygge med m\u00e5nga nya insikter om AI.<\/p>\n\n\n\n<figure class=\"wp-block-image size-large\"><img loading=\"lazy\" decoding=\"async\" width=\"768\" height=\"1024\" src=\"https:\/\/nyforetagarcentrum.se\/lund\/wp-content\/uploads\/sites\/62\/2024\/10\/LNC-768x1024.jpg\" alt=\"\" class=\"wp-image-1157\" srcset=\"https:\/\/nyforetagarcentrum.se\/lund\/wp-content\/uploads\/sites\/62\/2024\/10\/LNC-768x1024.jpg 768w, https:\/\/nyforetagarcentrum.se\/lund\/wp-content\/uploads\/sites\/62\/2024\/10\/LNC-225x300.jpg 225w, https:\/\/nyforetagarcentrum.se\/lund\/wp-content\/uploads\/sites\/62\/2024\/10\/LNC-1152x1536.jpg 1152w, https:\/\/nyforetagarcentrum.se\/lund\/wp-content\/uploads\/sites\/62\/2024\/10\/LNC-810x1080.jpg 810w, https:\/\/nyforetagarcentrum.se\/lund\/wp-content\/uploads\/sites\/62\/2024\/10\/LNC-rotated.jpg 1500w\" sizes=\"(max-width: 768px) 100vw, 768px\" \/><\/figure>\n\n\n\n<p>Innan vi stiger p\u00e5 bussen f\u00f6r hemf\u00e4rd njuter vi av lite sol och frisk luft i Hamburgs hamn. Programmet \u00e4r \u00f6ver f\u00f6r denna g\u00e5ng. Nu v\u00e4ntar endast hemf\u00e4rd genom Tyskland, b\u00e5t mellan Puttgarten och R\u00f6dby och vidare upp genom Danmark f\u00f6r att slutligen anl\u00e4nda i Lund. Tr\u00f6tta men fulla av nya insikter och erfarenheter anl\u00e4nder vi till Lund s\u00f6dra f\u00f6re utsatt tid, utm\u00e4rkt k\u00f6rt av v\u00e5r h\u00e4rlige busschauff\u00f6r Charlie.<\/p>\n\n\n\n<p><br><strong>Auf wiedersehen och stort tack f\u00f6r h\u00e4rliga dagar tillsammans!<\/strong><\/p>\n\n\n\n<p><\/p>\n\n\n\n<p><em>Ord och bild, Lotta Wessfeldt och Karin Sandstr\u00f6m<\/em><\/p>\n","protected":false},"excerpt":{"rendered":"<p>Onsdag 25 septemberTidigt p\u00e5 morgonen, kl. 06:45, b\u00f6rjar vi v\u00e5r resa fr\u00e5n Lund. Den friska septemberluften och det tidiga solljuset f\u00f6ljer oss p\u00e5 v\u00e4g mot R\u00f6dby. Bussen fylls av f\u00f6rv\u00e4ntan och h\u00e4rlig st\u00e4mning, s\u00e4rskilt n\u00e4r v\u00e5r reseledare Michael bjuder p\u00e5 nybryggt kaffe och f\u00e4rska surdegsbullar. Det \u00e4r alltid en trygghet att ha en reseledare som [&hellip;]<\/p>\n","protected":false},"author":34,"featured_media":1162,"comment_status":"open","ping_status":"open","sticky":false,"template":"","format":"standard","meta":{"footnotes":""},"categories":[12],"tags":[],"acf":[],"yoast_head":"<!-- This site is optimized with the Yoast SEO plugin v22.9 - https:\/\/yoast.com\/wordpress\/plugins\/seo\/ -->\n<title>Studieresa till Hamburg 2024 - Lund<\/title>\n<meta name=\"robots\" content=\"index, follow, max-snippet:-1, max-image-preview:large, max-video-preview:-1\" \/>\n<link rel=\"canonical\" href=\"https:\/\/nyforetagarcentrum.se\/lund\/2024\/10\/28\/studieresa-till-hamburg-2024\/\" \/>\n<meta property=\"og:locale\" content=\"sv_SE\" \/>\n<meta property=\"og:type\" content=\"article\" \/>\n<meta property=\"og:title\" content=\"Studieresa till Hamburg 2024 - Lund\" \/>\n<meta property=\"og:description\" content=\"Onsdag 25 septemberTidigt p\u00e5 morgonen, kl. 06:45, b\u00f6rjar vi v\u00e5r resa fr\u00e5n Lund. Den friska septemberluften och det tidiga solljuset f\u00f6ljer oss p\u00e5 v\u00e4g mot R\u00f6dby. Bussen fylls av f\u00f6rv\u00e4ntan och h\u00e4rlig st\u00e4mning, s\u00e4rskilt n\u00e4r v\u00e5r reseledare Michael bjuder p\u00e5 nybryggt kaffe och f\u00e4rska surdegsbullar. Det \u00e4r alltid en trygghet att ha en reseledare som [&hellip;]\" \/>\n<meta property=\"og:url\" content=\"https:\/\/nyforetagarcentrum.se\/lund\/2024\/10\/28\/studieresa-till-hamburg-2024\/\" \/>\n<meta property=\"og:site_name\" content=\"Lund\" \/>\n<meta property=\"article:published_time\" content=\"2024-10-28T15:36:47+00:00\" \/>\n<meta property=\"article:modified_time\" content=\"2024-10-28T15:44:58+00:00\" \/>\n<meta property=\"og:image\" content=\"https:\/\/nyforetagarcentrum.se\/lund\/wp-content\/uploads\/sites\/62\/2024\/10\/LNC7-rotated.jpg\" \/>\n\t<meta property=\"og:image:width\" content=\"1500\" \/>\n\t<meta property=\"og:image:height\" content=\"2000\" \/>\n\t<meta property=\"og:image:type\" content=\"image\/jpeg\" \/>\n<meta name=\"author\" content=\"lund\" \/>\n<meta name=\"twitter:card\" content=\"summary_large_image\" \/>\n<meta name=\"twitter:label1\" content=\"Skriven av\" \/>\n\t<meta name=\"twitter:data1\" content=\"lund\" \/>\n\t<meta name=\"twitter:label2\" content=\"Ber\u00e4knad l\u00e4stid\" \/>\n\t<meta name=\"twitter:data2\" content=\"8 minuter\" \/>\n<script type=\"application\/ld+json\" class=\"yoast-schema-graph\">{\"@context\":\"https:\/\/schema.org\",\"@graph\":[{\"@type\":\"Article\",\"@id\":\"https:\/\/nyforetagarcentrum.se\/lund\/2024\/10\/28\/studieresa-till-hamburg-2024\/#article\",\"isPartOf\":{\"@id\":\"https:\/\/nyforetagarcentrum.se\/lund\/2024\/10\/28\/studieresa-till-hamburg-2024\/\"},\"author\":{\"name\":\"lund\",\"@id\":\"https:\/\/nyforetagarcentrum.se\/lund\/#\/schema\/person\/aef1b957bdeb718bfe214e14a817f6eb\"},\"headline\":\"Studieresa till Hamburg 2024\",\"datePublished\":\"2024-10-28T15:36:47+00:00\",\"dateModified\":\"2024-10-28T15:44:58+00:00\",\"mainEntityOfPage\":{\"@id\":\"https:\/\/nyforetagarcentrum.se\/lund\/2024\/10\/28\/studieresa-till-hamburg-2024\/\"},\"wordCount\":1300,\"commentCount\":0,\"publisher\":{\"@id\":\"https:\/\/nyforetagarcentrum.se\/lund\/#organization\"},\"image\":{\"@id\":\"https:\/\/nyforetagarcentrum.se\/lund\/2024\/10\/28\/studieresa-till-hamburg-2024\/#primaryimage\"},\"thumbnailUrl\":\"https:\/\/nyforetagarcentrum.se\/lund\/wp-content\/uploads\/sites\/62\/2024\/10\/LNC7-rotated.jpg\",\"articleSection\":[\"Studieresor\"],\"inLanguage\":\"sv-SE\",\"potentialAction\":[{\"@type\":\"CommentAction\",\"name\":\"Comment\",\"target\":[\"https:\/\/nyforetagarcentrum.se\/lund\/2024\/10\/28\/studieresa-till-hamburg-2024\/#respond\"]}]},{\"@type\":\"WebPage\",\"@id\":\"https:\/\/nyforetagarcentrum.se\/lund\/2024\/10\/28\/studieresa-till-hamburg-2024\/\",\"url\":\"https:\/\/nyforetagarcentrum.se\/lund\/2024\/10\/28\/studieresa-till-hamburg-2024\/\",\"name\":\"Studieresa till Hamburg 2024 - Lund\",\"isPartOf\":{\"@id\":\"https:\/\/nyforetagarcentrum.se\/lund\/#website\"},\"primaryImageOfPage\":{\"@id\":\"https:\/\/nyforetagarcentrum.se\/lund\/2024\/10\/28\/studieresa-till-hamburg-2024\/#primaryimage\"},\"image\":{\"@id\":\"https:\/\/nyforetagarcentrum.se\/lund\/2024\/10\/28\/studieresa-till-hamburg-2024\/#primaryimage\"},\"thumbnailUrl\":\"https:\/\/nyforetagarcentrum.se\/lund\/wp-content\/uploads\/sites\/62\/2024\/10\/LNC7-rotated.jpg\",\"datePublished\":\"2024-10-28T15:36:47+00:00\",\"dateModified\":\"2024-10-28T15:44:58+00:00\",\"breadcrumb\":{\"@id\":\"https:\/\/nyforetagarcentrum.se\/lund\/2024\/10\/28\/studieresa-till-hamburg-2024\/#breadcrumb\"},\"inLanguage\":\"sv-SE\",\"potentialAction\":[{\"@type\":\"ReadAction\",\"target\":[\"https:\/\/nyforetagarcentrum.se\/lund\/2024\/10\/28\/studieresa-till-hamburg-2024\/\"]}]},{\"@type\":\"ImageObject\",\"inLanguage\":\"sv-SE\",\"@id\":\"https:\/\/nyforetagarcentrum.se\/lund\/2024\/10\/28\/studieresa-till-hamburg-2024\/#primaryimage\",\"url\":\"https:\/\/nyforetagarcentrum.se\/lund\/wp-content\/uploads\/sites\/62\/2024\/10\/LNC7-rotated.jpg\",\"contentUrl\":\"https:\/\/nyforetagarcentrum.se\/lund\/wp-content\/uploads\/sites\/62\/2024\/10\/LNC7-rotated.jpg\",\"width\":1500,\"height\":2000},{\"@type\":\"BreadcrumbList\",\"@id\":\"https:\/\/nyforetagarcentrum.se\/lund\/2024\/10\/28\/studieresa-till-hamburg-2024\/#breadcrumb\",\"itemListElement\":[{\"@type\":\"ListItem\",\"position\":1,\"name\":\"Hem\",\"item\":\"https:\/\/nyforetagarcentrum.se\/lund\/\"},{\"@type\":\"ListItem\",\"position\":2,\"name\":\"Studieresa till Hamburg 2024\"}]},{\"@type\":\"WebSite\",\"@id\":\"https:\/\/nyforetagarcentrum.se\/lund\/#website\",\"url\":\"https:\/\/nyforetagarcentrum.se\/lund\/\",\"name\":\"Lund\",\"description\":\"Sveriges ledande kraft f\u00f6r fler nya livskraftiga f\u00f6retag\",\"publisher\":{\"@id\":\"https:\/\/nyforetagarcentrum.se\/lund\/#organization\"},\"potentialAction\":[{\"@type\":\"SearchAction\",\"target\":{\"@type\":\"EntryPoint\",\"urlTemplate\":\"https:\/\/nyforetagarcentrum.se\/lund\/?s={search_term_string}\"},\"query-input\":\"required name=search_term_string\"}],\"inLanguage\":\"sv-SE\"},{\"@type\":\"Organization\",\"@id\":\"https:\/\/nyforetagarcentrum.se\/lund\/#organization\",\"name\":\"Lund\",\"url\":\"https:\/\/nyforetagarcentrum.se\/lund\/\",\"logo\":{\"@type\":\"ImageObject\",\"inLanguage\":\"sv-SE\",\"@id\":\"https:\/\/nyforetagarcentrum.se\/lund\/#\/schema\/logo\/image\/\",\"url\":\"https:\/\/nyforetagarcentrum.se\/lund\/wp-content\/uploads\/sites\/62\/2024\/07\/lund_bla.png\",\"contentUrl\":\"https:\/\/nyforetagarcentrum.se\/lund\/wp-content\/uploads\/sites\/62\/2024\/07\/lund_bla.png\",\"width\":870,\"height\":355,\"caption\":\"Lund\"},\"image\":{\"@id\":\"https:\/\/nyforetagarcentrum.se\/lund\/#\/schema\/logo\/image\/\"}},{\"@type\":\"Person\",\"@id\":\"https:\/\/nyforetagarcentrum.se\/lund\/#\/schema\/person\/aef1b957bdeb718bfe214e14a817f6eb\",\"name\":\"lund\",\"image\":{\"@type\":\"ImageObject\",\"inLanguage\":\"sv-SE\",\"@id\":\"https:\/\/nyforetagarcentrum.se\/lund\/#\/schema\/person\/image\/\",\"url\":\"https:\/\/secure.gravatar.com\/avatar\/5371ffb86c0db04bcdcb354f5143a2c8?s=96&d=mm&r=g\",\"contentUrl\":\"https:\/\/secure.gravatar.com\/avatar\/5371ffb86c0db04bcdcb354f5143a2c8?s=96&d=mm&r=g\",\"caption\":\"lund\"},\"url\":\"https:\/\/nyforetagarcentrum.se\/lund\/author\/lund\/\"}]}<\/script>\n<!-- \/ Yoast SEO plugin. -->","yoast_head_json":{"title":"Studieresa till Hamburg 2024 - Lund","robots":{"index":"index","follow":"follow","max-snippet":"max-snippet:-1","max-image-preview":"max-image-preview:large","max-video-preview":"max-video-preview:-1"},"canonical":"https:\/\/nyforetagarcentrum.se\/lund\/2024\/10\/28\/studieresa-till-hamburg-2024\/","og_locale":"sv_SE","og_type":"article","og_title":"Studieresa till Hamburg 2024 - Lund","og_description":"Onsdag 25 septemberTidigt p\u00e5 morgonen, kl. 06:45, b\u00f6rjar vi v\u00e5r resa fr\u00e5n Lund. Den friska septemberluften och det tidiga solljuset f\u00f6ljer oss p\u00e5 v\u00e4g mot R\u00f6dby. Bussen fylls av f\u00f6rv\u00e4ntan och h\u00e4rlig st\u00e4mning, s\u00e4rskilt n\u00e4r v\u00e5r reseledare Michael bjuder p\u00e5 nybryggt kaffe och f\u00e4rska surdegsbullar. Det \u00e4r alltid en trygghet att ha en reseledare som [&hellip;]","og_url":"https:\/\/nyforetagarcentrum.se\/lund\/2024\/10\/28\/studieresa-till-hamburg-2024\/","og_site_name":"Lund","article_published_time":"2024-10-28T15:36:47+00:00","article_modified_time":"2024-10-28T15:44:58+00:00","og_image":[{"width":1500,"height":2000,"url":"https:\/\/nyforetagarcentrum.se\/lund\/wp-content\/uploads\/sites\/62\/2024\/10\/LNC7-rotated.jpg","type":"image\/jpeg"}],"author":"lund","twitter_card":"summary_large_image","twitter_misc":{"Skriven av":"lund","Ber\u00e4knad l\u00e4stid":"8 minuter"},"schema":{"@context":"https:\/\/schema.org","@graph":[{"@type":"Article","@id":"https:\/\/nyforetagarcentrum.se\/lund\/2024\/10\/28\/studieresa-till-hamburg-2024\/#article","isPartOf":{"@id":"https:\/\/nyforetagarcentrum.se\/lund\/2024\/10\/28\/studieresa-till-hamburg-2024\/"},"author":{"name":"lund","@id":"https:\/\/nyforetagarcentrum.se\/lund\/#\/schema\/person\/aef1b957bdeb718bfe214e14a817f6eb"},"headline":"Studieresa till Hamburg 2024","datePublished":"2024-10-28T15:36:47+00:00","dateModified":"2024-10-28T15:44:58+00:00","mainEntityOfPage":{"@id":"https:\/\/nyforetagarcentrum.se\/lund\/2024\/10\/28\/studieresa-till-hamburg-2024\/"},"wordCount":1300,"commentCount":0,"publisher":{"@id":"https:\/\/nyforetagarcentrum.se\/lund\/#organization"},"image":{"@id":"https:\/\/nyforetagarcentrum.se\/lund\/2024\/10\/28\/studieresa-till-hamburg-2024\/#primaryimage"},"thumbnailUrl":"https:\/\/nyforetagarcentrum.se\/lund\/wp-content\/uploads\/sites\/62\/2024\/10\/LNC7-rotated.jpg","articleSection":["Studieresor"],"inLanguage":"sv-SE","potentialAction":[{"@type":"CommentAction","name":"Comment","target":["https:\/\/nyforetagarcentrum.se\/lund\/2024\/10\/28\/studieresa-till-hamburg-2024\/#respond"]}]},{"@type":"WebPage","@id":"https:\/\/nyforetagarcentrum.se\/lund\/2024\/10\/28\/studieresa-till-hamburg-2024\/","url":"https:\/\/nyforetagarcentrum.se\/lund\/2024\/10\/28\/studieresa-till-hamburg-2024\/","name":"Studieresa till Hamburg 2024 - Lund","isPartOf":{"@id":"https:\/\/nyforetagarcentrum.se\/lund\/#website"},"primaryImageOfPage":{"@id":"https:\/\/nyforetagarcentrum.se\/lund\/2024\/10\/28\/studieresa-till-hamburg-2024\/#primaryimage"},"image":{"@id":"https:\/\/nyforetagarcentrum.se\/lund\/2024\/10\/28\/studieresa-till-hamburg-2024\/#primaryimage"},"thumbnailUrl":"https:\/\/nyforetagarcentrum.se\/lund\/wp-content\/uploads\/sites\/62\/2024\/10\/LNC7-rotated.jpg","datePublished":"2024-10-28T15:36:47+00:00","dateModified":"2024-10-28T15:44:58+00:00","breadcrumb":{"@id":"https:\/\/nyforetagarcentrum.se\/lund\/2024\/10\/28\/studieresa-till-hamburg-2024\/#breadcrumb"},"inLanguage":"sv-SE","potentialAction":[{"@type":"ReadAction","target":["https:\/\/nyforetagarcentrum.se\/lund\/2024\/10\/28\/studieresa-till-hamburg-2024\/"]}]},{"@type":"ImageObject","inLanguage":"sv-SE","@id":"https:\/\/nyforetagarcentrum.se\/lund\/2024\/10\/28\/studieresa-till-hamburg-2024\/#primaryimage","url":"https:\/\/nyforetagarcentrum.se\/lund\/wp-content\/uploads\/sites\/62\/2024\/10\/LNC7-rotated.jpg","contentUrl":"https:\/\/nyforetagarcentrum.se\/lund\/wp-content\/uploads\/sites\/62\/2024\/10\/LNC7-rotated.jpg","width":1500,"height":2000},{"@type":"BreadcrumbList","@id":"https:\/\/nyforetagarcentrum.se\/lund\/2024\/10\/28\/studieresa-till-hamburg-2024\/#breadcrumb","itemListElement":[{"@type":"ListItem","position":1,"name":"Hem","item":"https:\/\/nyforetagarcentrum.se\/lund\/"},{"@type":"ListItem","position":2,"name":"Studieresa till Hamburg 2024"}]},{"@type":"WebSite","@id":"https:\/\/nyforetagarcentrum.se\/lund\/#website","url":"https:\/\/nyforetagarcentrum.se\/lund\/","name":"Lund","description":"Sveriges ledande kraft f\u00f6r fler nya livskraftiga f\u00f6retag","publisher":{"@id":"https:\/\/nyforetagarcentrum.se\/lund\/#organization"},"potentialAction":[{"@type":"SearchAction","target":{"@type":"EntryPoint","urlTemplate":"https:\/\/nyforetagarcentrum.se\/lund\/?s={search_term_string}"},"query-input":"required name=search_term_string"}],"inLanguage":"sv-SE"},{"@type":"Organization","@id":"https:\/\/nyforetagarcentrum.se\/lund\/#organization","name":"Lund","url":"https:\/\/nyforetagarcentrum.se\/lund\/","logo":{"@type":"ImageObject","inLanguage":"sv-SE","@id":"https:\/\/nyforetagarcentrum.se\/lund\/#\/schema\/logo\/image\/","url":"https:\/\/nyforetagarcentrum.se\/lund\/wp-content\/uploads\/sites\/62\/2024\/07\/lund_bla.png","contentUrl":"https:\/\/nyforetagarcentrum.se\/lund\/wp-content\/uploads\/sites\/62\/2024\/07\/lund_bla.png","width":870,"height":355,"caption":"Lund"},"image":{"@id":"https:\/\/nyforetagarcentrum.se\/lund\/#\/schema\/logo\/image\/"}},{"@type":"Person","@id":"https:\/\/nyforetagarcentrum.se\/lund\/#\/schema\/person\/aef1b957bdeb718bfe214e14a817f6eb","name":"lund","image":{"@type":"ImageObject","inLanguage":"sv-SE","@id":"https:\/\/nyforetagarcentrum.se\/lund\/#\/schema\/person\/image\/","url":"https:\/\/secure.gravatar.com\/avatar\/5371ffb86c0db04bcdcb354f5143a2c8?s=96&d=mm&r=g","contentUrl":"https:\/\/secure.gravatar.com\/avatar\/5371ffb86c0db04bcdcb354f5143a2c8?s=96&d=mm&r=g","caption":"lund"},"url":"https:\/\/nyforetagarcentrum.se\/lund\/author\/lund\/"}]}},"_links":{"self":[{"href":"https:\/\/nyforetagarcentrum.se\/lund\/wp-json\/wp\/v2\/posts\/1155"}],"collection":[{"href":"https:\/\/nyforetagarcentrum.se\/lund\/wp-json\/wp\/v2\/posts"}],"about":[{"href":"https:\/\/nyforetagarcentrum.se\/lund\/wp-json\/wp\/v2\/types\/post"}],"author":[{"embeddable":true,"href":"https:\/\/nyforetagarcentrum.se\/lund\/wp-json\/wp\/v2\/users\/34"}],"replies":[{"embeddable":true,"href":"https:\/\/nyforetagarcentrum.se\/lund\/wp-json\/wp\/v2\/comments?post=1155"}],"version-history":[{"count":18,"href":"https:\/\/nyforetagarcentrum.se\/lund\/wp-json\/wp\/v2\/posts\/1155\/revisions"}],"predecessor-version":[{"id":1181,"href":"https:\/\/nyforetagarcentrum.se\/lund\/wp-json\/wp\/v2\/posts\/1155\/revisions\/1181"}],"wp:featuredmedia":[{"embeddable":true,"href":"https:\/\/nyforetagarcentrum.se\/lund\/wp-json\/wp\/v2\/media\/1162"}],"wp:attachment":[{"href":"https:\/\/nyforetagarcentrum.se\/lund\/wp-json\/wp\/v2\/media?parent=1155"}],"wp:term":[{"taxonomy":"category","embeddable":true,"href":"https:\/\/nyforetagarcentrum.se\/lund\/wp-json\/wp\/v2\/categories?post=1155"},{"taxonomy":"post_tag","embeddable":true,"href":"https:\/\/nyforetagarcentrum.se\/lund\/wp-json\/wp\/v2\/tags?post=1155"}],"curies":[{"name":"wp","href":"https:\/\/api.w.org\/{rel}","templated":true}]}}