{"id":806,"date":"2025-01-27T15:12:28","date_gmt":"2025-01-27T14:12:28","guid":{"rendered":"https:\/\/nyforetagarcentrum.se\/lerum\/?post_type=story&#038;p=806"},"modified":"2025-02-23T13:15:20","modified_gmt":"2025-02-23T12:15:20","slug":"resilient-hr-skapar-hallbara-arbetsmiljoer","status":"publish","type":"story","link":"https:\/\/nyforetagarcentrum.se\/lerum\/success-stories\/resilient-hr-skapar-hallbara-arbetsmiljoer\/","title":{"rendered":"Resilient HR\u00a0 \u2013 Bygger motst\u00e5ndskraftiga organisationer"},"content":{"rendered":"\n<p><strong>Inspiration och f\u00f6retagsbakgrund<\/strong><\/p>\n\n\n\n<p>Pernilla Obert Nielsen grundade Resilient HR 2022 med en tydlig drivkraft: organisationer blir framg\u00e5ngsrika n\u00e4r de st\u00e4rker sin f\u00f6rm\u00e5ga att hantera f\u00f6r\u00e4ndring &#8211; <em>sin resiliens<\/em> &#8211; genom att frig\u00f6ra kraften i sina medarbetare.<\/p>\n\n\n\n<p>Med en bakgrund inom aff\u00e4rsjuridik och \u00f6ver 20 \u00e5rs erfarenhet inom HR och organisationsutveckling s\u00e5g hon att f\u00f6retag beh\u00f6vde mer \u00e4n traditionella HR-processer. De beh\u00f6vde en strategisk partner som kan driva aff\u00e4rsm\u00e4ssig och l\u00e5ngsiktig tillv\u00e4xt med m\u00e4nniskor i fokus.<br><br>Pernilla som varit anst\u00e4lld konsult i m\u00e5nga \u00e5r saknade konsultrollen efter drygt 8 \u00e5r som HR chef p\u00e5 ett arkitekterna f\u00f6retag<em>. \u201dDet var en fantastisk resa d\u00e4r vi skalade upp bolaget fr\u00e5n ca 70 anst\u00e4llda till 320 anst\u00e4llda och \u00f6ppnade upp 7 nya kontor. Jag fick m\u00f6jlighet att bygga upp en HR funktion fr\u00e5n grunden och utveckla aff\u00e4ren och m\u00e4nniskorna som en del i ledningsgruppen. Jag har sv\u00e5rt att t\u00e4nka mig en mer utvecklande roll som anst\u00e4lld men jag saknade m\u00f6jligheten att jobba med m\u00e5nga olika verksamheter, att hj\u00e4lpa fler helt enkelt.\u201d<\/em><\/p>\n\n\n\n<p><strong>Filosofi och arbetsmetoder<\/strong><\/p>\n\n\n\n<p>Resilient HR utvecklar organisationer och st\u00e4rker deras resiliens genom modigt chefsskap och \u00f6kat engagemang och ansvarstagande bland medarbetare.<em> \u201dJag arbetar utifr\u00e5n beteendevetenskap och hur v\u00e5r hj\u00e4rna p\u00e5verkar oss. F\u00f6r i en v\u00e4rld d\u00e4r f\u00f6r\u00e4ndring sker snabbt utvecklas vi m\u00e4nniskor inte i samma takt.\u201d <\/em>Transparens, mod och engagemang \u00e4r k\u00e4rnv\u00e4rden i Pernillas arbete. Hon st\u00f6ttar, utmanar och skapar f\u00f6ruts\u00e4ttningar f\u00f6r b\u00e5de aff\u00e4rsm\u00e4ssig framg\u00e5ng och v\u00e4lm\u00e5ende organisationer.<\/p>\n\n\n\n<p><strong>Framg\u00e5ngar och insikter<\/strong><\/p>\n\n\n\n<p>Pernilla \u00e4r s\u00e4rskilt stolt \u00f6ver det f\u00f6rtroende hon byggt upp med sina kunder och resultaten de uppn\u00e5tt tillsammans.\u00a0Hon har ocks\u00e5 hj\u00e4lpt f\u00f6retag st\u00e4rka sin HR-funktion och coacha chefer i att leda genom f\u00f6r\u00e4ndring. <em>\u201dJag blev verkligen glad och stolt \u00f6ver nomineringen till \u00c5rets Nyf\u00f6retagare 2024 som blev ett fint kvitto p\u00e5 min f\u00f6rsta tid som entrepren\u00f6r\u201d.<\/em>\u00a0<\/p>\n\n\n\n<p><strong>Framtidsutsikter<\/strong><\/p>\n\n\n\n<p>Resilient HR forts\u00e4tter att v\u00e4xa och utvecklas. Ett av de sp\u00e4nnande projekten \u00e4r digitaliseringen och AI-optimeringen av FOCIRA\u2122, en metod utvecklad av Pernillas mamma, som hj\u00e4lper grupper att identifiera och n\u00e5 sina m\u00e5l genom samarbete och engagemang. Detta projekt visar hur traditionella metoder kan moderniseras f\u00f6r att passa dagens arbetsmilj\u00f6.<\/p>\n\n\n\n<p>Dessutom driver Pernilla initiativet \u201dChefa med mod och mening\u201d tillsammans med Victoria Karlsson, d\u00e4r de erbjuder mentorskapsprogram som st\u00e4rker chefer i deras ledarskap.<\/p>\n\n\n\n<p><strong>St\u00f6d och l\u00e4rdomar<\/strong><\/p>\n\n\n\n<p><em>&#8221;Det allra viktigaste har varit att f\u00e5 reflektera och bolla id\u00e9er och erfarenheter med andra entrepren\u00f6rer i mitt n\u00e4tverk. Men \u00e4ven Nyf\u00f6retagarCentrum i Lerum har varit en ov\u00e4rderlig resurs f\u00f6r mig \u2013 fr\u00e5n praktiska fr\u00e5gor om bolagsregistrering till att f\u00f6rfina min aff\u00e4rsplan.\u201d\u00a0<\/em><\/p>\n\n\n\n<p><strong>Korta fr\u00e5gor till entrepren\u00f6ren:<\/strong><\/p>\n\n\n\n<ul>\n<li>N\u00e4r startade ni verksamheten? 2022<\/li>\n\n\n\n<li>Hur kom ni i kontakt med Nyf\u00f6retagarCentrum? Genom tips fr\u00e5n mitt n\u00e4tverk.<\/li>\n\n\n\n<li>Vad \u00e4r det b\u00e4sta med att driva eget f\u00f6retag? Alla fantastiska m\u00e4nniskor och kontakter, allt nytt jag l\u00e4rt mig, och friheten.<\/li>\n\n\n\n<li>Vilket \u00e4r ditt b\u00e4sta tips till n\u00e5gon som funderar p\u00e5 att starta eget? Reflektera regelbundet&nbsp; och njut av resan! Fira delm\u00e5l l\u00e4ngs v\u00e4gen!<\/li>\n<\/ul>\n\n\n\n<p>Resilient HR forts\u00e4tter att bygga motst\u00e5ndskraftiga och framg\u00e5ngsrika organisationer. Vill du veta mer? Bes\u00f6k hemsidan p\u00e5 l\u00e4nken nedan:<\/p>\n\n\n\n<div class=\"wp-block-buttons is-layout-flex wp-block-buttons-is-layout-flex\">\n<div class=\"wp-block-button\"><a class=\"wp-block-button__link wp-element-button\" href=\"https:\/\/resilienthr.se\">Bes\u00f6k hemsidan<\/a><\/div>\n<\/div>\n\n\n\n<figure class=\"wp-block-image size-large is-resized\"><img loading=\"lazy\" decoding=\"async\" width=\"1024\" height=\"1024\" src=\"https:\/\/nyforetagarcentrum.se\/lerum\/wp-content\/uploads\/sites\/28\/2025\/01\/image-2-1024x1024.png\" alt=\"\" class=\"wp-image-807\" style=\"width:200px\" srcset=\"https:\/\/nyforetagarcentrum.se\/lerum\/wp-content\/uploads\/sites\/28\/2025\/01\/image-2-1024x1024.png 1024w, https:\/\/nyforetagarcentrum.se\/lerum\/wp-content\/uploads\/sites\/28\/2025\/01\/image-2-300x300.png 300w, https:\/\/nyforetagarcentrum.se\/lerum\/wp-content\/uploads\/sites\/28\/2025\/01\/image-2-150x150.png 150w, https:\/\/nyforetagarcentrum.se\/lerum\/wp-content\/uploads\/sites\/28\/2025\/01\/image-2-768x768.png 768w, https:\/\/nyforetagarcentrum.se\/lerum\/wp-content\/uploads\/sites\/28\/2025\/01\/image-2-1080x1080.png 1080w, https:\/\/nyforetagarcentrum.se\/lerum\/wp-content\/uploads\/sites\/28\/2025\/01\/image-2.png 1182w\" sizes=\"(max-width: 1024px) 100vw, 1024px\" \/><\/figure>\n","protected":false},"featured_media":837,"template":"","meta":{"footnotes":""},"story_category":[],"acf":[],"yoast_head":"<!-- This site is optimized with the Yoast SEO plugin v22.9 - https:\/\/yoast.com\/wordpress\/plugins\/seo\/ -->\n<title>Resilient HR\u00a0 \u2013 Bygger motst\u00e5ndskraftiga organisationer - Lerum<\/title>\n<meta name=\"robots\" content=\"index, follow, max-snippet:-1, max-image-preview:large, max-video-preview:-1\" \/>\n<link rel=\"canonical\" href=\"https:\/\/nyforetagarcentrum.se\/lerum\/success-stories\/resilient-hr-skapar-hallbara-arbetsmiljoer\/\" \/>\n<meta property=\"og:locale\" content=\"sv_SE\" \/>\n<meta property=\"og:type\" content=\"article\" \/>\n<meta property=\"og:title\" content=\"Resilient HR\u00a0 \u2013 Bygger motst\u00e5ndskraftiga organisationer - Lerum\" \/>\n<meta property=\"og:description\" content=\"Inspiration och f\u00f6retagsbakgrund Pernilla Obert Nielsen grundade Resilient HR 2022 med en tydlig drivkraft: organisationer blir framg\u00e5ngsrika n\u00e4r de st\u00e4rker sin f\u00f6rm\u00e5ga att hantera f\u00f6r\u00e4ndring &#8211; sin resiliens &#8211; genom att frig\u00f6ra kraften i sina medarbetare. Med en bakgrund inom aff\u00e4rsjuridik och \u00f6ver 20 \u00e5rs erfarenhet inom HR och organisationsutveckling s\u00e5g hon att f\u00f6retag beh\u00f6vde [&hellip;]\" \/>\n<meta property=\"og:url\" content=\"https:\/\/nyforetagarcentrum.se\/lerum\/success-stories\/resilient-hr-skapar-hallbara-arbetsmiljoer\/\" \/>\n<meta property=\"og:site_name\" content=\"Lerum\" \/>\n<meta property=\"article:modified_time\" content=\"2025-02-23T12:15:20+00:00\" \/>\n<meta property=\"og:image\" content=\"https:\/\/nyforetagarcentrum.se\/lerum\/wp-content\/uploads\/sites\/28\/2025\/01\/image-3.png\" \/>\n\t<meta property=\"og:image:width\" content=\"1200\" \/>\n\t<meta property=\"og:image:height\" content=\"1200\" \/>\n\t<meta property=\"og:image:type\" content=\"image\/png\" \/>\n<meta name=\"twitter:card\" content=\"summary_large_image\" \/>\n<meta name=\"twitter:label1\" content=\"Ber\u00e4knad l\u00e4stid\" \/>\n\t<meta name=\"twitter:data1\" content=\"3 minuter\" \/>\n<script type=\"application\/ld+json\" class=\"yoast-schema-graph\">{\"@context\":\"https:\/\/schema.org\",\"@graph\":[{\"@type\":\"WebPage\",\"@id\":\"https:\/\/nyforetagarcentrum.se\/lerum\/success-stories\/resilient-hr-skapar-hallbara-arbetsmiljoer\/\",\"url\":\"https:\/\/nyforetagarcentrum.se\/lerum\/success-stories\/resilient-hr-skapar-hallbara-arbetsmiljoer\/\",\"name\":\"Resilient HR\u00a0 \u2013 Bygger motst\u00e5ndskraftiga organisationer - Lerum\",\"isPartOf\":{\"@id\":\"https:\/\/nyforetagarcentrum.se\/lerum\/#website\"},\"primaryImageOfPage\":{\"@id\":\"https:\/\/nyforetagarcentrum.se\/lerum\/success-stories\/resilient-hr-skapar-hallbara-arbetsmiljoer\/#primaryimage\"},\"image\":{\"@id\":\"https:\/\/nyforetagarcentrum.se\/lerum\/success-stories\/resilient-hr-skapar-hallbara-arbetsmiljoer\/#primaryimage\"},\"thumbnailUrl\":\"https:\/\/nyforetagarcentrum.se\/lerum\/wp-content\/uploads\/sites\/28\/2025\/01\/image-3.png\",\"datePublished\":\"2025-01-27T14:12:28+00:00\",\"dateModified\":\"2025-02-23T12:15:20+00:00\",\"breadcrumb\":{\"@id\":\"https:\/\/nyforetagarcentrum.se\/lerum\/success-stories\/resilient-hr-skapar-hallbara-arbetsmiljoer\/#breadcrumb\"},\"inLanguage\":\"sv-SE\",\"potentialAction\":[{\"@type\":\"ReadAction\",\"target\":[\"https:\/\/nyforetagarcentrum.se\/lerum\/success-stories\/resilient-hr-skapar-hallbara-arbetsmiljoer\/\"]}]},{\"@type\":\"ImageObject\",\"inLanguage\":\"sv-SE\",\"@id\":\"https:\/\/nyforetagarcentrum.se\/lerum\/success-stories\/resilient-hr-skapar-hallbara-arbetsmiljoer\/#primaryimage\",\"url\":\"https:\/\/nyforetagarcentrum.se\/lerum\/wp-content\/uploads\/sites\/28\/2025\/01\/image-3.png\",\"contentUrl\":\"https:\/\/nyforetagarcentrum.se\/lerum\/wp-content\/uploads\/sites\/28\/2025\/01\/image-3.png\",\"width\":1200,\"height\":1200},{\"@type\":\"BreadcrumbList\",\"@id\":\"https:\/\/nyforetagarcentrum.se\/lerum\/success-stories\/resilient-hr-skapar-hallbara-arbetsmiljoer\/#breadcrumb\",\"itemListElement\":[{\"@type\":\"ListItem\",\"position\":1,\"name\":\"Hem\",\"item\":\"https:\/\/nyforetagarcentrum.se\/lerum\/\"},{\"@type\":\"ListItem\",\"position\":2,\"name\":\"Success stories\",\"item\":\"https:\/\/nyforetagarcentrum.se\/lerum\/success-stories\/\"},{\"@type\":\"ListItem\",\"position\":3,\"name\":\"Resilient HR\u00a0 \u2013 Bygger motst\u00e5ndskraftiga organisationer\"}]},{\"@type\":\"WebSite\",\"@id\":\"https:\/\/nyforetagarcentrum.se\/lerum\/#website\",\"url\":\"https:\/\/nyforetagarcentrum.se\/lerum\/\",\"name\":\"Lerum\",\"description\":\"Sveriges ledande kraft f\u00f6r fler nya livskraftiga f\u00f6retag\",\"publisher\":{\"@id\":\"https:\/\/nyforetagarcentrum.se\/lerum\/#organization\"},\"potentialAction\":[{\"@type\":\"SearchAction\",\"target\":{\"@type\":\"EntryPoint\",\"urlTemplate\":\"https:\/\/nyforetagarcentrum.se\/lerum\/?s={search_term_string}\"},\"query-input\":\"required name=search_term_string\"}],\"inLanguage\":\"sv-SE\"},{\"@type\":\"Organization\",\"@id\":\"https:\/\/nyforetagarcentrum.se\/lerum\/#organization\",\"name\":\"Lerum\",\"url\":\"https:\/\/nyforetagarcentrum.se\/lerum\/\",\"logo\":{\"@type\":\"ImageObject\",\"inLanguage\":\"sv-SE\",\"@id\":\"https:\/\/nyforetagarcentrum.se\/lerum\/#\/schema\/logo\/image\/\",\"url\":\"https:\/\/nyforetagarcentrum.se\/lerum\/wp-content\/uploads\/sites\/28\/2026\/04\/lerum_vit.png\",\"contentUrl\":\"https:\/\/nyforetagarcentrum.se\/lerum\/wp-content\/uploads\/sites\/28\/2026\/04\/lerum_vit.png\",\"width\":870,\"height\":355,\"caption\":\"Lerum\"},\"image\":{\"@id\":\"https:\/\/nyforetagarcentrum.se\/lerum\/#\/schema\/logo\/image\/\"}}]}<\/script>\n<!-- \/ Yoast SEO plugin. -->","yoast_head_json":{"title":"Resilient HR\u00a0 \u2013 Bygger motst\u00e5ndskraftiga organisationer - Lerum","robots":{"index":"index","follow":"follow","max-snippet":"max-snippet:-1","max-image-preview":"max-image-preview:large","max-video-preview":"max-video-preview:-1"},"canonical":"https:\/\/nyforetagarcentrum.se\/lerum\/success-stories\/resilient-hr-skapar-hallbara-arbetsmiljoer\/","og_locale":"sv_SE","og_type":"article","og_title":"Resilient HR\u00a0 \u2013 Bygger motst\u00e5ndskraftiga organisationer - Lerum","og_description":"Inspiration och f\u00f6retagsbakgrund Pernilla Obert Nielsen grundade Resilient HR 2022 med en tydlig drivkraft: organisationer blir framg\u00e5ngsrika n\u00e4r de st\u00e4rker sin f\u00f6rm\u00e5ga att hantera f\u00f6r\u00e4ndring &#8211; sin resiliens &#8211; genom att frig\u00f6ra kraften i sina medarbetare. Med en bakgrund inom aff\u00e4rsjuridik och \u00f6ver 20 \u00e5rs erfarenhet inom HR och organisationsutveckling s\u00e5g hon att f\u00f6retag beh\u00f6vde [&hellip;]","og_url":"https:\/\/nyforetagarcentrum.se\/lerum\/success-stories\/resilient-hr-skapar-hallbara-arbetsmiljoer\/","og_site_name":"Lerum","article_modified_time":"2025-02-23T12:15:20+00:00","og_image":[{"width":1200,"height":1200,"url":"https:\/\/nyforetagarcentrum.se\/lerum\/wp-content\/uploads\/sites\/28\/2025\/01\/image-3.png","type":"image\/png"}],"twitter_card":"summary_large_image","twitter_misc":{"Ber\u00e4knad l\u00e4stid":"3 minuter"},"schema":{"@context":"https:\/\/schema.org","@graph":[{"@type":"WebPage","@id":"https:\/\/nyforetagarcentrum.se\/lerum\/success-stories\/resilient-hr-skapar-hallbara-arbetsmiljoer\/","url":"https:\/\/nyforetagarcentrum.se\/lerum\/success-stories\/resilient-hr-skapar-hallbara-arbetsmiljoer\/","name":"Resilient HR\u00a0 \u2013 Bygger motst\u00e5ndskraftiga organisationer - Lerum","isPartOf":{"@id":"https:\/\/nyforetagarcentrum.se\/lerum\/#website"},"primaryImageOfPage":{"@id":"https:\/\/nyforetagarcentrum.se\/lerum\/success-stories\/resilient-hr-skapar-hallbara-arbetsmiljoer\/#primaryimage"},"image":{"@id":"https:\/\/nyforetagarcentrum.se\/lerum\/success-stories\/resilient-hr-skapar-hallbara-arbetsmiljoer\/#primaryimage"},"thumbnailUrl":"https:\/\/nyforetagarcentrum.se\/lerum\/wp-content\/uploads\/sites\/28\/2025\/01\/image-3.png","datePublished":"2025-01-27T14:12:28+00:00","dateModified":"2025-02-23T12:15:20+00:00","breadcrumb":{"@id":"https:\/\/nyforetagarcentrum.se\/lerum\/success-stories\/resilient-hr-skapar-hallbara-arbetsmiljoer\/#breadcrumb"},"inLanguage":"sv-SE","potentialAction":[{"@type":"ReadAction","target":["https:\/\/nyforetagarcentrum.se\/lerum\/success-stories\/resilient-hr-skapar-hallbara-arbetsmiljoer\/"]}]},{"@type":"ImageObject","inLanguage":"sv-SE","@id":"https:\/\/nyforetagarcentrum.se\/lerum\/success-stories\/resilient-hr-skapar-hallbara-arbetsmiljoer\/#primaryimage","url":"https:\/\/nyforetagarcentrum.se\/lerum\/wp-content\/uploads\/sites\/28\/2025\/01\/image-3.png","contentUrl":"https:\/\/nyforetagarcentrum.se\/lerum\/wp-content\/uploads\/sites\/28\/2025\/01\/image-3.png","width":1200,"height":1200},{"@type":"BreadcrumbList","@id":"https:\/\/nyforetagarcentrum.se\/lerum\/success-stories\/resilient-hr-skapar-hallbara-arbetsmiljoer\/#breadcrumb","itemListElement":[{"@type":"ListItem","position":1,"name":"Hem","item":"https:\/\/nyforetagarcentrum.se\/lerum\/"},{"@type":"ListItem","position":2,"name":"Success stories","item":"https:\/\/nyforetagarcentrum.se\/lerum\/success-stories\/"},{"@type":"ListItem","position":3,"name":"Resilient HR\u00a0 \u2013 Bygger motst\u00e5ndskraftiga organisationer"}]},{"@type":"WebSite","@id":"https:\/\/nyforetagarcentrum.se\/lerum\/#website","url":"https:\/\/nyforetagarcentrum.se\/lerum\/","name":"Lerum","description":"Sveriges ledande kraft f\u00f6r fler nya livskraftiga f\u00f6retag","publisher":{"@id":"https:\/\/nyforetagarcentrum.se\/lerum\/#organization"},"potentialAction":[{"@type":"SearchAction","target":{"@type":"EntryPoint","urlTemplate":"https:\/\/nyforetagarcentrum.se\/lerum\/?s={search_term_string}"},"query-input":"required name=search_term_string"}],"inLanguage":"sv-SE"},{"@type":"Organization","@id":"https:\/\/nyforetagarcentrum.se\/lerum\/#organization","name":"Lerum","url":"https:\/\/nyforetagarcentrum.se\/lerum\/","logo":{"@type":"ImageObject","inLanguage":"sv-SE","@id":"https:\/\/nyforetagarcentrum.se\/lerum\/#\/schema\/logo\/image\/","url":"https:\/\/nyforetagarcentrum.se\/lerum\/wp-content\/uploads\/sites\/28\/2026\/04\/lerum_vit.png","contentUrl":"https:\/\/nyforetagarcentrum.se\/lerum\/wp-content\/uploads\/sites\/28\/2026\/04\/lerum_vit.png","width":870,"height":355,"caption":"Lerum"},"image":{"@id":"https:\/\/nyforetagarcentrum.se\/lerum\/#\/schema\/logo\/image\/"}}]}},"_links":{"self":[{"href":"https:\/\/nyforetagarcentrum.se\/lerum\/wp-json\/wp\/v2\/story\/806"}],"collection":[{"href":"https:\/\/nyforetagarcentrum.se\/lerum\/wp-json\/wp\/v2\/story"}],"about":[{"href":"https:\/\/nyforetagarcentrum.se\/lerum\/wp-json\/wp\/v2\/types\/story"}],"version-history":[{"count":3,"href":"https:\/\/nyforetagarcentrum.se\/lerum\/wp-json\/wp\/v2\/story\/806\/revisions"}],"predecessor-version":[{"id":841,"href":"https:\/\/nyforetagarcentrum.se\/lerum\/wp-json\/wp\/v2\/story\/806\/revisions\/841"}],"wp:featuredmedia":[{"embeddable":true,"href":"https:\/\/nyforetagarcentrum.se\/lerum\/wp-json\/wp\/v2\/media\/837"}],"wp:attachment":[{"href":"https:\/\/nyforetagarcentrum.se\/lerum\/wp-json\/wp\/v2\/media?parent=806"}],"wp:term":[{"taxonomy":"story_category","embeddable":true,"href":"https:\/\/nyforetagarcentrum.se\/lerum\/wp-json\/wp\/v2\/story_category?post=806"}],"curies":[{"name":"wp","href":"https:\/\/api.w.org\/{rel}","templated":true}]}}