{"id":795,"date":"2025-01-27T12:05:44","date_gmt":"2025-01-27T11:05:44","guid":{"rendered":"https:\/\/nyforetagarcentrum.se\/lerum\/?post_type=story&#038;p=795"},"modified":"2025-02-18T10:44:19","modified_gmt":"2025-02-18T09:44:19","slug":"mr-eltjanst-ab-en-ny-aktor-i-elbranschen-med-stort-hjarta","status":"publish","type":"story","link":"https:\/\/nyforetagarcentrum.se\/lerum\/success-stories\/mr-eltjanst-ab-en-ny-aktor-i-elbranschen-med-stort-hjarta\/","title":{"rendered":"MR Eltj\u00e4nst AB \u2013 En ny akt\u00f6r i\u00a0 elbranschen med stort hj\u00e4rta"},"content":{"rendered":"\n<p>MR Eltj\u00e4nst AB grundades under h\u00f6sten 2022 av de engagerade entrepren\u00f6rerna Rickard Norberg och Martin Stensson. Tillsammans har de snabbt etablerat sig som ett framst\u00e5ende namn inom elinstallation och tj\u00e4nster i Lerumsomr\u00e5det. Med en stark passion f\u00f6r teknik och en djup \u00f6nskan om kundn\u00f6jdhet startade de f\u00f6retaget f\u00f6r att m\u00f6ta den \u00f6kande efterfr\u00e5gan p\u00e5 h\u00f6gkvalitativa och p\u00e5litliga eltj\u00e4nster.<\/p>\n\n\n\n<p>Med en samlad erfarenhet av n\u00e4stan 25 \u00e5r inom elbranschen har Rickard och Martin en gedigen grund att st\u00e5 p\u00e5. Deras m\u00e5l har alltid varit att leverera professionella och anpassade l\u00f6sningar f\u00f6r b\u00e5de privatpersoner och f\u00f6retag. Genom att st\u00e4ndigt str\u00e4va efter innovation och kvalitet har MR Eltj\u00e4nst AB lyckats bygga ett starkt rykte pr\u00e4glat av p\u00e5litlighet och expertis.<\/p>\n\n\n\n<p>I b\u00f6rjan av sin resa st\u00f6tte de p\u00e5 flera utmaningar. En av de st\u00f6rsta insikterna var hur mycket jobb som kr\u00e4vs f\u00f6r att driva en framg\u00e5ngsrik verksamhet. De ins\u00e5g snabbt att de beh\u00f6vde f\u00e5 in fler uppdrag och marknadsf\u00f6ra sig f\u00f6r att n\u00e5 ut till potentiella kunder. Genom kreativa l\u00f6sningar, som att s\u00e4tta upp enkla lappar p\u00e5 Ica, b\u00f6rjade de bygga sitt varum\u00e4rke.<\/p>\n\n\n\n<p>Vad som g\u00f6r MR Eltj\u00e4nst unikt \u00e4r deras stora fokus p\u00e5 kundservice. De prioriterar alla kunder, stora som sm\u00e5, och ser till att alltid ha roligt p\u00e5 jobbet. Rickard och Martin anser att trivsel och s\u00e4kerhet \u00e4r avg\u00f6rande f\u00f6r deras arbetsmilj\u00f6 och verksamhet.<\/p>\n\n\n\n<p>Kundn\u00f6jdhet m\u00e4ts p\u00e5 ett enkelt s\u00e4tt; n\u00f6jda kunder rekommenderar dem vidare, vilket har resulterat i en v\u00e4xande kundbas. Rickard och Martin \u00e4r s\u00e4rskilt stolta \u00f6ver de positiva rekommendationerna de f\u00e5tt, som har lett till att nya kunder har h\u00f6rt av sig.<\/p>\n\n\n\n<p>F\u00f6r framtiden str\u00e4var MR Eltj\u00e4nst AB efter att v\u00e4xa och anst\u00e4lla fler medarbetare. Trots tillv\u00e4xtambitionerna vill de beh\u00e5lla den personliga kontakten med sina kunder och se till att arbetet f\u00f6rblir n\u00e4ra och engagerande. De \u00e4r medvetna om att det \u00e4r viktigt att inte bara sitta p\u00e5 kontoret utan att vara aktiva ute hos kunderna.<\/p>\n\n\n\n<p>Rickard och Martin ser en konstant utveckling inom elbranschen och planerar att forts\u00e4tta uppdatera sina kunskaper om energibesparingar, laddl\u00f6sningar och solceller f\u00f6r att f\u00f6rbli konkurrenskraftiga.&nbsp;<\/p>\n\n\n\n<p>De har ocks\u00e5 haft stor nytta av sin kontakt med Nyf\u00f6retagarCentrum Lerum, som har erbjudit st\u00f6d och v\u00e4gledning under deras f\u00f6retagsresa. Inte minst i b\u00f6rjan n\u00e4r det fick m\u00e5nga fr\u00e5gor att fundera kring som det inte t\u00e4nkte p\u00e5. Fr\u00e5n f\u00f6rsta b\u00f6rjan var plan att starta vid sidan om p\u00e5 kv\u00e4llar och helger men d\u00e5 hade det blivit konkurrerande verksamhet med d\u00e5varande arbetsgivaren. Mona blev som ett extra s\u00e4kerhetsb\u00e4lte f\u00f6r att kunna starta tryggt och s\u00e4kert.<\/p>\n\n\n\n<p>Som avslutning vill de dela n\u00e5gra l\u00e4rdomar fr\u00e5n sin resa som f\u00f6retagare. De po\u00e4ngterar vikten av att inte ta n\u00e5got f\u00f6r givet och att alltid vara anpassningsbara. En filosofisk v\u00e4gledning de f\u00f6ljer \u00e4r att alltid g\u00f6ra kunden n\u00f6jd \u2013 ett enda d\u00e5ligt jobb kan rasera det goda ryktet som byggts upp genom m\u00e5nga lyckade projekt.<\/p>\n\n\n\n<p>F\u00f6r den som funderar p\u00e5 att starta eget, \u00e4r deras r\u00e5d enkelt: &#8221;K\u00f6r bara! H\u00e5ll nere fasta kostnader i b\u00f6rjan och anv\u00e4nda dina egna resurser. Kom ih\u00e5g att g\u00f6ra varje jobb v\u00e4l, f\u00f6r en n\u00f6jd kund \u00e4r den b\u00e4sta reklamen.&#8221;<\/p>\n\n\n\n<p>MR Eltj\u00e4nst AB \u00e4r mer \u00e4n bara en elinstallationsfirma; det \u00e4r en engagerad partner som arbetar f\u00f6r att skapa l\u00e5ngsiktiga relationer med sina kunder genom p\u00e5litligt arbete och exceptionell service. Med en tydlig vision och stark motivation \u00e4r framtiden ljus f\u00f6r Rickard och Martin.<\/p>\n\n\n\n<p><strong>Korta fr\u00e5gor till\u00a0 entrepren\u00f6rerna bakom succ\u00e9n.<\/strong><\/p>\n\n\n\n<ol>\n<li>N\u00e4r startade du\/ni verksamheten?<br>\u00a0Augusti\/September 2022<\/li>\n\n\n\n<li>Hur kom ni i kontakt med Nyf\u00f6retagarCentrum?<br>Ute och gick med huden och s\u00e5g skylten. Bad Rickard googla och ta reda p\u00e5 mer och googlade.\u00a0<\/li>\n\n\n\n<li>Vad \u00e4r det b\u00e4sta med att driva eget f\u00f6retag?<br>Friheten, man kan jobba hur mycket man vill. Du f\u00e5r g\u00f6ra helheten. Man f\u00f6r g\u00f6ra alla steg fr\u00e5n start till m\u00e5l med kunden. Och man f\u00e5r all fin respons tillbaka d\u00e5 f\u00e5r jag en kick s\u00e4ger Martin.\u00a0<\/li>\n\n\n\n<li>Vilket \u00e4r ditt b\u00e4sta tips till n\u00e5gon som funderar p\u00e5 att starta eget?<br>Tro p\u00e5 dig sj\u00e4lv och bygg sakta!<\/li>\n<\/ol>\n\n\n\n<figure class=\"wp-block-image size-large is-resized\"><img loading=\"lazy\" decoding=\"async\" width=\"1024\" height=\"1024\" src=\"https:\/\/nyforetagarcentrum.se\/lerum\/wp-content\/uploads\/sites\/28\/2025\/01\/image-1024x1024.png\" alt=\"\" class=\"wp-image-798\" style=\"aspect-ratio:1;object-fit:cover;width:200px\" srcset=\"https:\/\/nyforetagarcentrum.se\/lerum\/wp-content\/uploads\/sites\/28\/2025\/01\/image-1024x1024.png 1024w, https:\/\/nyforetagarcentrum.se\/lerum\/wp-content\/uploads\/sites\/28\/2025\/01\/image-300x300.png 300w, https:\/\/nyforetagarcentrum.se\/lerum\/wp-content\/uploads\/sites\/28\/2025\/01\/image-150x150.png 150w, https:\/\/nyforetagarcentrum.se\/lerum\/wp-content\/uploads\/sites\/28\/2025\/01\/image-768x769.png 768w, https:\/\/nyforetagarcentrum.se\/lerum\/wp-content\/uploads\/sites\/28\/2025\/01\/image-1534x1536.png 1534w, https:\/\/nyforetagarcentrum.se\/lerum\/wp-content\/uploads\/sites\/28\/2025\/01\/image-1079x1080.png 1079w, https:\/\/nyforetagarcentrum.se\/lerum\/wp-content\/uploads\/sites\/28\/2025\/01\/image.png 1731w\" sizes=\"(max-width: 1024px) 100vw, 1024px\" \/><\/figure>\n\n\n\n<div class=\"wp-block-buttons is-layout-flex wp-block-buttons-is-layout-flex\">\n<div class=\"wp-block-button\"><a class=\"wp-block-button__link wp-element-button\" href=\"https:\/\/www.mreltjanst.se\">Bes\u00f6k deras hemsidan<\/a><\/div>\n<\/div>\n","protected":false},"featured_media":796,"template":"","meta":{"footnotes":""},"story_category":[],"acf":[],"yoast_head":"<!-- This site is optimized with the Yoast SEO plugin v22.9 - https:\/\/yoast.com\/wordpress\/plugins\/seo\/ -->\n<title>MR Eltj\u00e4nst AB \u2013 En ny akt\u00f6r i\u00a0 elbranschen med stort hj\u00e4rta - Lerum<\/title>\n<meta name=\"robots\" content=\"index, follow, max-snippet:-1, max-image-preview:large, max-video-preview:-1\" \/>\n<link rel=\"canonical\" href=\"https:\/\/nyforetagarcentrum.se\/lerum\/success-stories\/mr-eltjanst-ab-en-ny-aktor-i-elbranschen-med-stort-hjarta\/\" \/>\n<meta property=\"og:locale\" content=\"sv_SE\" \/>\n<meta property=\"og:type\" content=\"article\" \/>\n<meta property=\"og:title\" content=\"MR Eltj\u00e4nst AB \u2013 En ny akt\u00f6r i\u00a0 elbranschen med stort hj\u00e4rta - Lerum\" \/>\n<meta property=\"og:description\" content=\"MR Eltj\u00e4nst AB grundades under h\u00f6sten 2022 av de engagerade entrepren\u00f6rerna Rickard Norberg och Martin Stensson. Tillsammans har de snabbt etablerat sig som ett framst\u00e5ende namn inom elinstallation och tj\u00e4nster i Lerumsomr\u00e5det. Med en stark passion f\u00f6r teknik och en djup \u00f6nskan om kundn\u00f6jdhet startade de f\u00f6retaget f\u00f6r att m\u00f6ta den \u00f6kande efterfr\u00e5gan p\u00e5 h\u00f6gkvalitativa [&hellip;]\" \/>\n<meta property=\"og:url\" content=\"https:\/\/nyforetagarcentrum.se\/lerum\/success-stories\/mr-eltjanst-ab-en-ny-aktor-i-elbranschen-med-stort-hjarta\/\" \/>\n<meta property=\"og:site_name\" content=\"Lerum\" \/>\n<meta property=\"article:modified_time\" content=\"2025-02-18T09:44:19+00:00\" \/>\n<meta property=\"og:image\" content=\"https:\/\/nyforetagarcentrum.se\/lerum\/wp-content\/uploads\/sites\/28\/2025\/01\/IMG_6163.jpg\" \/>\n\t<meta property=\"og:image:width\" content=\"1206\" \/>\n\t<meta property=\"og:image:height\" content=\"1497\" \/>\n\t<meta property=\"og:image:type\" content=\"image\/jpeg\" \/>\n<meta name=\"twitter:card\" content=\"summary_large_image\" \/>\n<meta name=\"twitter:label1\" content=\"Ber\u00e4knad l\u00e4stid\" \/>\n\t<meta name=\"twitter:data1\" content=\"4 minuter\" \/>\n<script type=\"application\/ld+json\" class=\"yoast-schema-graph\">{\"@context\":\"https:\/\/schema.org\",\"@graph\":[{\"@type\":\"WebPage\",\"@id\":\"https:\/\/nyforetagarcentrum.se\/lerum\/success-stories\/mr-eltjanst-ab-en-ny-aktor-i-elbranschen-med-stort-hjarta\/\",\"url\":\"https:\/\/nyforetagarcentrum.se\/lerum\/success-stories\/mr-eltjanst-ab-en-ny-aktor-i-elbranschen-med-stort-hjarta\/\",\"name\":\"MR Eltj\u00e4nst AB \u2013 En ny akt\u00f6r i\u00a0 elbranschen med stort hj\u00e4rta - Lerum\",\"isPartOf\":{\"@id\":\"https:\/\/nyforetagarcentrum.se\/lerum\/#website\"},\"primaryImageOfPage\":{\"@id\":\"https:\/\/nyforetagarcentrum.se\/lerum\/success-stories\/mr-eltjanst-ab-en-ny-aktor-i-elbranschen-med-stort-hjarta\/#primaryimage\"},\"image\":{\"@id\":\"https:\/\/nyforetagarcentrum.se\/lerum\/success-stories\/mr-eltjanst-ab-en-ny-aktor-i-elbranschen-med-stort-hjarta\/#primaryimage\"},\"thumbnailUrl\":\"https:\/\/nyforetagarcentrum.se\/lerum\/wp-content\/uploads\/sites\/28\/2025\/01\/IMG_6163.jpg\",\"datePublished\":\"2025-01-27T11:05:44+00:00\",\"dateModified\":\"2025-02-18T09:44:19+00:00\",\"breadcrumb\":{\"@id\":\"https:\/\/nyforetagarcentrum.se\/lerum\/success-stories\/mr-eltjanst-ab-en-ny-aktor-i-elbranschen-med-stort-hjarta\/#breadcrumb\"},\"inLanguage\":\"sv-SE\",\"potentialAction\":[{\"@type\":\"ReadAction\",\"target\":[\"https:\/\/nyforetagarcentrum.se\/lerum\/success-stories\/mr-eltjanst-ab-en-ny-aktor-i-elbranschen-med-stort-hjarta\/\"]}]},{\"@type\":\"ImageObject\",\"inLanguage\":\"sv-SE\",\"@id\":\"https:\/\/nyforetagarcentrum.se\/lerum\/success-stories\/mr-eltjanst-ab-en-ny-aktor-i-elbranschen-med-stort-hjarta\/#primaryimage\",\"url\":\"https:\/\/nyforetagarcentrum.se\/lerum\/wp-content\/uploads\/sites\/28\/2025\/01\/IMG_6163.jpg\",\"contentUrl\":\"https:\/\/nyforetagarcentrum.se\/lerum\/wp-content\/uploads\/sites\/28\/2025\/01\/IMG_6163.jpg\",\"width\":1206,\"height\":1497},{\"@type\":\"BreadcrumbList\",\"@id\":\"https:\/\/nyforetagarcentrum.se\/lerum\/success-stories\/mr-eltjanst-ab-en-ny-aktor-i-elbranschen-med-stort-hjarta\/#breadcrumb\",\"itemListElement\":[{\"@type\":\"ListItem\",\"position\":1,\"name\":\"Hem\",\"item\":\"https:\/\/nyforetagarcentrum.se\/lerum\/\"},{\"@type\":\"ListItem\",\"position\":2,\"name\":\"Success stories\",\"item\":\"https:\/\/nyforetagarcentrum.se\/lerum\/success-stories\/\"},{\"@type\":\"ListItem\",\"position\":3,\"name\":\"MR Eltj\u00e4nst AB \u2013 En ny akt\u00f6r i\u00a0 elbranschen med stort hj\u00e4rta\"}]},{\"@type\":\"WebSite\",\"@id\":\"https:\/\/nyforetagarcentrum.se\/lerum\/#website\",\"url\":\"https:\/\/nyforetagarcentrum.se\/lerum\/\",\"name\":\"Lerum\",\"description\":\"Sveriges ledande kraft f\u00f6r fler nya livskraftiga f\u00f6retag\",\"publisher\":{\"@id\":\"https:\/\/nyforetagarcentrum.se\/lerum\/#organization\"},\"potentialAction\":[{\"@type\":\"SearchAction\",\"target\":{\"@type\":\"EntryPoint\",\"urlTemplate\":\"https:\/\/nyforetagarcentrum.se\/lerum\/?s={search_term_string}\"},\"query-input\":\"required name=search_term_string\"}],\"inLanguage\":\"sv-SE\"},{\"@type\":\"Organization\",\"@id\":\"https:\/\/nyforetagarcentrum.se\/lerum\/#organization\",\"name\":\"Lerum\",\"url\":\"https:\/\/nyforetagarcentrum.se\/lerum\/\",\"logo\":{\"@type\":\"ImageObject\",\"inLanguage\":\"sv-SE\",\"@id\":\"https:\/\/nyforetagarcentrum.se\/lerum\/#\/schema\/logo\/image\/\",\"url\":\"https:\/\/nyforetagarcentrum.se\/lerum\/wp-content\/uploads\/sites\/28\/2026\/04\/lerum_vit.png\",\"contentUrl\":\"https:\/\/nyforetagarcentrum.se\/lerum\/wp-content\/uploads\/sites\/28\/2026\/04\/lerum_vit.png\",\"width\":870,\"height\":355,\"caption\":\"Lerum\"},\"image\":{\"@id\":\"https:\/\/nyforetagarcentrum.se\/lerum\/#\/schema\/logo\/image\/\"}}]}<\/script>\n<!-- \/ Yoast SEO plugin. -->","yoast_head_json":{"title":"MR Eltj\u00e4nst AB \u2013 En ny akt\u00f6r i\u00a0 elbranschen med stort hj\u00e4rta - Lerum","robots":{"index":"index","follow":"follow","max-snippet":"max-snippet:-1","max-image-preview":"max-image-preview:large","max-video-preview":"max-video-preview:-1"},"canonical":"https:\/\/nyforetagarcentrum.se\/lerum\/success-stories\/mr-eltjanst-ab-en-ny-aktor-i-elbranschen-med-stort-hjarta\/","og_locale":"sv_SE","og_type":"article","og_title":"MR Eltj\u00e4nst AB \u2013 En ny akt\u00f6r i\u00a0 elbranschen med stort hj\u00e4rta - Lerum","og_description":"MR Eltj\u00e4nst AB grundades under h\u00f6sten 2022 av de engagerade entrepren\u00f6rerna Rickard Norberg och Martin Stensson. Tillsammans har de snabbt etablerat sig som ett framst\u00e5ende namn inom elinstallation och tj\u00e4nster i Lerumsomr\u00e5det. Med en stark passion f\u00f6r teknik och en djup \u00f6nskan om kundn\u00f6jdhet startade de f\u00f6retaget f\u00f6r att m\u00f6ta den \u00f6kande efterfr\u00e5gan p\u00e5 h\u00f6gkvalitativa [&hellip;]","og_url":"https:\/\/nyforetagarcentrum.se\/lerum\/success-stories\/mr-eltjanst-ab-en-ny-aktor-i-elbranschen-med-stort-hjarta\/","og_site_name":"Lerum","article_modified_time":"2025-02-18T09:44:19+00:00","og_image":[{"width":1206,"height":1497,"url":"https:\/\/nyforetagarcentrum.se\/lerum\/wp-content\/uploads\/sites\/28\/2025\/01\/IMG_6163.jpg","type":"image\/jpeg"}],"twitter_card":"summary_large_image","twitter_misc":{"Ber\u00e4knad l\u00e4stid":"4 minuter"},"schema":{"@context":"https:\/\/schema.org","@graph":[{"@type":"WebPage","@id":"https:\/\/nyforetagarcentrum.se\/lerum\/success-stories\/mr-eltjanst-ab-en-ny-aktor-i-elbranschen-med-stort-hjarta\/","url":"https:\/\/nyforetagarcentrum.se\/lerum\/success-stories\/mr-eltjanst-ab-en-ny-aktor-i-elbranschen-med-stort-hjarta\/","name":"MR Eltj\u00e4nst AB \u2013 En ny akt\u00f6r i\u00a0 elbranschen med stort hj\u00e4rta - Lerum","isPartOf":{"@id":"https:\/\/nyforetagarcentrum.se\/lerum\/#website"},"primaryImageOfPage":{"@id":"https:\/\/nyforetagarcentrum.se\/lerum\/success-stories\/mr-eltjanst-ab-en-ny-aktor-i-elbranschen-med-stort-hjarta\/#primaryimage"},"image":{"@id":"https:\/\/nyforetagarcentrum.se\/lerum\/success-stories\/mr-eltjanst-ab-en-ny-aktor-i-elbranschen-med-stort-hjarta\/#primaryimage"},"thumbnailUrl":"https:\/\/nyforetagarcentrum.se\/lerum\/wp-content\/uploads\/sites\/28\/2025\/01\/IMG_6163.jpg","datePublished":"2025-01-27T11:05:44+00:00","dateModified":"2025-02-18T09:44:19+00:00","breadcrumb":{"@id":"https:\/\/nyforetagarcentrum.se\/lerum\/success-stories\/mr-eltjanst-ab-en-ny-aktor-i-elbranschen-med-stort-hjarta\/#breadcrumb"},"inLanguage":"sv-SE","potentialAction":[{"@type":"ReadAction","target":["https:\/\/nyforetagarcentrum.se\/lerum\/success-stories\/mr-eltjanst-ab-en-ny-aktor-i-elbranschen-med-stort-hjarta\/"]}]},{"@type":"ImageObject","inLanguage":"sv-SE","@id":"https:\/\/nyforetagarcentrum.se\/lerum\/success-stories\/mr-eltjanst-ab-en-ny-aktor-i-elbranschen-med-stort-hjarta\/#primaryimage","url":"https:\/\/nyforetagarcentrum.se\/lerum\/wp-content\/uploads\/sites\/28\/2025\/01\/IMG_6163.jpg","contentUrl":"https:\/\/nyforetagarcentrum.se\/lerum\/wp-content\/uploads\/sites\/28\/2025\/01\/IMG_6163.jpg","width":1206,"height":1497},{"@type":"BreadcrumbList","@id":"https:\/\/nyforetagarcentrum.se\/lerum\/success-stories\/mr-eltjanst-ab-en-ny-aktor-i-elbranschen-med-stort-hjarta\/#breadcrumb","itemListElement":[{"@type":"ListItem","position":1,"name":"Hem","item":"https:\/\/nyforetagarcentrum.se\/lerum\/"},{"@type":"ListItem","position":2,"name":"Success stories","item":"https:\/\/nyforetagarcentrum.se\/lerum\/success-stories\/"},{"@type":"ListItem","position":3,"name":"MR Eltj\u00e4nst AB \u2013 En ny akt\u00f6r i\u00a0 elbranschen med stort hj\u00e4rta"}]},{"@type":"WebSite","@id":"https:\/\/nyforetagarcentrum.se\/lerum\/#website","url":"https:\/\/nyforetagarcentrum.se\/lerum\/","name":"Lerum","description":"Sveriges ledande kraft f\u00f6r fler nya livskraftiga f\u00f6retag","publisher":{"@id":"https:\/\/nyforetagarcentrum.se\/lerum\/#organization"},"potentialAction":[{"@type":"SearchAction","target":{"@type":"EntryPoint","urlTemplate":"https:\/\/nyforetagarcentrum.se\/lerum\/?s={search_term_string}"},"query-input":"required name=search_term_string"}],"inLanguage":"sv-SE"},{"@type":"Organization","@id":"https:\/\/nyforetagarcentrum.se\/lerum\/#organization","name":"Lerum","url":"https:\/\/nyforetagarcentrum.se\/lerum\/","logo":{"@type":"ImageObject","inLanguage":"sv-SE","@id":"https:\/\/nyforetagarcentrum.se\/lerum\/#\/schema\/logo\/image\/","url":"https:\/\/nyforetagarcentrum.se\/lerum\/wp-content\/uploads\/sites\/28\/2026\/04\/lerum_vit.png","contentUrl":"https:\/\/nyforetagarcentrum.se\/lerum\/wp-content\/uploads\/sites\/28\/2026\/04\/lerum_vit.png","width":870,"height":355,"caption":"Lerum"},"image":{"@id":"https:\/\/nyforetagarcentrum.se\/lerum\/#\/schema\/logo\/image\/"}}]}},"_links":{"self":[{"href":"https:\/\/nyforetagarcentrum.se\/lerum\/wp-json\/wp\/v2\/story\/795"}],"collection":[{"href":"https:\/\/nyforetagarcentrum.se\/lerum\/wp-json\/wp\/v2\/story"}],"about":[{"href":"https:\/\/nyforetagarcentrum.se\/lerum\/wp-json\/wp\/v2\/types\/story"}],"version-history":[{"count":1,"href":"https:\/\/nyforetagarcentrum.se\/lerum\/wp-json\/wp\/v2\/story\/795\/revisions"}],"predecessor-version":[{"id":799,"href":"https:\/\/nyforetagarcentrum.se\/lerum\/wp-json\/wp\/v2\/story\/795\/revisions\/799"}],"wp:featuredmedia":[{"embeddable":true,"href":"https:\/\/nyforetagarcentrum.se\/lerum\/wp-json\/wp\/v2\/media\/796"}],"wp:attachment":[{"href":"https:\/\/nyforetagarcentrum.se\/lerum\/wp-json\/wp\/v2\/media?parent=795"}],"wp:term":[{"taxonomy":"story_category","embeddable":true,"href":"https:\/\/nyforetagarcentrum.se\/lerum\/wp-json\/wp\/v2\/story_category?post=795"}],"curies":[{"name":"wp","href":"https:\/\/api.w.org\/{rel}","templated":true}]}}