{"id":702,"date":"2024-09-11T19:28:04","date_gmt":"2024-09-11T17:28:04","guid":{"rendered":"https:\/\/nyforetagarcentrum.se\/lerum\/?post_type=story&#038;p=702"},"modified":"2024-09-11T19:29:12","modified_gmt":"2024-09-11T17:29:12","slug":"vi-tog-ut-pension-och-startade-ett-flytande-foretag-i-halsans-tecken","status":"publish","type":"story","link":"https:\/\/nyforetagarcentrum.se\/lerum\/success-stories\/vi-tog-ut-pension-och-startade-ett-flytande-foretag-i-halsans-tecken\/","title":{"rendered":"Vi tog ut pension och startade ett flytande f\u00f6retag i h\u00e4lsans tecken."},"content":{"rendered":"\n<figure class=\"wp-block-image size-full\"><img loading=\"lazy\" decoding=\"async\" width=\"1500\" height=\"844\" src=\"https:\/\/nyforetagarcentrum.se\/lerum\/wp-content\/uploads\/sites\/28\/2024\/09\/catamaran_19.jpg\" alt=\"\" class=\"wp-image-704\" srcset=\"https:\/\/nyforetagarcentrum.se\/lerum\/wp-content\/uploads\/sites\/28\/2024\/09\/catamaran_19.jpg 1500w, https:\/\/nyforetagarcentrum.se\/lerum\/wp-content\/uploads\/sites\/28\/2024\/09\/catamaran_19-300x169.jpg 300w, https:\/\/nyforetagarcentrum.se\/lerum\/wp-content\/uploads\/sites\/28\/2024\/09\/catamaran_19-1024x576.jpg 1024w, https:\/\/nyforetagarcentrum.se\/lerum\/wp-content\/uploads\/sites\/28\/2024\/09\/catamaran_19-768x432.jpg 768w\" sizes=\"(max-width: 1500px) 100vw, 1500px\" \/><\/figure>\n\n\n\n<p>Det b\u00f6rjade i Tanumstrand, 2016. Hon var en ovanlig syn, b\u00e5de f\u00f6r \u00e5rstiden och platsen, mitt under sm\u00e4llkalla vintern! S\u00e5 fantastiskt vacker och m\u00e4ktig. S\u00e5 otroligt sp\u00e4nnande och inbjudande. Vi blev h\u00e4nf\u00f6rda och v\u00e4ldigt nyfikna. Vi var bara tvungna att knacka p\u00e5 och fr\u00e5ga om vi m\u00f6jligtvis kunde f\u00e5 se insidan av denna fascinerande skapelse.<\/p>\n\n\n\n<p>Det var ett trevligt norskt par som \u00e4gde henne. De hade ganska nyligen gjort en l\u00e5ngseglats hem fr\u00e5n Australien. Visst var vi v\u00e4lkomna ombord. De visade stolta upp sin vackra segelkatamaran. Boende och b\u00e5t, allt i ett. Ett flytande, mobilt, lyxigt hem. Vi blev helt lyriska, och just d\u00e4r och d\u00e5 vaknade en gammal dr\u00f6m till liv; att bo och leva p\u00e5 havet. &nbsp;<\/p>\n\n\n\n<p>S\u00e5klart b\u00f6rjade vi kolla annonser, leta efter \u201dv\u00e5r\u201d b\u00e5t. Det var en tidskr\u00e4vande process. De flesta fanns i Kroatien, Spanien och Grekland. V\u00e5r hopkn\u00e5pade lista p\u00e5 s\u00e4kert tjugo intressanta katamaraner b\u00f6rjade vi beta av slutet 2019, med start i just Kroatien. Vi bokade tid med m\u00e4klare och tittade p\u00e5 ett otal katamaraner. Inte m\u00e5nga d\u00f6g, men den 29 november hittade vi henne. En Lagoon 440, 2009. Efter knappa tv\u00e5 \u00e5r av f\u00f6rhandlingar med \u00e4garen, av att hyra, l\u00e4ra och l\u00e4ra k\u00e4nna henne samt f\u00e5 ihop summan, var hon \u00e4ntligen v\u00e5r i b\u00f6rjan p\u00e5 2021. FutunaT.<\/p>\n\n\n\n<p>Vi tog ut pension f\u00f6r att uppfylla denna v\u00e5r gemensamma dr\u00f6m. Vi bokade flygbiljetter, packade och kastade loss f\u00f6r en ny livsstil, till v\u00e5rt nya hem p\u00e5 Medelhavet. Vi, precis som flyttf\u00e5glarna, flyr det gr\u00e5a och r\u00e5kalla vinterhalv\u00e5ret f\u00f6r att bo p\u00e5 v\u00e5r b\u00e5t n\u00e5gonstans p\u00e5 det vackra Medelhavet. Och med flyttf\u00e5glarna \u00e5terv\u00e4nder vi hem igen, f\u00f6r att tillbringa ljuvliga sommarhalv\u00e5ret med familjer och v\u00e4nner i Norden.&nbsp;<\/p>\n\n\n\n<p>De f\u00f6rsta fyra \u00e5ren tr\u00e4nade vi och l\u00e4rde oss v\u00e5r katamaran, samtidigt som vi utforskade m\u00e5nga av de magiskt vackra \u00f6arna i Kroatiens sk\u00e4rg\u00e5rd. Vi var runt i Kornatis nationalpark, p\u00e5 de brutala klipporna p\u00e5 Dugi otok och den fantastiska saltsj\u00f6n Jezero Mir, in i vackra fjorden vid pittoreska staden \u0160ibenik, genom sj\u00f6n Proklajansko Jezero och upp till Krkas nationalpark med de sagolika vattenfallen, in i den ofattbart bl\u00e5a vattengrottan The Blue Cave p\u00e5 \u00f6n Vis, till ber\u00f6mda Golden Horn beach p\u00e5 \u00f6n Bra\u010d etcetera. Det finns otroligt mycket vackert att se och uppleva i och runt Kroatien. Och vattnet\u2026 turkost och kristallklart!<\/p>\n\n\n\n<p>Tre \u00e5r i rad har vi fr\u00e5n slutet september guidat runt olika grupper av familj, sl\u00e4ktingar och v\u00e4nner samt obekanta g\u00e4ster som sedan blivit v\u00e4nner, till v\u00e5ra smultronst\u00e4llen runt i Kroatiens \u00f6-v\u00e4rld. Alla som varit ombord har stortrivts. P\u00e5 n\u00e5got underligt s\u00e4tt har det blivit att g\u00e4sterna \u00f6ppnat sig och vi har haft fantastiskt h\u00e4rliga samtal, om allt m\u00f6jligt. Det bara blir s\u00e5. Eftersom b\u00e5de vi och v\u00e5ra g\u00e4ster har m\u00e5tt s\u00e5 bra p\u00e5 b\u00e5ten b\u00f6rjade tanken p\u00e5 ett h\u00e4lsokoncept ta form. Vad kunde vara b\u00e4ttre \u00e4n att f\u00f6rena nytta med n\u00f6je, t\u00e4nkte vi. Ombord p\u00e5 b\u00e5ten pratar vi \u00e4nd\u00e5 s\u00e5 ofta om h\u00e4lsosam kost och att m\u00e5 bra, eftersom vi \u00e4r s\u00e5 intresserade b\u00e5da tv\u00e5. Vi har stundtals b\u00e5de tr\u00e4ningspass, andnings\u00f6vningar, meditation, massage och yoga. F\u00f6rutom att vi b\u00e5da \u00e4r l\u00e4rare har vi flertalet andra utbildningar i bagaget s\u00e5 som massage, triggerpunktmassage, HLR, kost- och livsstilsr\u00e5dgivning, par- och h\u00e4lsocoaching, akvarellm\u00e5lning mm. S\u00e5 vi kontaktade Nyf\u00f6retagarcentrum i Floda, f\u00f6r att ta reda p\u00e5 om och i s\u00e5 fall hur vi skulle g\u00e5 till v\u00e4ga f\u00f6r att skapa och driva ett f\u00f6retag inom h\u00e4lsans tecken fr\u00e5n v\u00e5r b\u00e5t. Mona Johansson, som blev v\u00e5r egen kontaktperson, t\u00e4nde p\u00e5 id\u00e9n och hj\u00e4lpte oss p\u00e5 alla t\u00e4nkbara s\u00e4tt. Med hennes hj\u00e4lp b\u00f6rjade v\u00e5rt f\u00f6retag under n\u00e5gra inspirerande m\u00f6ten struktureras upp och ta form. Idag driver vi <em>ahahealthcoaching<\/em> fr\u00e5n v\u00e5r katamaran, n\u00e5gonstans p\u00e5 Medelhavet och v\u00e5ra g\u00e4ster\/klienter njuter av b\u00e5tlivet i det fria kombinerat med h\u00e4rliga samtal, god <em>och<\/em> nyttig mat, ibland coaching samt olika typer av aktiviteter, f\u00f6r att m\u00e5 s\u00e5 optimalt det bara \u00e4r m\u00f6jligt.&nbsp;<\/p>\n\n\n\n<p>Tack Mona Johansson p\u00e5 Nyf\u00f6retagare Centrum i Floda, f\u00f6r all professionell hj\u00e4lp, alla hejarop och det st\u00f6d vi f\u00e5tt och fortfarande f\u00e5r n\u00e4r vi beh\u00f6ver. Du hj\u00e4lpte oss att v\u00e5ga kliva utanf\u00f6r \u201dthe comfort zone\u201d och det \u00e4r n\u00e5got vi alltid kommer vara glada och tacksamma f\u00f6r. Det har berikat v\u00e5ra liv p\u00e5 s\u00e4tt vi aldrig i v\u00e5r vildaste fantasi kunnat dr\u00f6mma om. Att det skulle bli upplevelserikt och \u00e4ventyrligt anade vi nog. Vad vi inte anade d\u00e5 vi kastade loss och p\u00e5b\u00f6rjade v\u00e5rt \u00e4ventyr, men som vi vet nu, \u00e4r att det stundom \u00e4r ett s\u00e5 otroligt socialt liv. M\u00e5nga fantastiska m\u00f6ten med h\u00e4rliga m\u00e4nniskor fr\u00e5n v\u00e4rldens alla h\u00f6rn har vi f\u00e5tt. Lokalbefolkningen p\u00e5 de olika platser vi bes\u00f6kt har varit v\u00e4lkomnande, gener\u00f6sa och hj\u00e4lpsamma p\u00e5 alla m\u00f6jliga vis. Vi har m\u00f6tt m\u00e4nniskor som, precis som vi, v\u00e5gat ta klivet ut i ovissheten och \u00e4ventyrens magiska v\u00e4rld. Flertalet bor p\u00e5 b\u00e5tar eller i husbilar och \u00e5ker runt, upplever och lever, fullt ut! V\u00e5rt h\u00e4lsokoncept tillf\u00f6r st\u00e4ndigt olika s\u00e4tt att hj\u00e4lpa och m\u00e5 bra p\u00e5. Flera av v\u00e5ra g\u00e4ster har f\u00f6r\u00e4ndrat sin livsstil, tack vare samvaron och v\u00e5rt typ av b\u00e5tliv. Vilken livsbejakande livsstil. Vilken bel\u00f6ning\u2026 f\u00f6r att vi v\u00e5gade! Win-win\u2026 K\u00e4nner du lika dant, eller \u00e4r du nyfiken p\u00e5 hur vi gjorde? Tveka inte att kontakta oss eller Mona p\u00e5 Nyf\u00f6retagare Centrum.&nbsp;<\/p>\n\n\n\n<p>V\u00e5r plan kommande vinterhalv\u00e5r \u00e4r att segla till Kanarie\u00f6arna och \u00f6vervintra d\u00e4r. Vi kommer segla via italienska Sardinien d\u00e4r tv\u00e5, eventuellt tre, olika kitesurfingg\u00e4ng v\u00e4ntar p\u00e5 oss f\u00f6r var sin veckas boende p\u00e5 v\u00e5r katamaran. Efter timmar p\u00e5 en kitebr\u00e4da kan det beh\u00f6vas lite v\u00e4lg\u00f6rande massage och triggerpunktsmassage f\u00f6r deltagarna. Mycket och h\u00e4lsosam mat \u00e4r redan f\u00f6rbest\u00e4llt. N\u00e4r dessa \u00e4ventyr \u00e4r till \u00e4nda seglar vi vidare f\u00f6r att h\u00e4lsa p\u00e5 v\u00e4nner i flera st\u00e4der l\u00e4ngst spanska kusten och Gibraltar. I s\u00f6dra Portugal kommer vi under n\u00e5gra dagar f\u00e5 ombord en av v\u00e5ra f.d. kursledare inom coaching. D\u00e4refter drar vi till Marocko f\u00f6r att d\u00e4rifr\u00e5n ta raka v\u00e4gen \u00f6ver till Gran Canaria. P\u00e5 Gran Canaria kommer vi att ha en g\u00e4stf\u00f6rel\u00e4sare inom coaching, med kursdeltagare ombord 13-19 januari samt 24\/2-2\/3. \u00c4r det n\u00e5gon som \u00f6nskar signa p\u00e5 under v\u00e4gen, allt fr\u00e5n n\u00e5gon dag till en l\u00e4ngre tid ombord, \u00e4r det bara att h\u00f6ra av sig. P\u00e5 v\u00e5r hemsida under bokningar ser man n\u00e4r det finns lediga kabiner. P\u00e5 FutunaT finns fyra dubbelkabiner med egen dusch och toalett, tv\u00e5 enklare singelkabiner, inre salong, yttre aktersalong, sittbrunn och trampoliner i f\u00f6ren samt en flyebridge. Gott om plats med andra ord. Fram\u00e5t mars seglar vi tillbaka till v\u00e5r hemmahamn i Kroatien. Alla \u00e4r varmt v\u00e4lkomna!<\/p>\n\n\n\n<p>Hoppas vi ses! Evy&amp;Olle<\/p>\n\n\n\n<p><a href=\"http:\/\/ahahealthcoaching.com\">ahahealthcoaching.com<\/a><\/p>\n\n\n\n<figure class=\"wp-block-image size-full\"><img loading=\"lazy\" decoding=\"async\" width=\"500\" height=\"207\" src=\"https:\/\/nyforetagarcentrum.se\/lerum\/wp-content\/uploads\/sites\/28\/2024\/09\/cropped-AHALOGO.png\" alt=\"\" class=\"wp-image-706\" srcset=\"https:\/\/nyforetagarcentrum.se\/lerum\/wp-content\/uploads\/sites\/28\/2024\/09\/cropped-AHALOGO.png 500w, https:\/\/nyforetagarcentrum.se\/lerum\/wp-content\/uploads\/sites\/28\/2024\/09\/cropped-AHALOGO-300x124.png 300w\" sizes=\"(max-width: 500px) 100vw, 500px\" \/><\/figure>\n","protected":false},"featured_media":703,"template":"","meta":{"footnotes":""},"story_category":[],"acf":[],"yoast_head":"<!-- This site is optimized with the Yoast SEO plugin v22.9 - https:\/\/yoast.com\/wordpress\/plugins\/seo\/ -->\n<title>Vi tog ut pension och startade ett flytande f\u00f6retag i h\u00e4lsans tecken. - Lerum<\/title>\n<meta name=\"robots\" content=\"index, follow, max-snippet:-1, max-image-preview:large, max-video-preview:-1\" \/>\n<link rel=\"canonical\" href=\"https:\/\/nyforetagarcentrum.se\/lerum\/success-stories\/vi-tog-ut-pension-och-startade-ett-flytande-foretag-i-halsans-tecken\/\" \/>\n<meta property=\"og:locale\" content=\"sv_SE\" \/>\n<meta property=\"og:type\" content=\"article\" \/>\n<meta property=\"og:title\" content=\"Vi tog ut pension och startade ett flytande f\u00f6retag i h\u00e4lsans tecken. - Lerum\" \/>\n<meta property=\"og:description\" content=\"Det b\u00f6rjade i Tanumstrand, 2016. Hon var en ovanlig syn, b\u00e5de f\u00f6r \u00e5rstiden och platsen, mitt under sm\u00e4llkalla vintern! S\u00e5 fantastiskt vacker och m\u00e4ktig. S\u00e5 otroligt sp\u00e4nnande och inbjudande. Vi blev h\u00e4nf\u00f6rda och v\u00e4ldigt nyfikna. Vi var bara tvungna att knacka p\u00e5 och fr\u00e5ga om vi m\u00f6jligtvis kunde f\u00e5 se insidan av denna fascinerande skapelse. [&hellip;]\" \/>\n<meta property=\"og:url\" content=\"https:\/\/nyforetagarcentrum.se\/lerum\/success-stories\/vi-tog-ut-pension-och-startade-ett-flytande-foretag-i-halsans-tecken\/\" \/>\n<meta property=\"og:site_name\" content=\"Lerum\" \/>\n<meta property=\"article:modified_time\" content=\"2024-09-11T17:29:12+00:00\" \/>\n<meta property=\"og:image\" content=\"https:\/\/nyforetagarcentrum.se\/lerum\/wp-content\/uploads\/sites\/28\/2024\/09\/ahahealing-success.jpeg\" \/>\n\t<meta property=\"og:image:width\" content=\"320\" \/>\n\t<meta property=\"og:image:height\" content=\"240\" \/>\n\t<meta property=\"og:image:type\" content=\"image\/jpeg\" \/>\n<meta name=\"twitter:card\" content=\"summary_large_image\" \/>\n<meta name=\"twitter:label1\" content=\"Ber\u00e4knad l\u00e4stid\" \/>\n\t<meta name=\"twitter:data1\" content=\"7 minuter\" \/>\n<script type=\"application\/ld+json\" class=\"yoast-schema-graph\">{\"@context\":\"https:\/\/schema.org\",\"@graph\":[{\"@type\":\"WebPage\",\"@id\":\"https:\/\/nyforetagarcentrum.se\/lerum\/success-stories\/vi-tog-ut-pension-och-startade-ett-flytande-foretag-i-halsans-tecken\/\",\"url\":\"https:\/\/nyforetagarcentrum.se\/lerum\/success-stories\/vi-tog-ut-pension-och-startade-ett-flytande-foretag-i-halsans-tecken\/\",\"name\":\"Vi tog ut pension och startade ett flytande f\u00f6retag i h\u00e4lsans tecken. - Lerum\",\"isPartOf\":{\"@id\":\"https:\/\/nyforetagarcentrum.se\/lerum\/#website\"},\"primaryImageOfPage\":{\"@id\":\"https:\/\/nyforetagarcentrum.se\/lerum\/success-stories\/vi-tog-ut-pension-och-startade-ett-flytande-foretag-i-halsans-tecken\/#primaryimage\"},\"image\":{\"@id\":\"https:\/\/nyforetagarcentrum.se\/lerum\/success-stories\/vi-tog-ut-pension-och-startade-ett-flytande-foretag-i-halsans-tecken\/#primaryimage\"},\"thumbnailUrl\":\"https:\/\/nyforetagarcentrum.se\/lerum\/wp-content\/uploads\/sites\/28\/2024\/09\/ahahealing-success.jpeg\",\"datePublished\":\"2024-09-11T17:28:04+00:00\",\"dateModified\":\"2024-09-11T17:29:12+00:00\",\"breadcrumb\":{\"@id\":\"https:\/\/nyforetagarcentrum.se\/lerum\/success-stories\/vi-tog-ut-pension-och-startade-ett-flytande-foretag-i-halsans-tecken\/#breadcrumb\"},\"inLanguage\":\"sv-SE\",\"potentialAction\":[{\"@type\":\"ReadAction\",\"target\":[\"https:\/\/nyforetagarcentrum.se\/lerum\/success-stories\/vi-tog-ut-pension-och-startade-ett-flytande-foretag-i-halsans-tecken\/\"]}]},{\"@type\":\"ImageObject\",\"inLanguage\":\"sv-SE\",\"@id\":\"https:\/\/nyforetagarcentrum.se\/lerum\/success-stories\/vi-tog-ut-pension-och-startade-ett-flytande-foretag-i-halsans-tecken\/#primaryimage\",\"url\":\"https:\/\/nyforetagarcentrum.se\/lerum\/wp-content\/uploads\/sites\/28\/2024\/09\/ahahealing-success.jpeg\",\"contentUrl\":\"https:\/\/nyforetagarcentrum.se\/lerum\/wp-content\/uploads\/sites\/28\/2024\/09\/ahahealing-success.jpeg\",\"width\":320,\"height\":240},{\"@type\":\"BreadcrumbList\",\"@id\":\"https:\/\/nyforetagarcentrum.se\/lerum\/success-stories\/vi-tog-ut-pension-och-startade-ett-flytande-foretag-i-halsans-tecken\/#breadcrumb\",\"itemListElement\":[{\"@type\":\"ListItem\",\"position\":1,\"name\":\"Hem\",\"item\":\"https:\/\/nyforetagarcentrum.se\/lerum\/\"},{\"@type\":\"ListItem\",\"position\":2,\"name\":\"Success stories\",\"item\":\"https:\/\/nyforetagarcentrum.se\/lerum\/success-stories\/\"},{\"@type\":\"ListItem\",\"position\":3,\"name\":\"Vi tog ut pension och startade ett flytande f\u00f6retag i h\u00e4lsans tecken.\"}]},{\"@type\":\"WebSite\",\"@id\":\"https:\/\/nyforetagarcentrum.se\/lerum\/#website\",\"url\":\"https:\/\/nyforetagarcentrum.se\/lerum\/\",\"name\":\"Lerum\",\"description\":\"Sveriges ledande kraft f\u00f6r fler nya livskraftiga f\u00f6retag\",\"publisher\":{\"@id\":\"https:\/\/nyforetagarcentrum.se\/lerum\/#organization\"},\"potentialAction\":[{\"@type\":\"SearchAction\",\"target\":{\"@type\":\"EntryPoint\",\"urlTemplate\":\"https:\/\/nyforetagarcentrum.se\/lerum\/?s={search_term_string}\"},\"query-input\":\"required name=search_term_string\"}],\"inLanguage\":\"sv-SE\"},{\"@type\":\"Organization\",\"@id\":\"https:\/\/nyforetagarcentrum.se\/lerum\/#organization\",\"name\":\"Lerum\",\"url\":\"https:\/\/nyforetagarcentrum.se\/lerum\/\",\"logo\":{\"@type\":\"ImageObject\",\"inLanguage\":\"sv-SE\",\"@id\":\"https:\/\/nyforetagarcentrum.se\/lerum\/#\/schema\/logo\/image\/\",\"url\":\"https:\/\/nyforetagarcentrum.se\/lerum\/wp-content\/uploads\/sites\/28\/2026\/04\/lerum_vit.png\",\"contentUrl\":\"https:\/\/nyforetagarcentrum.se\/lerum\/wp-content\/uploads\/sites\/28\/2026\/04\/lerum_vit.png\",\"width\":870,\"height\":355,\"caption\":\"Lerum\"},\"image\":{\"@id\":\"https:\/\/nyforetagarcentrum.se\/lerum\/#\/schema\/logo\/image\/\"}}]}<\/script>\n<!-- \/ Yoast SEO plugin. -->","yoast_head_json":{"title":"Vi tog ut pension och startade ett flytande f\u00f6retag i h\u00e4lsans tecken. - Lerum","robots":{"index":"index","follow":"follow","max-snippet":"max-snippet:-1","max-image-preview":"max-image-preview:large","max-video-preview":"max-video-preview:-1"},"canonical":"https:\/\/nyforetagarcentrum.se\/lerum\/success-stories\/vi-tog-ut-pension-och-startade-ett-flytande-foretag-i-halsans-tecken\/","og_locale":"sv_SE","og_type":"article","og_title":"Vi tog ut pension och startade ett flytande f\u00f6retag i h\u00e4lsans tecken. - Lerum","og_description":"Det b\u00f6rjade i Tanumstrand, 2016. Hon var en ovanlig syn, b\u00e5de f\u00f6r \u00e5rstiden och platsen, mitt under sm\u00e4llkalla vintern! S\u00e5 fantastiskt vacker och m\u00e4ktig. S\u00e5 otroligt sp\u00e4nnande och inbjudande. Vi blev h\u00e4nf\u00f6rda och v\u00e4ldigt nyfikna. Vi var bara tvungna att knacka p\u00e5 och fr\u00e5ga om vi m\u00f6jligtvis kunde f\u00e5 se insidan av denna fascinerande skapelse. [&hellip;]","og_url":"https:\/\/nyforetagarcentrum.se\/lerum\/success-stories\/vi-tog-ut-pension-och-startade-ett-flytande-foretag-i-halsans-tecken\/","og_site_name":"Lerum","article_modified_time":"2024-09-11T17:29:12+00:00","og_image":[{"width":320,"height":240,"url":"https:\/\/nyforetagarcentrum.se\/lerum\/wp-content\/uploads\/sites\/28\/2024\/09\/ahahealing-success.jpeg","type":"image\/jpeg"}],"twitter_card":"summary_large_image","twitter_misc":{"Ber\u00e4knad l\u00e4stid":"7 minuter"},"schema":{"@context":"https:\/\/schema.org","@graph":[{"@type":"WebPage","@id":"https:\/\/nyforetagarcentrum.se\/lerum\/success-stories\/vi-tog-ut-pension-och-startade-ett-flytande-foretag-i-halsans-tecken\/","url":"https:\/\/nyforetagarcentrum.se\/lerum\/success-stories\/vi-tog-ut-pension-och-startade-ett-flytande-foretag-i-halsans-tecken\/","name":"Vi tog ut pension och startade ett flytande f\u00f6retag i h\u00e4lsans tecken. - Lerum","isPartOf":{"@id":"https:\/\/nyforetagarcentrum.se\/lerum\/#website"},"primaryImageOfPage":{"@id":"https:\/\/nyforetagarcentrum.se\/lerum\/success-stories\/vi-tog-ut-pension-och-startade-ett-flytande-foretag-i-halsans-tecken\/#primaryimage"},"image":{"@id":"https:\/\/nyforetagarcentrum.se\/lerum\/success-stories\/vi-tog-ut-pension-och-startade-ett-flytande-foretag-i-halsans-tecken\/#primaryimage"},"thumbnailUrl":"https:\/\/nyforetagarcentrum.se\/lerum\/wp-content\/uploads\/sites\/28\/2024\/09\/ahahealing-success.jpeg","datePublished":"2024-09-11T17:28:04+00:00","dateModified":"2024-09-11T17:29:12+00:00","breadcrumb":{"@id":"https:\/\/nyforetagarcentrum.se\/lerum\/success-stories\/vi-tog-ut-pension-och-startade-ett-flytande-foretag-i-halsans-tecken\/#breadcrumb"},"inLanguage":"sv-SE","potentialAction":[{"@type":"ReadAction","target":["https:\/\/nyforetagarcentrum.se\/lerum\/success-stories\/vi-tog-ut-pension-och-startade-ett-flytande-foretag-i-halsans-tecken\/"]}]},{"@type":"ImageObject","inLanguage":"sv-SE","@id":"https:\/\/nyforetagarcentrum.se\/lerum\/success-stories\/vi-tog-ut-pension-och-startade-ett-flytande-foretag-i-halsans-tecken\/#primaryimage","url":"https:\/\/nyforetagarcentrum.se\/lerum\/wp-content\/uploads\/sites\/28\/2024\/09\/ahahealing-success.jpeg","contentUrl":"https:\/\/nyforetagarcentrum.se\/lerum\/wp-content\/uploads\/sites\/28\/2024\/09\/ahahealing-success.jpeg","width":320,"height":240},{"@type":"BreadcrumbList","@id":"https:\/\/nyforetagarcentrum.se\/lerum\/success-stories\/vi-tog-ut-pension-och-startade-ett-flytande-foretag-i-halsans-tecken\/#breadcrumb","itemListElement":[{"@type":"ListItem","position":1,"name":"Hem","item":"https:\/\/nyforetagarcentrum.se\/lerum\/"},{"@type":"ListItem","position":2,"name":"Success stories","item":"https:\/\/nyforetagarcentrum.se\/lerum\/success-stories\/"},{"@type":"ListItem","position":3,"name":"Vi tog ut pension och startade ett flytande f\u00f6retag i h\u00e4lsans tecken."}]},{"@type":"WebSite","@id":"https:\/\/nyforetagarcentrum.se\/lerum\/#website","url":"https:\/\/nyforetagarcentrum.se\/lerum\/","name":"Lerum","description":"Sveriges ledande kraft f\u00f6r fler nya livskraftiga f\u00f6retag","publisher":{"@id":"https:\/\/nyforetagarcentrum.se\/lerum\/#organization"},"potentialAction":[{"@type":"SearchAction","target":{"@type":"EntryPoint","urlTemplate":"https:\/\/nyforetagarcentrum.se\/lerum\/?s={search_term_string}"},"query-input":"required name=search_term_string"}],"inLanguage":"sv-SE"},{"@type":"Organization","@id":"https:\/\/nyforetagarcentrum.se\/lerum\/#organization","name":"Lerum","url":"https:\/\/nyforetagarcentrum.se\/lerum\/","logo":{"@type":"ImageObject","inLanguage":"sv-SE","@id":"https:\/\/nyforetagarcentrum.se\/lerum\/#\/schema\/logo\/image\/","url":"https:\/\/nyforetagarcentrum.se\/lerum\/wp-content\/uploads\/sites\/28\/2026\/04\/lerum_vit.png","contentUrl":"https:\/\/nyforetagarcentrum.se\/lerum\/wp-content\/uploads\/sites\/28\/2026\/04\/lerum_vit.png","width":870,"height":355,"caption":"Lerum"},"image":{"@id":"https:\/\/nyforetagarcentrum.se\/lerum\/#\/schema\/logo\/image\/"}}]}},"_links":{"self":[{"href":"https:\/\/nyforetagarcentrum.se\/lerum\/wp-json\/wp\/v2\/story\/702"}],"collection":[{"href":"https:\/\/nyforetagarcentrum.se\/lerum\/wp-json\/wp\/v2\/story"}],"about":[{"href":"https:\/\/nyforetagarcentrum.se\/lerum\/wp-json\/wp\/v2\/types\/story"}],"version-history":[{"count":2,"href":"https:\/\/nyforetagarcentrum.se\/lerum\/wp-json\/wp\/v2\/story\/702\/revisions"}],"predecessor-version":[{"id":707,"href":"https:\/\/nyforetagarcentrum.se\/lerum\/wp-json\/wp\/v2\/story\/702\/revisions\/707"}],"wp:featuredmedia":[{"embeddable":true,"href":"https:\/\/nyforetagarcentrum.se\/lerum\/wp-json\/wp\/v2\/media\/703"}],"wp:attachment":[{"href":"https:\/\/nyforetagarcentrum.se\/lerum\/wp-json\/wp\/v2\/media?parent=702"}],"wp:term":[{"taxonomy":"story_category","embeddable":true,"href":"https:\/\/nyforetagarcentrum.se\/lerum\/wp-json\/wp\/v2\/story_category?post=702"}],"curies":[{"name":"wp","href":"https:\/\/api.w.org\/{rel}","templated":true}]}}