{"id":541,"date":"2024-05-28T14:36:45","date_gmt":"2024-05-28T12:36:45","guid":{"rendered":"https:\/\/nyforetagarcentrum.se\/lerum\/?post_type=story&#038;p=541"},"modified":"2024-06-17T15:05:31","modified_gmt":"2024-06-17T13:05:31","slug":"forma-keramik-och-drejkurser","status":"publish","type":"story","link":"https:\/\/nyforetagarcentrum.se\/lerum\/success-stories\/forma-keramik-och-drejkurser\/","title":{"rendered":"FORMA keramik och drejkurser"},"content":{"rendered":"\n<figure class=\"wp-block-image size-large\"><img loading=\"lazy\" decoding=\"async\" width=\"1024\" height=\"684\" src=\"https:\/\/nyforetagarcentrum.se\/lerum\/wp-content\/uploads\/sites\/28\/2024\/05\/Skarmavbild-2024-05-28-kl.-14.30.33-1024x684.png\" alt=\"\" class=\"wp-image-544\" srcset=\"https:\/\/nyforetagarcentrum.se\/lerum\/wp-content\/uploads\/sites\/28\/2024\/05\/Skarmavbild-2024-05-28-kl.-14.30.33-1024x684.png 1024w, https:\/\/nyforetagarcentrum.se\/lerum\/wp-content\/uploads\/sites\/28\/2024\/05\/Skarmavbild-2024-05-28-kl.-14.30.33-300x200.png 300w, https:\/\/nyforetagarcentrum.se\/lerum\/wp-content\/uploads\/sites\/28\/2024\/05\/Skarmavbild-2024-05-28-kl.-14.30.33-768x513.png 768w, https:\/\/nyforetagarcentrum.se\/lerum\/wp-content\/uploads\/sites\/28\/2024\/05\/Skarmavbild-2024-05-28-kl.-14.30.33-1536x1026.png 1536w, https:\/\/nyforetagarcentrum.se\/lerum\/wp-content\/uploads\/sites\/28\/2024\/05\/Skarmavbild-2024-05-28-kl.-14.30.33-1617x1080.png 1617w, https:\/\/nyforetagarcentrum.se\/lerum\/wp-content\/uploads\/sites\/28\/2024\/05\/Skarmavbild-2024-05-28-kl.-14.30.33.png 1970w\" sizes=\"(max-width: 1024px) 100vw, 1024px\" \/><\/figure>\n\n\n\n<p><strong>Anna skapar magi med sin keramik<\/strong><\/p>\n\n\n\n<p><strong>Forma Keramik slog upp portarna f\u00f6r fyra \u00e5r sen. Att skapa keramik tillsammans i sm\u00e5 grupper p\u00e5 torget i Floda visade sig vara ett lyckat koncept.<br>\u2013 Det \u00e4r n\u00e5gon slags magi som uppst\u00e5r med h\u00e4nderna, leran och drejskivan, s\u00e4ger Anna Johansson, \u00e4gare till Forma Keramik.<\/strong><\/p>\n\n\n\n<p>N\u00e4r man g\u00e5r in genom d\u00f6rren till Forma Keramik r\u00e5det det ett kreativt lugn. I lokalen, upplyst av molnliknande lampor, sitter sex kvinnor koncentrerat vid sina drejskivor. Man h\u00f6r ett svagt surr fr\u00e5n plattorna och lera som bankas mot en b\u00e4nk. Sk\u00e5lar, fat, koppar och ljusstakar drejas fram av leriga h\u00e4nder p\u00e5 de roterande plattorna. Det sm\u00e5pratas lite men mestadels sitter deltagarna koncentrerat i sina egna bubblor.<\/p>\n\n\n\n<p>Anna Johansson valsar vant omkring mellan vaser, drejskivor och lera samtidigt som hon instruerar kursdeltagarna.&nbsp;<\/p>\n\n\n\n<p>\u2013 Om du har handen lite mot drejskivan s\u00e5 blir det lite friktion d\u00e4r, s\u00e4ger hon samtidigt som hon visar hur en av deltagarna ska h\u00e5lla sin hand.<\/p>\n\n\n\n<p><\/p>\n\n\n\n<p>Ulrika Blom har \u00e5kt fr\u00e5n Ljungskile f\u00f6r att delta i kursen. Hon sitter p\u00e5 en pall och formar en lerklump, det ska bli en kopp.&nbsp;<\/p>\n\n\n\n<p>\u2013 Jag har velat l\u00e4ra mig att dreja v\u00e4ldigt l\u00e4nge, s\u00e4ger hon.&nbsp;<\/p>\n\n\n\n<h2 class=\"wp-block-heading\">Valde Floda \u00f6ver G\u00f6teborg&nbsp;<\/h2>\n\n\n\n<p>Anna Johansson kommer fr\u00e5n Floda och valde att starta sin verksamhet Forma Keramik f\u00f6r fyra \u00e5r sen. Hon har tidigare arbetat som florist men alltid haft en bit att \u00e5ka till jobbet. Att arbeta p\u00e5 hemmaplan lockade.<\/p>\n\n\n\n<p>\u2013 Jag k\u00e4nde att jag g\u00e4rna skulle vilja f\u00e5 det att fungera h\u00e4r, sen var det inte sj\u00e4lvklart att det skulle g\u00f6ra det. Men jag tycker att jag f\u00e5tt ett fantastiskt mottagande och \u00e4r j\u00e4tteglad att jag valde Floda och inte G\u00f6teborg, s\u00e4ger Anna och utvecklar:<\/p>\n\n\n\n<p>\u2013 Jag tror att folk gillar att g\u00f6ra saker p\u00e5 hemmaplan, att man inte n\u00f6dv\u00e4ndigtvis m\u00e5ste \u00e5ka in till G\u00f6teborg f\u00f6r att g\u00f6ra allt. Det \u00e4r lite mysigt med det lokala, d\u00e5 f\u00e5r man n\u00e5gon slags anknytning och relation.&nbsp;<\/p>\n\n\n\n<p>Hon uppt\u00e4ckte tjusningen i att dreja p\u00e5 en kurs f\u00f6r ungef\u00e4r 30 \u00e5r sedan.<\/p>\n\n\n\n<p>\u2013 Det var n\u00e5gon slags k\u00e4rlek med en g\u00e5ng. Jag blev s\u00e5 lycklig av det och det var v\u00e4ldigt kravl\u00f6st. Om jag s\u00e4tter mig med akvarellpapper s\u00e5 kan jag bli lite stressad och r\u00e4dd f\u00f6r att misslyckas. S\u00e5 k\u00e4nner jag aldrig med leran, s\u00e4ger hon.<\/p>\n\n\n\n<p><\/p>\n\n\n\n<h2 class=\"wp-block-heading\">Jobbar mer \u00e4n heltid<\/h2>\n\n\n\n<p>Forma Keramikverkstad arrangerar keramikkurser f\u00f6r b\u00e5de nyb\u00f6rjare och erfarna inom \u00e4mnet. Man kan komma p\u00e5 ett tillf\u00e4lligt event eller g\u00e5 p\u00e5 en kurs. B\u00e5de m\u00f6hippor och f\u00f6retag har bes\u00f6kt Annas verkstad. Och det \u00e4r popul\u00e4rt.&nbsp;<\/p>\n\n\n\n<p>\u2013 Jag jobbar l\u00e5ngt mer \u00e4n heltid och m\u00e5ste tacka nej till ganska m\u00e5nga grejer. Men det \u00e4r ett k\u00e4rt besv\u00e4r och jag k\u00e4nner mig v\u00e4ldigt tacksam. Samtidigt \u00e4r det inte sj\u00e4lvklart att det forts\u00e4tter s\u00e5 f\u00f6r all framtid, s\u00e4ger hon.<\/p>\n\n\n\n<p><\/p>\n\n\n\n<p>Under de fyra \u00e5ren hon haft verksamheten \u00e4r det m\u00e5nga elever som \u00e5terkommer g\u00e5ng p\u00e5 g\u00e5ng till verkstaden. Det \u00e4r l\u00e4tt att tjusas av keramiken. Kurserna blir snabbt fullbokade.&nbsp;<\/p>\n\n\n\n<p>Det finns sex drejskivor inne i verkstaden och kurserna best\u00e5r f\u00f6r det mesta inte av fler personer.&nbsp;<\/p>\n\n\n\n<p>\u2013 Dels s\u00e5 \u00e4r det ju en pedagogisk grej att jag ska r\u00e4cka till f\u00f6r alla. Men det \u00e4r ocks\u00e5 s\u00e5 att sex personer \u00e4r en v\u00e4ldigt bra gruppstorlek. Det delas inte upp i sm\u00e5grupper och det blir ofta fina samtal. N\u00e4r man sitter och hantverkar s\u00e5 blir man ofta ganska avslappnad.<\/p>\n\n\n\n<p>Just pedagogiken runt kurserna \u00e4r n\u00e5got som Anna tycker \u00e4r extra kul. Att hj\u00e4lpa eleverna att n\u00e5 framg\u00e5ngar inom keramiken och se hur det lyser i elevernas \u00f6gon n\u00e4r de lyckas.&nbsp;<\/p>\n\n\n\n<h2 class=\"wp-block-heading\">Magi som uppst\u00e5r<\/h2>\n\n\n\n<p>\u2013 Det \u00e4r ganska m\u00e5nga som har varit med om n\u00e5gon kris eller oh\u00e4lsa av n\u00e5got slag som kommer hit f\u00f6r att bli glada och harmoniska igen. Eller f\u00f6r att komma tillbaka fr\u00e5n n\u00e5gon stressrelaterad grej. Det \u00e4r m\u00e5nga av mina elever som s\u00e4ger saker som att \u201ddet h\u00e4r \u00e4r mitt happy place\u201d.<\/p>\n\n\n\n<p>Anna anser att det finns n\u00e5got lugnande i att skapa tillsammans med andra. I motvikt till sk\u00e4rmar och internet som dominerar stora delar av m\u00e4nniskors vardag letar m\u00e4nniskor efter n\u00e5got som g\u00f6r att livet k\u00e4nns mer p\u00e5 riktigt.<\/p>\n\n\n\n<p><\/p>\n\n\n\n<p>\u2013 Det \u00e4r n\u00e5gon slags magi som uppst\u00e5r med h\u00e4nderna, leran och drejskivan. Resten av v\u00e4rlden bara f\u00f6rsvinner. Det \u00e4r bara h\u00e4nderna, leran och formerna.<\/p>\n\n\n\n<p>Ur Lerumstidning <\/p>\n\n\n\n<p><a href=\"https:\/\/www.lerumstidning.se\/nyheter\/anna-skapar-magi-med-sin-keramik.39d5922d-ad04-477a-8810-51349fe185bf\">https:\/\/www.lerumstidning.se\/nyheter\/anna-skapar-magi-med-sin-keramik.39d5922d-ad04-477a-8810-51349fe185bf<\/a><\/p>\n\n\n\n<figure class=\"wp-block-image size-full\"><img loading=\"lazy\" decoding=\"async\" width=\"500\" height=\"500\" src=\"https:\/\/nyforetagarcentrum.se\/lerum\/wp-content\/uploads\/sites\/28\/2024\/05\/1-2.png\" alt=\"\" class=\"wp-image-545\" srcset=\"https:\/\/nyforetagarcentrum.se\/lerum\/wp-content\/uploads\/sites\/28\/2024\/05\/1-2.png 500w, https:\/\/nyforetagarcentrum.se\/lerum\/wp-content\/uploads\/sites\/28\/2024\/05\/1-2-300x300.png 300w, https:\/\/nyforetagarcentrum.se\/lerum\/wp-content\/uploads\/sites\/28\/2024\/05\/1-2-150x150.png 150w\" sizes=\"(max-width: 500px) 100vw, 500px\" \/><\/figure>\n","protected":false},"featured_media":542,"template":"","meta":{"footnotes":""},"story_category":[],"acf":[],"yoast_head":"<!-- This site is optimized with the Yoast SEO plugin v22.9 - https:\/\/yoast.com\/wordpress\/plugins\/seo\/ -->\n<title>FORMA keramik och drejkurser - Lerum<\/title>\n<meta name=\"robots\" content=\"index, follow, max-snippet:-1, max-image-preview:large, max-video-preview:-1\" \/>\n<link rel=\"canonical\" href=\"https:\/\/nyforetagarcentrum.se\/lerum\/success-stories\/forma-keramik-och-drejkurser\/\" \/>\n<meta property=\"og:locale\" content=\"sv_SE\" \/>\n<meta property=\"og:type\" content=\"article\" \/>\n<meta property=\"og:title\" content=\"FORMA keramik och drejkurser - Lerum\" \/>\n<meta property=\"og:description\" content=\"Anna skapar magi med sin keramik Forma Keramik slog upp portarna f\u00f6r fyra \u00e5r sen. Att skapa keramik tillsammans i sm\u00e5 grupper p\u00e5 torget i Floda visade sig vara ett lyckat koncept.\u2013 Det \u00e4r n\u00e5gon slags magi som uppst\u00e5r med h\u00e4nderna, leran och drejskivan, s\u00e4ger Anna Johansson, \u00e4gare till Forma Keramik. N\u00e4r man g\u00e5r in [&hellip;]\" \/>\n<meta property=\"og:url\" content=\"https:\/\/nyforetagarcentrum.se\/lerum\/success-stories\/forma-keramik-och-drejkurser\/\" \/>\n<meta property=\"og:site_name\" content=\"Lerum\" \/>\n<meta property=\"article:modified_time\" content=\"2024-06-17T13:05:31+00:00\" \/>\n<meta property=\"og:image\" content=\"https:\/\/nyforetagarcentrum.se\/lerum\/wp-content\/uploads\/sites\/28\/2024\/05\/Skarmavbild-2024-05-28-kl.-14.28.39-1024x643.png\" \/>\n\t<meta property=\"og:image:width\" content=\"1024\" \/>\n\t<meta property=\"og:image:height\" content=\"643\" \/>\n\t<meta property=\"og:image:type\" content=\"image\/png\" \/>\n<meta name=\"twitter:card\" content=\"summary_large_image\" \/>\n<meta name=\"twitter:label1\" content=\"Ber\u00e4knad l\u00e4stid\" \/>\n\t<meta name=\"twitter:data1\" content=\"5 minuter\" \/>\n<script type=\"application\/ld+json\" class=\"yoast-schema-graph\">{\"@context\":\"https:\/\/schema.org\",\"@graph\":[{\"@type\":\"WebPage\",\"@id\":\"https:\/\/nyforetagarcentrum.se\/lerum\/success-stories\/forma-keramik-och-drejkurser\/\",\"url\":\"https:\/\/nyforetagarcentrum.se\/lerum\/success-stories\/forma-keramik-och-drejkurser\/\",\"name\":\"FORMA keramik och drejkurser - Lerum\",\"isPartOf\":{\"@id\":\"https:\/\/nyforetagarcentrum.se\/lerum\/#website\"},\"primaryImageOfPage\":{\"@id\":\"https:\/\/nyforetagarcentrum.se\/lerum\/success-stories\/forma-keramik-och-drejkurser\/#primaryimage\"},\"image\":{\"@id\":\"https:\/\/nyforetagarcentrum.se\/lerum\/success-stories\/forma-keramik-och-drejkurser\/#primaryimage\"},\"thumbnailUrl\":\"https:\/\/nyforetagarcentrum.se\/lerum\/wp-content\/uploads\/sites\/28\/2024\/05\/Skarmavbild-2024-05-28-kl.-14.28.39.png\",\"datePublished\":\"2024-05-28T12:36:45+00:00\",\"dateModified\":\"2024-06-17T13:05:31+00:00\",\"breadcrumb\":{\"@id\":\"https:\/\/nyforetagarcentrum.se\/lerum\/success-stories\/forma-keramik-och-drejkurser\/#breadcrumb\"},\"inLanguage\":\"sv-SE\",\"potentialAction\":[{\"@type\":\"ReadAction\",\"target\":[\"https:\/\/nyforetagarcentrum.se\/lerum\/success-stories\/forma-keramik-och-drejkurser\/\"]}]},{\"@type\":\"ImageObject\",\"inLanguage\":\"sv-SE\",\"@id\":\"https:\/\/nyforetagarcentrum.se\/lerum\/success-stories\/forma-keramik-och-drejkurser\/#primaryimage\",\"url\":\"https:\/\/nyforetagarcentrum.se\/lerum\/wp-content\/uploads\/sites\/28\/2024\/05\/Skarmavbild-2024-05-28-kl.-14.28.39.png\",\"contentUrl\":\"https:\/\/nyforetagarcentrum.se\/lerum\/wp-content\/uploads\/sites\/28\/2024\/05\/Skarmavbild-2024-05-28-kl.-14.28.39.png\",\"width\":1974,\"height\":1240},{\"@type\":\"BreadcrumbList\",\"@id\":\"https:\/\/nyforetagarcentrum.se\/lerum\/success-stories\/forma-keramik-och-drejkurser\/#breadcrumb\",\"itemListElement\":[{\"@type\":\"ListItem\",\"position\":1,\"name\":\"Hem\",\"item\":\"https:\/\/nyforetagarcentrum.se\/lerum\/\"},{\"@type\":\"ListItem\",\"position\":2,\"name\":\"Success stories\",\"item\":\"https:\/\/nyforetagarcentrum.se\/lerum\/success-stories\/\"},{\"@type\":\"ListItem\",\"position\":3,\"name\":\"FORMA keramik och drejkurser\"}]},{\"@type\":\"WebSite\",\"@id\":\"https:\/\/nyforetagarcentrum.se\/lerum\/#website\",\"url\":\"https:\/\/nyforetagarcentrum.se\/lerum\/\",\"name\":\"Lerum\",\"description\":\"Sveriges ledande kraft f\u00f6r fler nya livskraftiga f\u00f6retag\",\"publisher\":{\"@id\":\"https:\/\/nyforetagarcentrum.se\/lerum\/#organization\"},\"potentialAction\":[{\"@type\":\"SearchAction\",\"target\":{\"@type\":\"EntryPoint\",\"urlTemplate\":\"https:\/\/nyforetagarcentrum.se\/lerum\/?s={search_term_string}\"},\"query-input\":\"required name=search_term_string\"}],\"inLanguage\":\"sv-SE\"},{\"@type\":\"Organization\",\"@id\":\"https:\/\/nyforetagarcentrum.se\/lerum\/#organization\",\"name\":\"Lerum\",\"url\":\"https:\/\/nyforetagarcentrum.se\/lerum\/\",\"logo\":{\"@type\":\"ImageObject\",\"inLanguage\":\"sv-SE\",\"@id\":\"https:\/\/nyforetagarcentrum.se\/lerum\/#\/schema\/logo\/image\/\",\"url\":\"https:\/\/nyforetagarcentrum.se\/lerum\/wp-content\/uploads\/sites\/28\/2026\/04\/lerum_vit.png\",\"contentUrl\":\"https:\/\/nyforetagarcentrum.se\/lerum\/wp-content\/uploads\/sites\/28\/2026\/04\/lerum_vit.png\",\"width\":870,\"height\":355,\"caption\":\"Lerum\"},\"image\":{\"@id\":\"https:\/\/nyforetagarcentrum.se\/lerum\/#\/schema\/logo\/image\/\"}}]}<\/script>\n<!-- \/ Yoast SEO plugin. -->","yoast_head_json":{"title":"FORMA keramik och drejkurser - Lerum","robots":{"index":"index","follow":"follow","max-snippet":"max-snippet:-1","max-image-preview":"max-image-preview:large","max-video-preview":"max-video-preview:-1"},"canonical":"https:\/\/nyforetagarcentrum.se\/lerum\/success-stories\/forma-keramik-och-drejkurser\/","og_locale":"sv_SE","og_type":"article","og_title":"FORMA keramik och drejkurser - Lerum","og_description":"Anna skapar magi med sin keramik Forma Keramik slog upp portarna f\u00f6r fyra \u00e5r sen. Att skapa keramik tillsammans i sm\u00e5 grupper p\u00e5 torget i Floda visade sig vara ett lyckat koncept.\u2013 Det \u00e4r n\u00e5gon slags magi som uppst\u00e5r med h\u00e4nderna, leran och drejskivan, s\u00e4ger Anna Johansson, \u00e4gare till Forma Keramik. N\u00e4r man g\u00e5r in [&hellip;]","og_url":"https:\/\/nyforetagarcentrum.se\/lerum\/success-stories\/forma-keramik-och-drejkurser\/","og_site_name":"Lerum","article_modified_time":"2024-06-17T13:05:31+00:00","og_image":[{"width":1024,"height":643,"url":"https:\/\/nyforetagarcentrum.se\/lerum\/wp-content\/uploads\/sites\/28\/2024\/05\/Skarmavbild-2024-05-28-kl.-14.28.39-1024x643.png","type":"image\/png"}],"twitter_card":"summary_large_image","twitter_misc":{"Ber\u00e4knad l\u00e4stid":"5 minuter"},"schema":{"@context":"https:\/\/schema.org","@graph":[{"@type":"WebPage","@id":"https:\/\/nyforetagarcentrum.se\/lerum\/success-stories\/forma-keramik-och-drejkurser\/","url":"https:\/\/nyforetagarcentrum.se\/lerum\/success-stories\/forma-keramik-och-drejkurser\/","name":"FORMA keramik och drejkurser - Lerum","isPartOf":{"@id":"https:\/\/nyforetagarcentrum.se\/lerum\/#website"},"primaryImageOfPage":{"@id":"https:\/\/nyforetagarcentrum.se\/lerum\/success-stories\/forma-keramik-och-drejkurser\/#primaryimage"},"image":{"@id":"https:\/\/nyforetagarcentrum.se\/lerum\/success-stories\/forma-keramik-och-drejkurser\/#primaryimage"},"thumbnailUrl":"https:\/\/nyforetagarcentrum.se\/lerum\/wp-content\/uploads\/sites\/28\/2024\/05\/Skarmavbild-2024-05-28-kl.-14.28.39.png","datePublished":"2024-05-28T12:36:45+00:00","dateModified":"2024-06-17T13:05:31+00:00","breadcrumb":{"@id":"https:\/\/nyforetagarcentrum.se\/lerum\/success-stories\/forma-keramik-och-drejkurser\/#breadcrumb"},"inLanguage":"sv-SE","potentialAction":[{"@type":"ReadAction","target":["https:\/\/nyforetagarcentrum.se\/lerum\/success-stories\/forma-keramik-och-drejkurser\/"]}]},{"@type":"ImageObject","inLanguage":"sv-SE","@id":"https:\/\/nyforetagarcentrum.se\/lerum\/success-stories\/forma-keramik-och-drejkurser\/#primaryimage","url":"https:\/\/nyforetagarcentrum.se\/lerum\/wp-content\/uploads\/sites\/28\/2024\/05\/Skarmavbild-2024-05-28-kl.-14.28.39.png","contentUrl":"https:\/\/nyforetagarcentrum.se\/lerum\/wp-content\/uploads\/sites\/28\/2024\/05\/Skarmavbild-2024-05-28-kl.-14.28.39.png","width":1974,"height":1240},{"@type":"BreadcrumbList","@id":"https:\/\/nyforetagarcentrum.se\/lerum\/success-stories\/forma-keramik-och-drejkurser\/#breadcrumb","itemListElement":[{"@type":"ListItem","position":1,"name":"Hem","item":"https:\/\/nyforetagarcentrum.se\/lerum\/"},{"@type":"ListItem","position":2,"name":"Success stories","item":"https:\/\/nyforetagarcentrum.se\/lerum\/success-stories\/"},{"@type":"ListItem","position":3,"name":"FORMA keramik och drejkurser"}]},{"@type":"WebSite","@id":"https:\/\/nyforetagarcentrum.se\/lerum\/#website","url":"https:\/\/nyforetagarcentrum.se\/lerum\/","name":"Lerum","description":"Sveriges ledande kraft f\u00f6r fler nya livskraftiga f\u00f6retag","publisher":{"@id":"https:\/\/nyforetagarcentrum.se\/lerum\/#organization"},"potentialAction":[{"@type":"SearchAction","target":{"@type":"EntryPoint","urlTemplate":"https:\/\/nyforetagarcentrum.se\/lerum\/?s={search_term_string}"},"query-input":"required name=search_term_string"}],"inLanguage":"sv-SE"},{"@type":"Organization","@id":"https:\/\/nyforetagarcentrum.se\/lerum\/#organization","name":"Lerum","url":"https:\/\/nyforetagarcentrum.se\/lerum\/","logo":{"@type":"ImageObject","inLanguage":"sv-SE","@id":"https:\/\/nyforetagarcentrum.se\/lerum\/#\/schema\/logo\/image\/","url":"https:\/\/nyforetagarcentrum.se\/lerum\/wp-content\/uploads\/sites\/28\/2026\/04\/lerum_vit.png","contentUrl":"https:\/\/nyforetagarcentrum.se\/lerum\/wp-content\/uploads\/sites\/28\/2026\/04\/lerum_vit.png","width":870,"height":355,"caption":"Lerum"},"image":{"@id":"https:\/\/nyforetagarcentrum.se\/lerum\/#\/schema\/logo\/image\/"}}]}},"_links":{"self":[{"href":"https:\/\/nyforetagarcentrum.se\/lerum\/wp-json\/wp\/v2\/story\/541"}],"collection":[{"href":"https:\/\/nyforetagarcentrum.se\/lerum\/wp-json\/wp\/v2\/story"}],"about":[{"href":"https:\/\/nyforetagarcentrum.se\/lerum\/wp-json\/wp\/v2\/types\/story"}],"version-history":[{"count":2,"href":"https:\/\/nyforetagarcentrum.se\/lerum\/wp-json\/wp\/v2\/story\/541\/revisions"}],"predecessor-version":[{"id":583,"href":"https:\/\/nyforetagarcentrum.se\/lerum\/wp-json\/wp\/v2\/story\/541\/revisions\/583"}],"wp:featuredmedia":[{"embeddable":true,"href":"https:\/\/nyforetagarcentrum.se\/lerum\/wp-json\/wp\/v2\/media\/542"}],"wp:attachment":[{"href":"https:\/\/nyforetagarcentrum.se\/lerum\/wp-json\/wp\/v2\/media?parent=541"}],"wp:term":[{"taxonomy":"story_category","embeddable":true,"href":"https:\/\/nyforetagarcentrum.se\/lerum\/wp-json\/wp\/v2\/story_category?post=541"}],"curies":[{"name":"wp","href":"https:\/\/api.w.org\/{rel}","templated":true}]}}