{"id":3464,"date":"2026-02-13T17:16:00","date_gmt":"2026-02-13T16:16:00","guid":{"rendered":"https:\/\/nyforetagarcentrum.se\/karlskrona\/?post_type=story&#038;p=3464"},"modified":"2026-03-11T17:22:58","modified_gmt":"2026-03-11T16:22:58","slug":"styrelsemote-ute-hos-anrika-uddcomb-den-12-februari","status":"publish","type":"story","link":"https:\/\/nyforetagarcentrum.se\/karlskrona\/success-stories\/styrelsemote-ute-hos-anrika-uddcomb-den-12-februari\/","title":{"rendered":"Styrelsem\u00f6te hos anrika Uddcomb"},"content":{"rendered":"\n<p>Den 12 februari genomf\u00f6rde Nyf\u00f6retagarcentrum sitt f\u00f6rsta styrelsem\u00f6te f\u00f6r \u00e5ret ute hos Uddcomb. Sven Stenarsson och Nisse Gustafsson ber\u00e4ttade om bolagets resa och Uddcombs historia. <\/p>\n\n\n\n<p>Uddcomb har levererat kundanpassad utrustning f\u00f6r lagring av h\u00f6gsp\u00e4nningskablar \u00f6ver hela v\u00e4rlden i 40 \u00e5r. Baserat p\u00e5 denna erfarenhet och bepr\u00f6vade installationer erbjuder de en komplett portf\u00f6lj av innovativa kabelkaruseller med lagringskapacitet p\u00e5 500\u201320 000 ton, skivspelare, blykaruseller etc. Styrelsen tackar f\u00f6r bes\u00f6ket och rundvandringen!<\/p>\n\n\n\n<p>H\u00e4r kan du l\u00e4sa mer deras erbjudanden.<\/p>\n\n\n\n<div class=\"wp-block-buttons is-layout-flex wp-block-buttons-is-layout-flex\">\n<div class=\"wp-block-button\"><a class=\"wp-block-button__link wp-element-button\" href=\"https:\/\/uddcomb.com\/product-and-services\/new-builds\/?gad_source=1&amp;gad_campaignid=19682921756&amp;gclid=CjwKCAjwpcTNBhA5EiwAdO1S9tCBgc4uQpVdnauvxDWI0TBdRiYT-UbGwTaw-U31y_Pzp2M4S4I7vxoCLCUQAvD_BwE\">Uddcomb<\/a><\/div>\n<\/div>\n","protected":false},"featured_media":3466,"template":"","meta":{"footnotes":""},"story_category":[34],"acf":[],"yoast_head":"<!-- This site is optimized with the Yoast SEO plugin v22.9 - https:\/\/yoast.com\/wordpress\/plugins\/seo\/ -->\n<title>Styrelsem\u00f6te hos anrika Uddcomb - Karlskrona<\/title>\n<meta name=\"robots\" content=\"index, follow, max-snippet:-1, max-image-preview:large, max-video-preview:-1\" \/>\n<link rel=\"canonical\" href=\"https:\/\/nyforetagarcentrum.se\/karlskrona\/success-stories\/styrelsemote-ute-hos-anrika-uddcomb-den-12-februari\/\" \/>\n<meta property=\"og:locale\" content=\"sv_SE\" \/>\n<meta property=\"og:type\" content=\"article\" \/>\n<meta property=\"og:title\" content=\"Styrelsem\u00f6te hos anrika Uddcomb - Karlskrona\" \/>\n<meta property=\"og:description\" content=\"Den 12 februari genomf\u00f6rde Nyf\u00f6retagarcentrum sitt f\u00f6rsta styrelsem\u00f6te f\u00f6r \u00e5ret ute hos Uddcomb. Sven Stenarsson och Nisse Gustafsson ber\u00e4ttade om bolagets resa och Uddcombs historia. Uddcomb har levererat kundanpassad utrustning f\u00f6r lagring av h\u00f6gsp\u00e4nningskablar \u00f6ver hela v\u00e4rlden i 40 \u00e5r. Baserat p\u00e5 denna erfarenhet och bepr\u00f6vade installationer erbjuder de en komplett portf\u00f6lj av innovativa kabelkaruseller [&hellip;]\" \/>\n<meta property=\"og:url\" content=\"https:\/\/nyforetagarcentrum.se\/karlskrona\/success-stories\/styrelsemote-ute-hos-anrika-uddcomb-den-12-februari\/\" \/>\n<meta property=\"og:site_name\" content=\"Karlskrona\" \/>\n<meta property=\"article:modified_time\" content=\"2026-03-11T16:22:58+00:00\" \/>\n<meta property=\"og:image\" content=\"https:\/\/nyforetagarcentrum.se\/karlskrona\/wp-content\/uploads\/sites\/83\/2026\/03\/Uddcomb2.jpeg\" \/>\n\t<meta property=\"og:image:width\" content=\"480\" \/>\n\t<meta property=\"og:image:height\" content=\"640\" \/>\n\t<meta property=\"og:image:type\" content=\"image\/jpeg\" \/>\n<meta name=\"twitter:card\" content=\"summary_large_image\" \/>\n<meta name=\"twitter:label1\" content=\"Ber\u00e4knad l\u00e4stid\" \/>\n\t<meta name=\"twitter:data1\" content=\"1 minut\" \/>\n<script type=\"application\/ld+json\" class=\"yoast-schema-graph\">{\"@context\":\"https:\/\/schema.org\",\"@graph\":[{\"@type\":\"WebPage\",\"@id\":\"https:\/\/nyforetagarcentrum.se\/karlskrona\/success-stories\/styrelsemote-ute-hos-anrika-uddcomb-den-12-februari\/\",\"url\":\"https:\/\/nyforetagarcentrum.se\/karlskrona\/success-stories\/styrelsemote-ute-hos-anrika-uddcomb-den-12-februari\/\",\"name\":\"Styrelsem\u00f6te hos anrika Uddcomb - Karlskrona\",\"isPartOf\":{\"@id\":\"https:\/\/nyforetagarcentrum.se\/karlskrona\/#website\"},\"primaryImageOfPage\":{\"@id\":\"https:\/\/nyforetagarcentrum.se\/karlskrona\/success-stories\/styrelsemote-ute-hos-anrika-uddcomb-den-12-februari\/#primaryimage\"},\"image\":{\"@id\":\"https:\/\/nyforetagarcentrum.se\/karlskrona\/success-stories\/styrelsemote-ute-hos-anrika-uddcomb-den-12-februari\/#primaryimage\"},\"thumbnailUrl\":\"https:\/\/nyforetagarcentrum.se\/karlskrona\/wp-content\/uploads\/sites\/83\/2026\/03\/Uddcomb2.jpeg\",\"datePublished\":\"2026-02-13T16:16:00+00:00\",\"dateModified\":\"2026-03-11T16:22:58+00:00\",\"breadcrumb\":{\"@id\":\"https:\/\/nyforetagarcentrum.se\/karlskrona\/success-stories\/styrelsemote-ute-hos-anrika-uddcomb-den-12-februari\/#breadcrumb\"},\"inLanguage\":\"sv-SE\",\"potentialAction\":[{\"@type\":\"ReadAction\",\"target\":[\"https:\/\/nyforetagarcentrum.se\/karlskrona\/success-stories\/styrelsemote-ute-hos-anrika-uddcomb-den-12-februari\/\"]}]},{\"@type\":\"ImageObject\",\"inLanguage\":\"sv-SE\",\"@id\":\"https:\/\/nyforetagarcentrum.se\/karlskrona\/success-stories\/styrelsemote-ute-hos-anrika-uddcomb-den-12-februari\/#primaryimage\",\"url\":\"https:\/\/nyforetagarcentrum.se\/karlskrona\/wp-content\/uploads\/sites\/83\/2026\/03\/Uddcomb2.jpeg\",\"contentUrl\":\"https:\/\/nyforetagarcentrum.se\/karlskrona\/wp-content\/uploads\/sites\/83\/2026\/03\/Uddcomb2.jpeg\",\"width\":480,\"height\":640},{\"@type\":\"BreadcrumbList\",\"@id\":\"https:\/\/nyforetagarcentrum.se\/karlskrona\/success-stories\/styrelsemote-ute-hos-anrika-uddcomb-den-12-februari\/#breadcrumb\",\"itemListElement\":[{\"@type\":\"ListItem\",\"position\":1,\"name\":\"Hem\",\"item\":\"https:\/\/nyforetagarcentrum.se\/karlskrona\/\"},{\"@type\":\"ListItem\",\"position\":2,\"name\":\"Success stories\",\"item\":\"https:\/\/nyforetagarcentrum.se\/karlskrona\/success-stories\/\"},{\"@type\":\"ListItem\",\"position\":3,\"name\":\"Styrelsem\u00f6te hos anrika Uddcomb\"}]},{\"@type\":\"WebSite\",\"@id\":\"https:\/\/nyforetagarcentrum.se\/karlskrona\/#website\",\"url\":\"https:\/\/nyforetagarcentrum.se\/karlskrona\/\",\"name\":\"Karlskrona\",\"description\":\"Sveriges ledande kraft f\u00f6r fler nya livskraftiga f\u00f6retag\",\"publisher\":{\"@id\":\"https:\/\/nyforetagarcentrum.se\/karlskrona\/#organization\"},\"potentialAction\":[{\"@type\":\"SearchAction\",\"target\":{\"@type\":\"EntryPoint\",\"urlTemplate\":\"https:\/\/nyforetagarcentrum.se\/karlskrona\/?s={search_term_string}\"},\"query-input\":\"required name=search_term_string\"}],\"inLanguage\":\"sv-SE\"},{\"@type\":\"Organization\",\"@id\":\"https:\/\/nyforetagarcentrum.se\/karlskrona\/#organization\",\"name\":\"Karlskrona\",\"url\":\"https:\/\/nyforetagarcentrum.se\/karlskrona\/\",\"logo\":{\"@type\":\"ImageObject\",\"inLanguage\":\"sv-SE\",\"@id\":\"https:\/\/nyforetagarcentrum.se\/karlskrona\/#\/schema\/logo\/image\/\",\"url\":\"https:\/\/nyforetagarcentrum.se\/karlskrona\/wp-content\/uploads\/sites\/83\/2024\/07\/karlskrona_bla.png\",\"contentUrl\":\"https:\/\/nyforetagarcentrum.se\/karlskrona\/wp-content\/uploads\/sites\/83\/2024\/07\/karlskrona_bla.png\",\"width\":870,\"height\":355,\"caption\":\"Karlskrona\"},\"image\":{\"@id\":\"https:\/\/nyforetagarcentrum.se\/karlskrona\/#\/schema\/logo\/image\/\"}}]}<\/script>\n<!-- \/ Yoast SEO plugin. -->","yoast_head_json":{"title":"Styrelsem\u00f6te hos anrika Uddcomb - Karlskrona","robots":{"index":"index","follow":"follow","max-snippet":"max-snippet:-1","max-image-preview":"max-image-preview:large","max-video-preview":"max-video-preview:-1"},"canonical":"https:\/\/nyforetagarcentrum.se\/karlskrona\/success-stories\/styrelsemote-ute-hos-anrika-uddcomb-den-12-februari\/","og_locale":"sv_SE","og_type":"article","og_title":"Styrelsem\u00f6te hos anrika Uddcomb - Karlskrona","og_description":"Den 12 februari genomf\u00f6rde Nyf\u00f6retagarcentrum sitt f\u00f6rsta styrelsem\u00f6te f\u00f6r \u00e5ret ute hos Uddcomb. Sven Stenarsson och Nisse Gustafsson ber\u00e4ttade om bolagets resa och Uddcombs historia. Uddcomb har levererat kundanpassad utrustning f\u00f6r lagring av h\u00f6gsp\u00e4nningskablar \u00f6ver hela v\u00e4rlden i 40 \u00e5r. Baserat p\u00e5 denna erfarenhet och bepr\u00f6vade installationer erbjuder de en komplett portf\u00f6lj av innovativa kabelkaruseller [&hellip;]","og_url":"https:\/\/nyforetagarcentrum.se\/karlskrona\/success-stories\/styrelsemote-ute-hos-anrika-uddcomb-den-12-februari\/","og_site_name":"Karlskrona","article_modified_time":"2026-03-11T16:22:58+00:00","og_image":[{"width":480,"height":640,"url":"https:\/\/nyforetagarcentrum.se\/karlskrona\/wp-content\/uploads\/sites\/83\/2026\/03\/Uddcomb2.jpeg","type":"image\/jpeg"}],"twitter_card":"summary_large_image","twitter_misc":{"Ber\u00e4knad l\u00e4stid":"1 minut"},"schema":{"@context":"https:\/\/schema.org","@graph":[{"@type":"WebPage","@id":"https:\/\/nyforetagarcentrum.se\/karlskrona\/success-stories\/styrelsemote-ute-hos-anrika-uddcomb-den-12-februari\/","url":"https:\/\/nyforetagarcentrum.se\/karlskrona\/success-stories\/styrelsemote-ute-hos-anrika-uddcomb-den-12-februari\/","name":"Styrelsem\u00f6te hos anrika Uddcomb - Karlskrona","isPartOf":{"@id":"https:\/\/nyforetagarcentrum.se\/karlskrona\/#website"},"primaryImageOfPage":{"@id":"https:\/\/nyforetagarcentrum.se\/karlskrona\/success-stories\/styrelsemote-ute-hos-anrika-uddcomb-den-12-februari\/#primaryimage"},"image":{"@id":"https:\/\/nyforetagarcentrum.se\/karlskrona\/success-stories\/styrelsemote-ute-hos-anrika-uddcomb-den-12-februari\/#primaryimage"},"thumbnailUrl":"https:\/\/nyforetagarcentrum.se\/karlskrona\/wp-content\/uploads\/sites\/83\/2026\/03\/Uddcomb2.jpeg","datePublished":"2026-02-13T16:16:00+00:00","dateModified":"2026-03-11T16:22:58+00:00","breadcrumb":{"@id":"https:\/\/nyforetagarcentrum.se\/karlskrona\/success-stories\/styrelsemote-ute-hos-anrika-uddcomb-den-12-februari\/#breadcrumb"},"inLanguage":"sv-SE","potentialAction":[{"@type":"ReadAction","target":["https:\/\/nyforetagarcentrum.se\/karlskrona\/success-stories\/styrelsemote-ute-hos-anrika-uddcomb-den-12-februari\/"]}]},{"@type":"ImageObject","inLanguage":"sv-SE","@id":"https:\/\/nyforetagarcentrum.se\/karlskrona\/success-stories\/styrelsemote-ute-hos-anrika-uddcomb-den-12-februari\/#primaryimage","url":"https:\/\/nyforetagarcentrum.se\/karlskrona\/wp-content\/uploads\/sites\/83\/2026\/03\/Uddcomb2.jpeg","contentUrl":"https:\/\/nyforetagarcentrum.se\/karlskrona\/wp-content\/uploads\/sites\/83\/2026\/03\/Uddcomb2.jpeg","width":480,"height":640},{"@type":"BreadcrumbList","@id":"https:\/\/nyforetagarcentrum.se\/karlskrona\/success-stories\/styrelsemote-ute-hos-anrika-uddcomb-den-12-februari\/#breadcrumb","itemListElement":[{"@type":"ListItem","position":1,"name":"Hem","item":"https:\/\/nyforetagarcentrum.se\/karlskrona\/"},{"@type":"ListItem","position":2,"name":"Success stories","item":"https:\/\/nyforetagarcentrum.se\/karlskrona\/success-stories\/"},{"@type":"ListItem","position":3,"name":"Styrelsem\u00f6te hos anrika Uddcomb"}]},{"@type":"WebSite","@id":"https:\/\/nyforetagarcentrum.se\/karlskrona\/#website","url":"https:\/\/nyforetagarcentrum.se\/karlskrona\/","name":"Karlskrona","description":"Sveriges ledande kraft f\u00f6r fler nya livskraftiga f\u00f6retag","publisher":{"@id":"https:\/\/nyforetagarcentrum.se\/karlskrona\/#organization"},"potentialAction":[{"@type":"SearchAction","target":{"@type":"EntryPoint","urlTemplate":"https:\/\/nyforetagarcentrum.se\/karlskrona\/?s={search_term_string}"},"query-input":"required name=search_term_string"}],"inLanguage":"sv-SE"},{"@type":"Organization","@id":"https:\/\/nyforetagarcentrum.se\/karlskrona\/#organization","name":"Karlskrona","url":"https:\/\/nyforetagarcentrum.se\/karlskrona\/","logo":{"@type":"ImageObject","inLanguage":"sv-SE","@id":"https:\/\/nyforetagarcentrum.se\/karlskrona\/#\/schema\/logo\/image\/","url":"https:\/\/nyforetagarcentrum.se\/karlskrona\/wp-content\/uploads\/sites\/83\/2024\/07\/karlskrona_bla.png","contentUrl":"https:\/\/nyforetagarcentrum.se\/karlskrona\/wp-content\/uploads\/sites\/83\/2024\/07\/karlskrona_bla.png","width":870,"height":355,"caption":"Karlskrona"},"image":{"@id":"https:\/\/nyforetagarcentrum.se\/karlskrona\/#\/schema\/logo\/image\/"}}]}},"_links":{"self":[{"href":"https:\/\/nyforetagarcentrum.se\/karlskrona\/wp-json\/wp\/v2\/story\/3464"}],"collection":[{"href":"https:\/\/nyforetagarcentrum.se\/karlskrona\/wp-json\/wp\/v2\/story"}],"about":[{"href":"https:\/\/nyforetagarcentrum.se\/karlskrona\/wp-json\/wp\/v2\/types\/story"}],"version-history":[{"count":5,"href":"https:\/\/nyforetagarcentrum.se\/karlskrona\/wp-json\/wp\/v2\/story\/3464\/revisions"}],"predecessor-version":[{"id":3473,"href":"https:\/\/nyforetagarcentrum.se\/karlskrona\/wp-json\/wp\/v2\/story\/3464\/revisions\/3473"}],"wp:featuredmedia":[{"embeddable":true,"href":"https:\/\/nyforetagarcentrum.se\/karlskrona\/wp-json\/wp\/v2\/media\/3466"}],"wp:attachment":[{"href":"https:\/\/nyforetagarcentrum.se\/karlskrona\/wp-json\/wp\/v2\/media?parent=3464"}],"wp:term":[{"taxonomy":"story_category","embeddable":true,"href":"https:\/\/nyforetagarcentrum.se\/karlskrona\/wp-json\/wp\/v2\/story_category?post=3464"}],"curies":[{"name":"wp","href":"https:\/\/api.w.org\/{rel}","templated":true}]}}