{"id":474,"date":"2024-05-28T14:25:38","date_gmt":"2024-05-28T12:25:38","guid":{"rendered":"https:\/\/nyforetagarcentrum.se\/kalmarsund\/?p=474"},"modified":"2025-06-03T09:52:52","modified_gmt":"2025-06-03T07:52:52","slug":"mia-almroth-ny-radgivare","status":"publish","type":"post","link":"https:\/\/nyforetagarcentrum.se\/kalmarsund\/2024\/05\/28\/mia-almroth-ny-radgivare\/","title":{"rendered":"Mia Almroth &#8211; v\u00e5r r\u00e5dgivare"},"content":{"rendered":"\n<p>Mia Almroth \u00e4r Nyf\u00f6retagcentrum Kalmarsunds r\u00e5dgivare.<\/p>\n\n\n\n<p>Varmt v\u00e4lkommen att boka en tid hos Mia n\u00e4r det g\u00e4ller fr\u00e5gor f\u00f6r att starta f\u00f6retag eller om du vill utveckla din verksamhet. Mia \u00e4r dessutom att ansvarig f\u00f6r v\u00e5ra Starta eget tr\u00e4ffar och Mentorsprogram.<\/p>\n\n\n\n<p>Nyf\u00f6retagcentrum Kalmarsund \u00e4r verksamma i kommunerna Kalmar, Nybro, Emmaboda, Tors\u00e5s, M\u00f6rbyl\u00e5nga och Borgholm i samarbete med Region Kalmar l\u00e4n.<\/p>\n\n\n\n<p><\/p>\n\n\n\n<figure class=\"wp-block-image size-full is-resized\"><img loading=\"lazy\" decoding=\"async\" width=\"175\" height=\"264\" src=\"https:\/\/nyforetagarcentrum.se\/kalmarsund\/wp-content\/uploads\/sites\/26\/2024\/05\/Mia-profil.jpg\" alt=\"\" class=\"wp-image-476\" style=\"width:288px;height:auto\" \/><\/figure>\n","protected":false},"excerpt":{"rendered":"<p>Mia Almroth \u00e4r Nyf\u00f6retagcentrum Kalmarsunds r\u00e5dgivare. Varmt v\u00e4lkommen att boka en tid hos Mia n\u00e4r det g\u00e4ller fr\u00e5gor f\u00f6r att starta f\u00f6retag eller om du vill utveckla din verksamhet. Mia \u00e4r dessutom att ansvarig f\u00f6r v\u00e5ra Starta eget tr\u00e4ffar och Mentorsprogram. Nyf\u00f6retagcentrum Kalmarsund \u00e4r verksamma i kommunerna Kalmar, Nybro, Emmaboda, Tors\u00e5s, M\u00f6rbyl\u00e5nga och Borgholm i [&hellip;]<\/p>\n","protected":false},"author":45,"featured_media":476,"comment_status":"open","ping_status":"open","sticky":false,"template":"","format":"standard","meta":{"footnotes":""},"categories":[1],"tags":[],"acf":[],"yoast_head":"<!-- This site is optimized with the Yoast SEO plugin v22.9 - https:\/\/yoast.com\/wordpress\/plugins\/seo\/ -->\n<title>Mia Almroth - v\u00e5r r\u00e5dgivare - Kalmarsund<\/title>\n<meta name=\"robots\" content=\"index, follow, max-snippet:-1, max-image-preview:large, max-video-preview:-1\" \/>\n<link rel=\"canonical\" href=\"https:\/\/nyforetagarcentrum.se\/kalmarsund\/2024\/05\/28\/mia-almroth-ny-radgivare\/\" \/>\n<meta property=\"og:locale\" content=\"sv_SE\" \/>\n<meta property=\"og:type\" content=\"article\" \/>\n<meta property=\"og:title\" content=\"Mia Almroth - v\u00e5r r\u00e5dgivare - Kalmarsund\" \/>\n<meta property=\"og:description\" content=\"Mia Almroth \u00e4r Nyf\u00f6retagcentrum Kalmarsunds r\u00e5dgivare. Varmt v\u00e4lkommen att boka en tid hos Mia n\u00e4r det g\u00e4ller fr\u00e5gor f\u00f6r att starta f\u00f6retag eller om du vill utveckla din verksamhet. Mia \u00e4r dessutom att ansvarig f\u00f6r v\u00e5ra Starta eget tr\u00e4ffar och Mentorsprogram. Nyf\u00f6retagcentrum Kalmarsund \u00e4r verksamma i kommunerna Kalmar, Nybro, Emmaboda, Tors\u00e5s, M\u00f6rbyl\u00e5nga och Borgholm i [&hellip;]\" \/>\n<meta property=\"og:url\" content=\"https:\/\/nyforetagarcentrum.se\/kalmarsund\/2024\/05\/28\/mia-almroth-ny-radgivare\/\" \/>\n<meta property=\"og:site_name\" content=\"Kalmarsund\" \/>\n<meta property=\"article:published_time\" content=\"2024-05-28T12:25:38+00:00\" \/>\n<meta property=\"article:modified_time\" content=\"2025-06-03T07:52:52+00:00\" \/>\n<meta property=\"og:image\" content=\"https:\/\/nyforetagarcentrum.se\/kalmarsund\/wp-content\/uploads\/sites\/26\/2024\/05\/Mia-profil.jpg\" \/>\n\t<meta property=\"og:image:width\" content=\"175\" \/>\n\t<meta property=\"og:image:height\" content=\"264\" \/>\n\t<meta property=\"og:image:type\" content=\"image\/jpeg\" \/>\n<meta name=\"author\" content=\"kalmarsund\" \/>\n<meta name=\"twitter:card\" content=\"summary_large_image\" \/>\n<meta name=\"twitter:label1\" content=\"Skriven av\" \/>\n\t<meta name=\"twitter:data1\" content=\"kalmarsund\" \/>\n\t<meta name=\"twitter:label2\" content=\"Ber\u00e4knad l\u00e4stid\" \/>\n\t<meta name=\"twitter:data2\" content=\"1 minut\" \/>\n<script type=\"application\/ld+json\" class=\"yoast-schema-graph\">{\"@context\":\"https:\/\/schema.org\",\"@graph\":[{\"@type\":\"Article\",\"@id\":\"https:\/\/nyforetagarcentrum.se\/kalmarsund\/2024\/05\/28\/mia-almroth-ny-radgivare\/#article\",\"isPartOf\":{\"@id\":\"https:\/\/nyforetagarcentrum.se\/kalmarsund\/2024\/05\/28\/mia-almroth-ny-radgivare\/\"},\"author\":{\"name\":\"kalmarsund\",\"@id\":\"https:\/\/nyforetagarcentrum.se\/kalmarsund\/#\/schema\/person\/b3bbd9e1fc8174393aa191857c25a960\"},\"headline\":\"Mia Almroth &#8211; v\u00e5r r\u00e5dgivare\",\"datePublished\":\"2024-05-28T12:25:38+00:00\",\"dateModified\":\"2025-06-03T07:52:52+00:00\",\"mainEntityOfPage\":{\"@id\":\"https:\/\/nyforetagarcentrum.se\/kalmarsund\/2024\/05\/28\/mia-almroth-ny-radgivare\/\"},\"wordCount\":83,\"commentCount\":0,\"publisher\":{\"@id\":\"https:\/\/nyforetagarcentrum.se\/kalmarsund\/#organization\"},\"image\":{\"@id\":\"https:\/\/nyforetagarcentrum.se\/kalmarsund\/2024\/05\/28\/mia-almroth-ny-radgivare\/#primaryimage\"},\"thumbnailUrl\":\"https:\/\/nyforetagarcentrum.se\/kalmarsund\/wp-content\/uploads\/sites\/26\/2024\/05\/Mia-profil.jpg\",\"inLanguage\":\"sv-SE\",\"potentialAction\":[{\"@type\":\"CommentAction\",\"name\":\"Comment\",\"target\":[\"https:\/\/nyforetagarcentrum.se\/kalmarsund\/2024\/05\/28\/mia-almroth-ny-radgivare\/#respond\"]}]},{\"@type\":\"WebPage\",\"@id\":\"https:\/\/nyforetagarcentrum.se\/kalmarsund\/2024\/05\/28\/mia-almroth-ny-radgivare\/\",\"url\":\"https:\/\/nyforetagarcentrum.se\/kalmarsund\/2024\/05\/28\/mia-almroth-ny-radgivare\/\",\"name\":\"Mia Almroth - v\u00e5r r\u00e5dgivare - Kalmarsund\",\"isPartOf\":{\"@id\":\"https:\/\/nyforetagarcentrum.se\/kalmarsund\/#website\"},\"primaryImageOfPage\":{\"@id\":\"https:\/\/nyforetagarcentrum.se\/kalmarsund\/2024\/05\/28\/mia-almroth-ny-radgivare\/#primaryimage\"},\"image\":{\"@id\":\"https:\/\/nyforetagarcentrum.se\/kalmarsund\/2024\/05\/28\/mia-almroth-ny-radgivare\/#primaryimage\"},\"thumbnailUrl\":\"https:\/\/nyforetagarcentrum.se\/kalmarsund\/wp-content\/uploads\/sites\/26\/2024\/05\/Mia-profil.jpg\",\"datePublished\":\"2024-05-28T12:25:38+00:00\",\"dateModified\":\"2025-06-03T07:52:52+00:00\",\"breadcrumb\":{\"@id\":\"https:\/\/nyforetagarcentrum.se\/kalmarsund\/2024\/05\/28\/mia-almroth-ny-radgivare\/#breadcrumb\"},\"inLanguage\":\"sv-SE\",\"potentialAction\":[{\"@type\":\"ReadAction\",\"target\":[\"https:\/\/nyforetagarcentrum.se\/kalmarsund\/2024\/05\/28\/mia-almroth-ny-radgivare\/\"]}]},{\"@type\":\"ImageObject\",\"inLanguage\":\"sv-SE\",\"@id\":\"https:\/\/nyforetagarcentrum.se\/kalmarsund\/2024\/05\/28\/mia-almroth-ny-radgivare\/#primaryimage\",\"url\":\"https:\/\/nyforetagarcentrum.se\/kalmarsund\/wp-content\/uploads\/sites\/26\/2024\/05\/Mia-profil.jpg\",\"contentUrl\":\"https:\/\/nyforetagarcentrum.se\/kalmarsund\/wp-content\/uploads\/sites\/26\/2024\/05\/Mia-profil.jpg\",\"width\":175,\"height\":264},{\"@type\":\"BreadcrumbList\",\"@id\":\"https:\/\/nyforetagarcentrum.se\/kalmarsund\/2024\/05\/28\/mia-almroth-ny-radgivare\/#breadcrumb\",\"itemListElement\":[{\"@type\":\"ListItem\",\"position\":1,\"name\":\"Hem\",\"item\":\"https:\/\/nyforetagarcentrum.se\/kalmarsund\/\"},{\"@type\":\"ListItem\",\"position\":2,\"name\":\"Mia Almroth &#8211; v\u00e5r r\u00e5dgivare\"}]},{\"@type\":\"WebSite\",\"@id\":\"https:\/\/nyforetagarcentrum.se\/kalmarsund\/#website\",\"url\":\"https:\/\/nyforetagarcentrum.se\/kalmarsund\/\",\"name\":\"Kalmarsund\",\"description\":\"Sveriges ledande kraft f\u00f6r fler nya livskraftiga f\u00f6retag\",\"publisher\":{\"@id\":\"https:\/\/nyforetagarcentrum.se\/kalmarsund\/#organization\"},\"potentialAction\":[{\"@type\":\"SearchAction\",\"target\":{\"@type\":\"EntryPoint\",\"urlTemplate\":\"https:\/\/nyforetagarcentrum.se\/kalmarsund\/?s={search_term_string}\"},\"query-input\":\"required name=search_term_string\"}],\"inLanguage\":\"sv-SE\"},{\"@type\":\"Organization\",\"@id\":\"https:\/\/nyforetagarcentrum.se\/kalmarsund\/#organization\",\"name\":\"Kalmarsund\",\"url\":\"https:\/\/nyforetagarcentrum.se\/kalmarsund\/\",\"logo\":{\"@type\":\"ImageObject\",\"inLanguage\":\"sv-SE\",\"@id\":\"https:\/\/nyforetagarcentrum.se\/kalmarsund\/#\/schema\/logo\/image\/\",\"url\":\"https:\/\/nyforetagarcentrum.se\/kalmarsund\/wp-content\/uploads\/sites\/26\/2024\/07\/kalmarsund_bla.png\",\"contentUrl\":\"https:\/\/nyforetagarcentrum.se\/kalmarsund\/wp-content\/uploads\/sites\/26\/2024\/07\/kalmarsund_bla.png\",\"width\":870,\"height\":355,\"caption\":\"Kalmarsund\"},\"image\":{\"@id\":\"https:\/\/nyforetagarcentrum.se\/kalmarsund\/#\/schema\/logo\/image\/\"}},{\"@type\":\"Person\",\"@id\":\"https:\/\/nyforetagarcentrum.se\/kalmarsund\/#\/schema\/person\/b3bbd9e1fc8174393aa191857c25a960\",\"name\":\"kalmarsund\",\"image\":{\"@type\":\"ImageObject\",\"inLanguage\":\"sv-SE\",\"@id\":\"https:\/\/nyforetagarcentrum.se\/kalmarsund\/#\/schema\/person\/image\/\",\"url\":\"https:\/\/secure.gravatar.com\/avatar\/97458f8f62093278e32bc1e504f299d0?s=96&d=mm&r=g\",\"contentUrl\":\"https:\/\/secure.gravatar.com\/avatar\/97458f8f62093278e32bc1e504f299d0?s=96&d=mm&r=g\",\"caption\":\"kalmarsund\"},\"url\":\"https:\/\/nyforetagarcentrum.se\/kalmarsund\/author\/kalmarsund\/\"}]}<\/script>\n<!-- \/ Yoast SEO plugin. -->","yoast_head_json":{"title":"Mia Almroth - v\u00e5r r\u00e5dgivare - Kalmarsund","robots":{"index":"index","follow":"follow","max-snippet":"max-snippet:-1","max-image-preview":"max-image-preview:large","max-video-preview":"max-video-preview:-1"},"canonical":"https:\/\/nyforetagarcentrum.se\/kalmarsund\/2024\/05\/28\/mia-almroth-ny-radgivare\/","og_locale":"sv_SE","og_type":"article","og_title":"Mia Almroth - v\u00e5r r\u00e5dgivare - Kalmarsund","og_description":"Mia Almroth \u00e4r Nyf\u00f6retagcentrum Kalmarsunds r\u00e5dgivare. Varmt v\u00e4lkommen att boka en tid hos Mia n\u00e4r det g\u00e4ller fr\u00e5gor f\u00f6r att starta f\u00f6retag eller om du vill utveckla din verksamhet. Mia \u00e4r dessutom att ansvarig f\u00f6r v\u00e5ra Starta eget tr\u00e4ffar och Mentorsprogram. Nyf\u00f6retagcentrum Kalmarsund \u00e4r verksamma i kommunerna Kalmar, Nybro, Emmaboda, Tors\u00e5s, M\u00f6rbyl\u00e5nga och Borgholm i [&hellip;]","og_url":"https:\/\/nyforetagarcentrum.se\/kalmarsund\/2024\/05\/28\/mia-almroth-ny-radgivare\/","og_site_name":"Kalmarsund","article_published_time":"2024-05-28T12:25:38+00:00","article_modified_time":"2025-06-03T07:52:52+00:00","og_image":[{"width":175,"height":264,"url":"https:\/\/nyforetagarcentrum.se\/kalmarsund\/wp-content\/uploads\/sites\/26\/2024\/05\/Mia-profil.jpg","type":"image\/jpeg"}],"author":"kalmarsund","twitter_card":"summary_large_image","twitter_misc":{"Skriven av":"kalmarsund","Ber\u00e4knad l\u00e4stid":"1 minut"},"schema":{"@context":"https:\/\/schema.org","@graph":[{"@type":"Article","@id":"https:\/\/nyforetagarcentrum.se\/kalmarsund\/2024\/05\/28\/mia-almroth-ny-radgivare\/#article","isPartOf":{"@id":"https:\/\/nyforetagarcentrum.se\/kalmarsund\/2024\/05\/28\/mia-almroth-ny-radgivare\/"},"author":{"name":"kalmarsund","@id":"https:\/\/nyforetagarcentrum.se\/kalmarsund\/#\/schema\/person\/b3bbd9e1fc8174393aa191857c25a960"},"headline":"Mia Almroth &#8211; v\u00e5r r\u00e5dgivare","datePublished":"2024-05-28T12:25:38+00:00","dateModified":"2025-06-03T07:52:52+00:00","mainEntityOfPage":{"@id":"https:\/\/nyforetagarcentrum.se\/kalmarsund\/2024\/05\/28\/mia-almroth-ny-radgivare\/"},"wordCount":83,"commentCount":0,"publisher":{"@id":"https:\/\/nyforetagarcentrum.se\/kalmarsund\/#organization"},"image":{"@id":"https:\/\/nyforetagarcentrum.se\/kalmarsund\/2024\/05\/28\/mia-almroth-ny-radgivare\/#primaryimage"},"thumbnailUrl":"https:\/\/nyforetagarcentrum.se\/kalmarsund\/wp-content\/uploads\/sites\/26\/2024\/05\/Mia-profil.jpg","inLanguage":"sv-SE","potentialAction":[{"@type":"CommentAction","name":"Comment","target":["https:\/\/nyforetagarcentrum.se\/kalmarsund\/2024\/05\/28\/mia-almroth-ny-radgivare\/#respond"]}]},{"@type":"WebPage","@id":"https:\/\/nyforetagarcentrum.se\/kalmarsund\/2024\/05\/28\/mia-almroth-ny-radgivare\/","url":"https:\/\/nyforetagarcentrum.se\/kalmarsund\/2024\/05\/28\/mia-almroth-ny-radgivare\/","name":"Mia Almroth - v\u00e5r r\u00e5dgivare - Kalmarsund","isPartOf":{"@id":"https:\/\/nyforetagarcentrum.se\/kalmarsund\/#website"},"primaryImageOfPage":{"@id":"https:\/\/nyforetagarcentrum.se\/kalmarsund\/2024\/05\/28\/mia-almroth-ny-radgivare\/#primaryimage"},"image":{"@id":"https:\/\/nyforetagarcentrum.se\/kalmarsund\/2024\/05\/28\/mia-almroth-ny-radgivare\/#primaryimage"},"thumbnailUrl":"https:\/\/nyforetagarcentrum.se\/kalmarsund\/wp-content\/uploads\/sites\/26\/2024\/05\/Mia-profil.jpg","datePublished":"2024-05-28T12:25:38+00:00","dateModified":"2025-06-03T07:52:52+00:00","breadcrumb":{"@id":"https:\/\/nyforetagarcentrum.se\/kalmarsund\/2024\/05\/28\/mia-almroth-ny-radgivare\/#breadcrumb"},"inLanguage":"sv-SE","potentialAction":[{"@type":"ReadAction","target":["https:\/\/nyforetagarcentrum.se\/kalmarsund\/2024\/05\/28\/mia-almroth-ny-radgivare\/"]}]},{"@type":"ImageObject","inLanguage":"sv-SE","@id":"https:\/\/nyforetagarcentrum.se\/kalmarsund\/2024\/05\/28\/mia-almroth-ny-radgivare\/#primaryimage","url":"https:\/\/nyforetagarcentrum.se\/kalmarsund\/wp-content\/uploads\/sites\/26\/2024\/05\/Mia-profil.jpg","contentUrl":"https:\/\/nyforetagarcentrum.se\/kalmarsund\/wp-content\/uploads\/sites\/26\/2024\/05\/Mia-profil.jpg","width":175,"height":264},{"@type":"BreadcrumbList","@id":"https:\/\/nyforetagarcentrum.se\/kalmarsund\/2024\/05\/28\/mia-almroth-ny-radgivare\/#breadcrumb","itemListElement":[{"@type":"ListItem","position":1,"name":"Hem","item":"https:\/\/nyforetagarcentrum.se\/kalmarsund\/"},{"@type":"ListItem","position":2,"name":"Mia Almroth &#8211; v\u00e5r r\u00e5dgivare"}]},{"@type":"WebSite","@id":"https:\/\/nyforetagarcentrum.se\/kalmarsund\/#website","url":"https:\/\/nyforetagarcentrum.se\/kalmarsund\/","name":"Kalmarsund","description":"Sveriges ledande kraft f\u00f6r fler nya livskraftiga f\u00f6retag","publisher":{"@id":"https:\/\/nyforetagarcentrum.se\/kalmarsund\/#organization"},"potentialAction":[{"@type":"SearchAction","target":{"@type":"EntryPoint","urlTemplate":"https:\/\/nyforetagarcentrum.se\/kalmarsund\/?s={search_term_string}"},"query-input":"required name=search_term_string"}],"inLanguage":"sv-SE"},{"@type":"Organization","@id":"https:\/\/nyforetagarcentrum.se\/kalmarsund\/#organization","name":"Kalmarsund","url":"https:\/\/nyforetagarcentrum.se\/kalmarsund\/","logo":{"@type":"ImageObject","inLanguage":"sv-SE","@id":"https:\/\/nyforetagarcentrum.se\/kalmarsund\/#\/schema\/logo\/image\/","url":"https:\/\/nyforetagarcentrum.se\/kalmarsund\/wp-content\/uploads\/sites\/26\/2024\/07\/kalmarsund_bla.png","contentUrl":"https:\/\/nyforetagarcentrum.se\/kalmarsund\/wp-content\/uploads\/sites\/26\/2024\/07\/kalmarsund_bla.png","width":870,"height":355,"caption":"Kalmarsund"},"image":{"@id":"https:\/\/nyforetagarcentrum.se\/kalmarsund\/#\/schema\/logo\/image\/"}},{"@type":"Person","@id":"https:\/\/nyforetagarcentrum.se\/kalmarsund\/#\/schema\/person\/b3bbd9e1fc8174393aa191857c25a960","name":"kalmarsund","image":{"@type":"ImageObject","inLanguage":"sv-SE","@id":"https:\/\/nyforetagarcentrum.se\/kalmarsund\/#\/schema\/person\/image\/","url":"https:\/\/secure.gravatar.com\/avatar\/97458f8f62093278e32bc1e504f299d0?s=96&d=mm&r=g","contentUrl":"https:\/\/secure.gravatar.com\/avatar\/97458f8f62093278e32bc1e504f299d0?s=96&d=mm&r=g","caption":"kalmarsund"},"url":"https:\/\/nyforetagarcentrum.se\/kalmarsund\/author\/kalmarsund\/"}]}},"_links":{"self":[{"href":"https:\/\/nyforetagarcentrum.se\/kalmarsund\/wp-json\/wp\/v2\/posts\/474"}],"collection":[{"href":"https:\/\/nyforetagarcentrum.se\/kalmarsund\/wp-json\/wp\/v2\/posts"}],"about":[{"href":"https:\/\/nyforetagarcentrum.se\/kalmarsund\/wp-json\/wp\/v2\/types\/post"}],"author":[{"embeddable":true,"href":"https:\/\/nyforetagarcentrum.se\/kalmarsund\/wp-json\/wp\/v2\/users\/45"}],"replies":[{"embeddable":true,"href":"https:\/\/nyforetagarcentrum.se\/kalmarsund\/wp-json\/wp\/v2\/comments?post=474"}],"version-history":[{"count":3,"href":"https:\/\/nyforetagarcentrum.se\/kalmarsund\/wp-json\/wp\/v2\/posts\/474\/revisions"}],"predecessor-version":[{"id":611,"href":"https:\/\/nyforetagarcentrum.se\/kalmarsund\/wp-json\/wp\/v2\/posts\/474\/revisions\/611"}],"wp:featuredmedia":[{"embeddable":true,"href":"https:\/\/nyforetagarcentrum.se\/kalmarsund\/wp-json\/wp\/v2\/media\/476"}],"wp:attachment":[{"href":"https:\/\/nyforetagarcentrum.se\/kalmarsund\/wp-json\/wp\/v2\/media?parent=474"}],"wp:term":[{"taxonomy":"category","embeddable":true,"href":"https:\/\/nyforetagarcentrum.se\/kalmarsund\/wp-json\/wp\/v2\/categories?post=474"},{"taxonomy":"post_tag","embeddable":true,"href":"https:\/\/nyforetagarcentrum.se\/kalmarsund\/wp-json\/wp\/v2\/tags?post=474"}],"curies":[{"name":"wp","href":"https:\/\/api.w.org\/{rel}","templated":true}]}}