{"id":1280,"date":"2024-05-03T09:44:09","date_gmt":"2024-05-03T07:44:09","guid":{"rendered":"https:\/\/nyforetagarcentrum.se\/jonkoping\/?p=1280"},"modified":"2024-10-11T09:52:51","modified_gmt":"2024-10-11T07:52:51","slug":"arets-mentor-2023-stefan-erixson","status":"publish","type":"post","link":"https:\/\/nyforetagarcentrum.se\/jonkoping\/2024\/05\/03\/arets-mentor-2023-stefan-erixson\/","title":{"rendered":"\u00c5rets Mentor 2023 \u2013 Stefan Erixson"},"content":{"rendered":"\n<h3 class=\"wp-block-heading\">Nominerad av sin adept Karim Taha<\/h3>\n\n\n\n<p>Kickoff f\u00f6r nya adepter i v\u00e5rt Mentorprogram! Stefan Erixson fick pris som \u00c5rets Mentor 2023 nominerad av sin adept Karim Taha.<\/p>\n\n\n\n<p>Karim med egna f\u00f6retaget Falgo bj\u00f6d p\u00e5 god egentillverkad pizza.<\/p>\n\n\n\n<p>Joel Sundstr\u00f6m fr\u00e5n Flow the agency pratade smart digital marknadsf\u00f6ring.<\/p>\n\n\n\n<p>Hos h\u00e4rliga DOSPACE SWEDEN<\/p>\n","protected":false},"excerpt":{"rendered":"<p>Nominerad av sin adept Karim Taha Kickoff f\u00f6r nya adepter i v\u00e5rt Mentorprogram! Stefan Erixson fick pris som \u00c5rets Mentor 2023 nominerad av sin adept Karim Taha. Karim med egna f\u00f6retaget Falgo bj\u00f6d p\u00e5 god egentillverkad pizza. Joel Sundstr\u00f6m fr\u00e5n Flow the agency pratade smart digital marknadsf\u00f6ring. Hos h\u00e4rliga DOSPACE SWEDEN<\/p>\n","protected":false},"author":1,"featured_media":1231,"comment_status":"open","ping_status":"open","sticky":false,"template":"","format":"standard","meta":{"footnotes":""},"categories":[18],"tags":[],"acf":[],"yoast_head":"<!-- This site is optimized with the Yoast SEO plugin v22.9 - https:\/\/yoast.com\/wordpress\/plugins\/seo\/ -->\n<title>\u00c5rets Mentor 2023 \u2013 Stefan Erixson - J\u00f6nk\u00f6ping<\/title>\n<meta name=\"description\" content=\"L\u00e4s mer om utm\u00e4rkelsen av \u00e5rets Mentor 2023 i J\u00f6nk\u00f6ping. Detta \u00e5r gick priset till Stefan Erixson som nominerades av Karim Taha.\" \/>\n<meta name=\"robots\" content=\"index, follow, max-snippet:-1, max-image-preview:large, max-video-preview:-1\" \/>\n<link rel=\"canonical\" href=\"https:\/\/nyforetagarcentrum.se\/jonkoping\/2024\/05\/03\/arets-mentor-2023-stefan-erixson\/\" \/>\n<meta property=\"og:locale\" content=\"sv_SE\" \/>\n<meta property=\"og:type\" content=\"article\" \/>\n<meta property=\"og:title\" content=\"\u00c5rets Mentor 2023 \u2013 Stefan Erixson - J\u00f6nk\u00f6ping\" \/>\n<meta property=\"og:description\" content=\"L\u00e4s mer om utm\u00e4rkelsen av \u00e5rets Mentor 2023 i J\u00f6nk\u00f6ping. Detta \u00e5r gick priset till Stefan Erixson som nominerades av Karim Taha.\" \/>\n<meta property=\"og:url\" content=\"https:\/\/nyforetagarcentrum.se\/jonkoping\/2024\/05\/03\/arets-mentor-2023-stefan-erixson\/\" \/>\n<meta property=\"og:site_name\" content=\"J\u00f6nk\u00f6ping\" \/>\n<meta property=\"article:published_time\" content=\"2024-05-03T07:44:09+00:00\" \/>\n<meta property=\"article:modified_time\" content=\"2024-10-11T07:52:51+00:00\" \/>\n<meta property=\"og:image\" content=\"https:\/\/nyforetagarcentrum.se\/jonkoping\/wp-content\/uploads\/sites\/52\/2024\/04\/Stefan-Erixson-och-Karim-Taha-1163x696-1.jpeg\" \/>\n\t<meta property=\"og:image:width\" content=\"1163\" \/>\n\t<meta property=\"og:image:height\" content=\"696\" \/>\n\t<meta property=\"og:image:type\" content=\"image\/jpeg\" \/>\n<meta name=\"author\" content=\"user\" \/>\n<meta name=\"twitter:card\" content=\"summary_large_image\" \/>\n<meta name=\"twitter:label1\" content=\"Skriven av\" \/>\n\t<meta name=\"twitter:data1\" content=\"user\" \/>\n\t<meta name=\"twitter:label2\" content=\"Ber\u00e4knad l\u00e4stid\" \/>\n\t<meta name=\"twitter:data2\" content=\"1 minut\" \/>\n<script type=\"application\/ld+json\" class=\"yoast-schema-graph\">{\"@context\":\"https:\/\/schema.org\",\"@graph\":[{\"@type\":\"Article\",\"@id\":\"https:\/\/nyforetagarcentrum.se\/jonkoping\/2024\/05\/03\/arets-mentor-2023-stefan-erixson\/#article\",\"isPartOf\":{\"@id\":\"https:\/\/nyforetagarcentrum.se\/jonkoping\/2024\/05\/03\/arets-mentor-2023-stefan-erixson\/\"},\"author\":{\"name\":\"user\",\"@id\":\"https:\/\/nyforetagarcentrum.se\/jonkoping\/#\/schema\/person\/8c364eb25b3a6b27afd11a5965271437\"},\"headline\":\"\u00c5rets Mentor 2023 \u2013 Stefan Erixson\",\"datePublished\":\"2024-05-03T07:44:09+00:00\",\"dateModified\":\"2024-10-11T07:52:51+00:00\",\"mainEntityOfPage\":{\"@id\":\"https:\/\/nyforetagarcentrum.se\/jonkoping\/2024\/05\/03\/arets-mentor-2023-stefan-erixson\/\"},\"wordCount\":62,\"commentCount\":0,\"publisher\":{\"@id\":\"https:\/\/nyforetagarcentrum.se\/jonkoping\/#organization\"},\"image\":{\"@id\":\"https:\/\/nyforetagarcentrum.se\/jonkoping\/2024\/05\/03\/arets-mentor-2023-stefan-erixson\/#primaryimage\"},\"thumbnailUrl\":\"https:\/\/nyforetagarcentrum.se\/jonkoping\/wp-content\/uploads\/sites\/52\/2024\/04\/Stefan-Erixson-och-Karim-Taha-1163x696-1.jpeg\",\"articleSection\":[\"\u00c5rets mentor\"],\"inLanguage\":\"sv-SE\",\"potentialAction\":[{\"@type\":\"CommentAction\",\"name\":\"Comment\",\"target\":[\"https:\/\/nyforetagarcentrum.se\/jonkoping\/2024\/05\/03\/arets-mentor-2023-stefan-erixson\/#respond\"]}]},{\"@type\":\"WebPage\",\"@id\":\"https:\/\/nyforetagarcentrum.se\/jonkoping\/2024\/05\/03\/arets-mentor-2023-stefan-erixson\/\",\"url\":\"https:\/\/nyforetagarcentrum.se\/jonkoping\/2024\/05\/03\/arets-mentor-2023-stefan-erixson\/\",\"name\":\"\u00c5rets Mentor 2023 \u2013 Stefan Erixson - J\u00f6nk\u00f6ping\",\"isPartOf\":{\"@id\":\"https:\/\/nyforetagarcentrum.se\/jonkoping\/#website\"},\"primaryImageOfPage\":{\"@id\":\"https:\/\/nyforetagarcentrum.se\/jonkoping\/2024\/05\/03\/arets-mentor-2023-stefan-erixson\/#primaryimage\"},\"image\":{\"@id\":\"https:\/\/nyforetagarcentrum.se\/jonkoping\/2024\/05\/03\/arets-mentor-2023-stefan-erixson\/#primaryimage\"},\"thumbnailUrl\":\"https:\/\/nyforetagarcentrum.se\/jonkoping\/wp-content\/uploads\/sites\/52\/2024\/04\/Stefan-Erixson-och-Karim-Taha-1163x696-1.jpeg\",\"datePublished\":\"2024-05-03T07:44:09+00:00\",\"dateModified\":\"2024-10-11T07:52:51+00:00\",\"description\":\"L\u00e4s mer om utm\u00e4rkelsen av \u00e5rets Mentor 2023 i J\u00f6nk\u00f6ping. Detta \u00e5r gick priset till Stefan Erixson som nominerades av Karim Taha.\",\"breadcrumb\":{\"@id\":\"https:\/\/nyforetagarcentrum.se\/jonkoping\/2024\/05\/03\/arets-mentor-2023-stefan-erixson\/#breadcrumb\"},\"inLanguage\":\"sv-SE\",\"potentialAction\":[{\"@type\":\"ReadAction\",\"target\":[\"https:\/\/nyforetagarcentrum.se\/jonkoping\/2024\/05\/03\/arets-mentor-2023-stefan-erixson\/\"]}]},{\"@type\":\"ImageObject\",\"inLanguage\":\"sv-SE\",\"@id\":\"https:\/\/nyforetagarcentrum.se\/jonkoping\/2024\/05\/03\/arets-mentor-2023-stefan-erixson\/#primaryimage\",\"url\":\"https:\/\/nyforetagarcentrum.se\/jonkoping\/wp-content\/uploads\/sites\/52\/2024\/04\/Stefan-Erixson-och-Karim-Taha-1163x696-1.jpeg\",\"contentUrl\":\"https:\/\/nyforetagarcentrum.se\/jonkoping\/wp-content\/uploads\/sites\/52\/2024\/04\/Stefan-Erixson-och-Karim-Taha-1163x696-1.jpeg\",\"width\":1163,\"height\":696},{\"@type\":\"BreadcrumbList\",\"@id\":\"https:\/\/nyforetagarcentrum.se\/jonkoping\/2024\/05\/03\/arets-mentor-2023-stefan-erixson\/#breadcrumb\",\"itemListElement\":[{\"@type\":\"ListItem\",\"position\":1,\"name\":\"Hem\",\"item\":\"https:\/\/nyforetagarcentrum.se\/jonkoping\/\"},{\"@type\":\"ListItem\",\"position\":2,\"name\":\"\u00c5rets Mentor 2023 \u2013 Stefan Erixson\"}]},{\"@type\":\"WebSite\",\"@id\":\"https:\/\/nyforetagarcentrum.se\/jonkoping\/#website\",\"url\":\"https:\/\/nyforetagarcentrum.se\/jonkoping\/\",\"name\":\"J\u00f6nk\u00f6ping\",\"description\":\"Sveriges ledande kraft f\u00f6r fler nya livskraftiga f\u00f6retag\",\"publisher\":{\"@id\":\"https:\/\/nyforetagarcentrum.se\/jonkoping\/#organization\"},\"potentialAction\":[{\"@type\":\"SearchAction\",\"target\":{\"@type\":\"EntryPoint\",\"urlTemplate\":\"https:\/\/nyforetagarcentrum.se\/jonkoping\/?s={search_term_string}\"},\"query-input\":\"required name=search_term_string\"}],\"inLanguage\":\"sv-SE\"},{\"@type\":\"Organization\",\"@id\":\"https:\/\/nyforetagarcentrum.se\/jonkoping\/#organization\",\"name\":\"J\u00f6nk\u00f6ping\",\"url\":\"https:\/\/nyforetagarcentrum.se\/jonkoping\/\",\"logo\":{\"@type\":\"ImageObject\",\"inLanguage\":\"sv-SE\",\"@id\":\"https:\/\/nyforetagarcentrum.se\/jonkoping\/#\/schema\/logo\/image\/\",\"url\":\"https:\/\/nyforetagarcentrum.se\/jonkoping\/wp-content\/uploads\/sites\/52\/2024\/07\/jonkoping_bla-1.png\",\"contentUrl\":\"https:\/\/nyforetagarcentrum.se\/jonkoping\/wp-content\/uploads\/sites\/52\/2024\/07\/jonkoping_bla-1.png\",\"width\":870,\"height\":355,\"caption\":\"J\u00f6nk\u00f6ping\"},\"image\":{\"@id\":\"https:\/\/nyforetagarcentrum.se\/jonkoping\/#\/schema\/logo\/image\/\"}},{\"@type\":\"Person\",\"@id\":\"https:\/\/nyforetagarcentrum.se\/jonkoping\/#\/schema\/person\/8c364eb25b3a6b27afd11a5965271437\",\"name\":\"user\",\"image\":{\"@type\":\"ImageObject\",\"inLanguage\":\"sv-SE\",\"@id\":\"https:\/\/nyforetagarcentrum.se\/jonkoping\/#\/schema\/person\/image\/\",\"url\":\"https:\/\/secure.gravatar.com\/avatar\/b58996c504c5638798eb6b511e6f49af?s=96&d=mm&r=g\",\"contentUrl\":\"https:\/\/secure.gravatar.com\/avatar\/b58996c504c5638798eb6b511e6f49af?s=96&d=mm&r=g\",\"caption\":\"user\"},\"sameAs\":[\"https:\/\/nyforetagarcentrum.se\"],\"url\":\"https:\/\/nyforetagarcentrum.se\/jonkoping\/author\/user\/\"}]}<\/script>\n<!-- \/ Yoast SEO plugin. -->","yoast_head_json":{"title":"\u00c5rets Mentor 2023 \u2013 Stefan Erixson - J\u00f6nk\u00f6ping","description":"L\u00e4s mer om utm\u00e4rkelsen av \u00e5rets Mentor 2023 i J\u00f6nk\u00f6ping. Detta \u00e5r gick priset till Stefan Erixson som nominerades av Karim Taha.","robots":{"index":"index","follow":"follow","max-snippet":"max-snippet:-1","max-image-preview":"max-image-preview:large","max-video-preview":"max-video-preview:-1"},"canonical":"https:\/\/nyforetagarcentrum.se\/jonkoping\/2024\/05\/03\/arets-mentor-2023-stefan-erixson\/","og_locale":"sv_SE","og_type":"article","og_title":"\u00c5rets Mentor 2023 \u2013 Stefan Erixson - J\u00f6nk\u00f6ping","og_description":"L\u00e4s mer om utm\u00e4rkelsen av \u00e5rets Mentor 2023 i J\u00f6nk\u00f6ping. Detta \u00e5r gick priset till Stefan Erixson som nominerades av Karim Taha.","og_url":"https:\/\/nyforetagarcentrum.se\/jonkoping\/2024\/05\/03\/arets-mentor-2023-stefan-erixson\/","og_site_name":"J\u00f6nk\u00f6ping","article_published_time":"2024-05-03T07:44:09+00:00","article_modified_time":"2024-10-11T07:52:51+00:00","og_image":[{"width":1163,"height":696,"url":"https:\/\/nyforetagarcentrum.se\/jonkoping\/wp-content\/uploads\/sites\/52\/2024\/04\/Stefan-Erixson-och-Karim-Taha-1163x696-1.jpeg","type":"image\/jpeg"}],"author":"user","twitter_card":"summary_large_image","twitter_misc":{"Skriven av":"user","Ber\u00e4knad l\u00e4stid":"1 minut"},"schema":{"@context":"https:\/\/schema.org","@graph":[{"@type":"Article","@id":"https:\/\/nyforetagarcentrum.se\/jonkoping\/2024\/05\/03\/arets-mentor-2023-stefan-erixson\/#article","isPartOf":{"@id":"https:\/\/nyforetagarcentrum.se\/jonkoping\/2024\/05\/03\/arets-mentor-2023-stefan-erixson\/"},"author":{"name":"user","@id":"https:\/\/nyforetagarcentrum.se\/jonkoping\/#\/schema\/person\/8c364eb25b3a6b27afd11a5965271437"},"headline":"\u00c5rets Mentor 2023 \u2013 Stefan Erixson","datePublished":"2024-05-03T07:44:09+00:00","dateModified":"2024-10-11T07:52:51+00:00","mainEntityOfPage":{"@id":"https:\/\/nyforetagarcentrum.se\/jonkoping\/2024\/05\/03\/arets-mentor-2023-stefan-erixson\/"},"wordCount":62,"commentCount":0,"publisher":{"@id":"https:\/\/nyforetagarcentrum.se\/jonkoping\/#organization"},"image":{"@id":"https:\/\/nyforetagarcentrum.se\/jonkoping\/2024\/05\/03\/arets-mentor-2023-stefan-erixson\/#primaryimage"},"thumbnailUrl":"https:\/\/nyforetagarcentrum.se\/jonkoping\/wp-content\/uploads\/sites\/52\/2024\/04\/Stefan-Erixson-och-Karim-Taha-1163x696-1.jpeg","articleSection":["\u00c5rets mentor"],"inLanguage":"sv-SE","potentialAction":[{"@type":"CommentAction","name":"Comment","target":["https:\/\/nyforetagarcentrum.se\/jonkoping\/2024\/05\/03\/arets-mentor-2023-stefan-erixson\/#respond"]}]},{"@type":"WebPage","@id":"https:\/\/nyforetagarcentrum.se\/jonkoping\/2024\/05\/03\/arets-mentor-2023-stefan-erixson\/","url":"https:\/\/nyforetagarcentrum.se\/jonkoping\/2024\/05\/03\/arets-mentor-2023-stefan-erixson\/","name":"\u00c5rets Mentor 2023 \u2013 Stefan Erixson - J\u00f6nk\u00f6ping","isPartOf":{"@id":"https:\/\/nyforetagarcentrum.se\/jonkoping\/#website"},"primaryImageOfPage":{"@id":"https:\/\/nyforetagarcentrum.se\/jonkoping\/2024\/05\/03\/arets-mentor-2023-stefan-erixson\/#primaryimage"},"image":{"@id":"https:\/\/nyforetagarcentrum.se\/jonkoping\/2024\/05\/03\/arets-mentor-2023-stefan-erixson\/#primaryimage"},"thumbnailUrl":"https:\/\/nyforetagarcentrum.se\/jonkoping\/wp-content\/uploads\/sites\/52\/2024\/04\/Stefan-Erixson-och-Karim-Taha-1163x696-1.jpeg","datePublished":"2024-05-03T07:44:09+00:00","dateModified":"2024-10-11T07:52:51+00:00","description":"L\u00e4s mer om utm\u00e4rkelsen av \u00e5rets Mentor 2023 i J\u00f6nk\u00f6ping. Detta \u00e5r gick priset till Stefan Erixson som nominerades av Karim Taha.","breadcrumb":{"@id":"https:\/\/nyforetagarcentrum.se\/jonkoping\/2024\/05\/03\/arets-mentor-2023-stefan-erixson\/#breadcrumb"},"inLanguage":"sv-SE","potentialAction":[{"@type":"ReadAction","target":["https:\/\/nyforetagarcentrum.se\/jonkoping\/2024\/05\/03\/arets-mentor-2023-stefan-erixson\/"]}]},{"@type":"ImageObject","inLanguage":"sv-SE","@id":"https:\/\/nyforetagarcentrum.se\/jonkoping\/2024\/05\/03\/arets-mentor-2023-stefan-erixson\/#primaryimage","url":"https:\/\/nyforetagarcentrum.se\/jonkoping\/wp-content\/uploads\/sites\/52\/2024\/04\/Stefan-Erixson-och-Karim-Taha-1163x696-1.jpeg","contentUrl":"https:\/\/nyforetagarcentrum.se\/jonkoping\/wp-content\/uploads\/sites\/52\/2024\/04\/Stefan-Erixson-och-Karim-Taha-1163x696-1.jpeg","width":1163,"height":696},{"@type":"BreadcrumbList","@id":"https:\/\/nyforetagarcentrum.se\/jonkoping\/2024\/05\/03\/arets-mentor-2023-stefan-erixson\/#breadcrumb","itemListElement":[{"@type":"ListItem","position":1,"name":"Hem","item":"https:\/\/nyforetagarcentrum.se\/jonkoping\/"},{"@type":"ListItem","position":2,"name":"\u00c5rets Mentor 2023 \u2013 Stefan Erixson"}]},{"@type":"WebSite","@id":"https:\/\/nyforetagarcentrum.se\/jonkoping\/#website","url":"https:\/\/nyforetagarcentrum.se\/jonkoping\/","name":"J\u00f6nk\u00f6ping","description":"Sveriges ledande kraft f\u00f6r fler nya livskraftiga f\u00f6retag","publisher":{"@id":"https:\/\/nyforetagarcentrum.se\/jonkoping\/#organization"},"potentialAction":[{"@type":"SearchAction","target":{"@type":"EntryPoint","urlTemplate":"https:\/\/nyforetagarcentrum.se\/jonkoping\/?s={search_term_string}"},"query-input":"required name=search_term_string"}],"inLanguage":"sv-SE"},{"@type":"Organization","@id":"https:\/\/nyforetagarcentrum.se\/jonkoping\/#organization","name":"J\u00f6nk\u00f6ping","url":"https:\/\/nyforetagarcentrum.se\/jonkoping\/","logo":{"@type":"ImageObject","inLanguage":"sv-SE","@id":"https:\/\/nyforetagarcentrum.se\/jonkoping\/#\/schema\/logo\/image\/","url":"https:\/\/nyforetagarcentrum.se\/jonkoping\/wp-content\/uploads\/sites\/52\/2024\/07\/jonkoping_bla-1.png","contentUrl":"https:\/\/nyforetagarcentrum.se\/jonkoping\/wp-content\/uploads\/sites\/52\/2024\/07\/jonkoping_bla-1.png","width":870,"height":355,"caption":"J\u00f6nk\u00f6ping"},"image":{"@id":"https:\/\/nyforetagarcentrum.se\/jonkoping\/#\/schema\/logo\/image\/"}},{"@type":"Person","@id":"https:\/\/nyforetagarcentrum.se\/jonkoping\/#\/schema\/person\/8c364eb25b3a6b27afd11a5965271437","name":"user","image":{"@type":"ImageObject","inLanguage":"sv-SE","@id":"https:\/\/nyforetagarcentrum.se\/jonkoping\/#\/schema\/person\/image\/","url":"https:\/\/secure.gravatar.com\/avatar\/b58996c504c5638798eb6b511e6f49af?s=96&d=mm&r=g","contentUrl":"https:\/\/secure.gravatar.com\/avatar\/b58996c504c5638798eb6b511e6f49af?s=96&d=mm&r=g","caption":"user"},"sameAs":["https:\/\/nyforetagarcentrum.se"],"url":"https:\/\/nyforetagarcentrum.se\/jonkoping\/author\/user\/"}]}},"_links":{"self":[{"href":"https:\/\/nyforetagarcentrum.se\/jonkoping\/wp-json\/wp\/v2\/posts\/1280"}],"collection":[{"href":"https:\/\/nyforetagarcentrum.se\/jonkoping\/wp-json\/wp\/v2\/posts"}],"about":[{"href":"https:\/\/nyforetagarcentrum.se\/jonkoping\/wp-json\/wp\/v2\/types\/post"}],"author":[{"embeddable":true,"href":"https:\/\/nyforetagarcentrum.se\/jonkoping\/wp-json\/wp\/v2\/users\/1"}],"replies":[{"embeddable":true,"href":"https:\/\/nyforetagarcentrum.se\/jonkoping\/wp-json\/wp\/v2\/comments?post=1280"}],"version-history":[{"count":1,"href":"https:\/\/nyforetagarcentrum.se\/jonkoping\/wp-json\/wp\/v2\/posts\/1280\/revisions"}],"predecessor-version":[{"id":1281,"href":"https:\/\/nyforetagarcentrum.se\/jonkoping\/wp-json\/wp\/v2\/posts\/1280\/revisions\/1281"}],"wp:featuredmedia":[{"embeddable":true,"href":"https:\/\/nyforetagarcentrum.se\/jonkoping\/wp-json\/wp\/v2\/media\/1231"}],"wp:attachment":[{"href":"https:\/\/nyforetagarcentrum.se\/jonkoping\/wp-json\/wp\/v2\/media?parent=1280"}],"wp:term":[{"taxonomy":"category","embeddable":true,"href":"https:\/\/nyforetagarcentrum.se\/jonkoping\/wp-json\/wp\/v2\/categories?post=1280"},{"taxonomy":"post_tag","embeddable":true,"href":"https:\/\/nyforetagarcentrum.se\/jonkoping\/wp-json\/wp\/v2\/tags?post=1280"}],"curies":[{"name":"wp","href":"https:\/\/api.w.org\/{rel}","templated":true}]}}