{"id":419,"date":"2023-05-15T08:58:00","date_gmt":"2023-05-15T06:58:00","guid":{"rendered":"https:\/\/nyforetagarcentrum.se\/jarfalla\/?p=419"},"modified":"2024-05-15T09:00:19","modified_gmt":"2024-05-15T07:00:19","slug":"valkommen-att-boka-tid-for-kostnadsfri-objektiv-och-konfidentiell-radgivning","status":"publish","type":"post","link":"https:\/\/nyforetagarcentrum.se\/jarfalla\/2023\/05\/15\/valkommen-att-boka-tid-for-kostnadsfri-objektiv-och-konfidentiell-radgivning\/","title":{"rendered":"V\u00e4lkommen att boka tid f\u00f6r kostnadsfri, objektiv och konfidentiell r\u00e5dgivning"},"content":{"rendered":"\n<h2 class=\"wp-block-heading\">Boka r\u00e5dgivning via n\u00e4tet<\/h2>\n\n\n\n<h3 class=\"wp-block-heading\"><a href=\"https:\/\/jobsdata-nyforetagarcentrum.se\/ExternBooking?OfficeId=47f50f2d-3896-e811-80d7-0050568571f4\" target=\"_blank\" rel=\"noreferrer noopener\">\u2022 Boka r\u00e5dgiving h\u00e4r!<\/a><\/h3>\n\n\n\n<h3 class=\"wp-block-heading\"><a href=\"https:\/\/jobsdata-nyforetagarcentrum.se\/InternBooking?OfficeId=47f50f2d-3896-e811-80d7-0050568571f4\" target=\"_blank\" rel=\"noreferrer noopener\">\u2022 Boka r\u00e5dgivning med kod h\u00e4r!<\/a><\/h3>\n\n\n\n<p>F\u00f6rbered dig innan du kommer p\u00e5 individuella r\u00e5dgivningen.<\/p>\n\n\n\n<p>P\u00e5 informationsm\u00f6te i grupp beh\u00f6ver du&nbsp;<em>inte<\/em>&nbsp;ha en aff\u00e4rsplan,<\/p>\n\n\n\n<p>Grundl\u00e4ggande inf\u00f6r enskild r\u00e5dgivning \u00e4r att du ska arbeta med en aff\u00e4rsplan.<br>Det finns en interaktiv p\u00e5 n\u00e4tet p\u00e5&nbsp;<a href=\"https:\/\/www.affarsplanen.com\/\" target=\"_blank\" rel=\"noreferrer noopener\">l\u00e4nken H\u00c4R<\/a><\/p>\n\n\n\n<h3 class=\"wp-block-heading\">Vi har olika typer av m\u00f6ten (och evenemang) du kan boka:<\/h3>\n\n\n\n<p><em>\u2013 Information eller utbildning i&nbsp;<strong>grupp<\/strong>,<\/em>&nbsp;f\u00f6r Dig som g\u00e5r och funderar, men inte<br>\u00e4r klar \u00f6ver f\u00f6ruts\u00e4ttningarna. Som regel sker s\u00e5dana m\u00f6ten en g\u00e5ng per m\u00e5nad.<br>Du ser p\u00e5 listan \u00f6ver vilken plats, vilka dagar och tider som finns lediga.<\/p>\n\n\n\n<p><em>\u2013 Introduktionsm\u00f6te,&nbsp;<strong>enskild<\/strong>&nbsp;r\u00e5dgivning<\/em>&nbsp;f\u00f6r Dig som&nbsp;<strong>har en f\u00e4rdig aff\u00e4rsid\u00e9<\/strong><br>och jobbar med Aff\u00e4rsplanen.&nbsp;<strong>Detta \u00e4r individuell r\u00e5dgivning<\/strong>&nbsp;och tar max. en<br>timme. Observera att det st\u00e5r p\u00e5 listan vilken plats (kommun) som r\u00e5dgivningen<br>kan \u00e4ga rum i. V\u00e4lj den plats som passar dej b\u00e4st!<\/p>\n\n\n\n<p><em>\u2013 Specialevenemang,<\/em>&nbsp;m\u00e4ssor, utbildning och liknande. P\u00e5 listan framg\u00e5r alltid<br>vilken typ av m\u00f6te eller evenemang det handlar om.<\/p>\n\n\n\n<p><strong><em>Om Du f\u00e5r svaret i f\u00f6rsta rutan \u201dInga kommande m\u00f6ten hittades\u201d \u00e4r<br>vi tyv\u00e4rr fullbokade p\u00e5 fasta tider. Nya r\u00e5dgivningstider l\u00e4ggs dock upp fortl\u00f6pande.<\/em><\/strong><br>Du kan skicka ett mail&nbsp;till oss och f\u00f6resl\u00e5 egna tider som skulle passa!<br>Om du har f\u00e5tt en tid: Boka alltid av din tid senast dagen innan om du har f\u00e5tt<br>f\u00f6rhinder. G\u00f6r du inte det f\u00f6rbeh\u00e5ller vi oss r\u00e4tten att ta ut en avgift p\u00e5 400 kronor.<\/p>\n","protected":false},"excerpt":{"rendered":"<p>Boka r\u00e5dgivning via n\u00e4tet \u2022 Boka r\u00e5dgiving h\u00e4r! \u2022 Boka r\u00e5dgivning med kod h\u00e4r! F\u00f6rbered dig innan du kommer p\u00e5 individuella r\u00e5dgivningen. P\u00e5 informationsm\u00f6te i grupp beh\u00f6ver du&nbsp;inte&nbsp;ha en aff\u00e4rsplan, Grundl\u00e4ggande inf\u00f6r enskild r\u00e5dgivning \u00e4r att du ska arbeta med en aff\u00e4rsplan.Det finns en interaktiv p\u00e5 n\u00e4tet p\u00e5&nbsp;l\u00e4nken H\u00c4R Vi har olika typer av m\u00f6ten [&hellip;]<\/p>\n","protected":false},"author":32,"featured_media":17,"comment_status":"open","ping_status":"open","sticky":false,"template":"","format":"standard","meta":{"footnotes":""},"categories":[10],"tags":[],"acf":[],"yoast_head":"<!-- This site is optimized with the Yoast SEO plugin v22.9 - https:\/\/yoast.com\/wordpress\/plugins\/seo\/ -->\n<title>V\u00e4lkommen att boka tid f\u00f6r kostnadsfri, objektiv och konfidentiell r\u00e5dgivning - J\u00e4rf\u00e4lla<\/title>\n<meta name=\"robots\" content=\"index, follow, max-snippet:-1, max-image-preview:large, max-video-preview:-1\" \/>\n<link rel=\"canonical\" href=\"https:\/\/nyforetagarcentrum.se\/jarfalla\/2023\/05\/15\/valkommen-att-boka-tid-for-kostnadsfri-objektiv-och-konfidentiell-radgivning\/\" \/>\n<meta property=\"og:locale\" content=\"sv_SE\" \/>\n<meta property=\"og:type\" content=\"article\" \/>\n<meta property=\"og:title\" content=\"V\u00e4lkommen att boka tid f\u00f6r kostnadsfri, objektiv och konfidentiell r\u00e5dgivning - J\u00e4rf\u00e4lla\" \/>\n<meta property=\"og:description\" content=\"Boka r\u00e5dgivning via n\u00e4tet \u2022 Boka r\u00e5dgiving h\u00e4r! \u2022 Boka r\u00e5dgivning med kod h\u00e4r! F\u00f6rbered dig innan du kommer p\u00e5 individuella r\u00e5dgivningen. P\u00e5 informationsm\u00f6te i grupp beh\u00f6ver du&nbsp;inte&nbsp;ha en aff\u00e4rsplan, Grundl\u00e4ggande inf\u00f6r enskild r\u00e5dgivning \u00e4r att du ska arbeta med en aff\u00e4rsplan.Det finns en interaktiv p\u00e5 n\u00e4tet p\u00e5&nbsp;l\u00e4nken H\u00c4R Vi har olika typer av m\u00f6ten [&hellip;]\" \/>\n<meta property=\"og:url\" content=\"https:\/\/nyforetagarcentrum.se\/jarfalla\/2023\/05\/15\/valkommen-att-boka-tid-for-kostnadsfri-objektiv-och-konfidentiell-radgivning\/\" \/>\n<meta property=\"og:site_name\" content=\"J\u00e4rf\u00e4lla\" \/>\n<meta property=\"article:published_time\" content=\"2023-05-15T06:58:00+00:00\" \/>\n<meta property=\"article:modified_time\" content=\"2024-05-15T07:00:19+00:00\" \/>\n<meta property=\"og:image\" content=\"https:\/\/nyforetagarcentrum.se\/jarfalla\/wp-content\/uploads\/sites\/40\/2024\/02\/Allman-bild-23.png\" \/>\n\t<meta property=\"og:image:width\" content=\"742\" \/>\n\t<meta property=\"og:image:height\" content=\"707\" \/>\n\t<meta property=\"og:image:type\" content=\"image\/png\" \/>\n<meta name=\"author\" content=\"jarfalla\" \/>\n<meta name=\"twitter:card\" content=\"summary_large_image\" \/>\n<meta name=\"twitter:label1\" content=\"Skriven av\" \/>\n\t<meta name=\"twitter:data1\" content=\"jarfalla\" \/>\n\t<meta name=\"twitter:label2\" content=\"Ber\u00e4knad l\u00e4stid\" \/>\n\t<meta name=\"twitter:data2\" content=\"2 minuter\" \/>\n<script type=\"application\/ld+json\" class=\"yoast-schema-graph\">{\"@context\":\"https:\/\/schema.org\",\"@graph\":[{\"@type\":\"Article\",\"@id\":\"https:\/\/nyforetagarcentrum.se\/jarfalla\/2023\/05\/15\/valkommen-att-boka-tid-for-kostnadsfri-objektiv-och-konfidentiell-radgivning\/#article\",\"isPartOf\":{\"@id\":\"https:\/\/nyforetagarcentrum.se\/jarfalla\/2023\/05\/15\/valkommen-att-boka-tid-for-kostnadsfri-objektiv-och-konfidentiell-radgivning\/\"},\"author\":{\"name\":\"jarfalla\",\"@id\":\"https:\/\/nyforetagarcentrum.se\/jarfalla\/#\/schema\/person\/db4661700b686c58e85629617e2b58cf\"},\"headline\":\"V\u00e4lkommen att boka tid f\u00f6r kostnadsfri, objektiv och konfidentiell r\u00e5dgivning\",\"datePublished\":\"2023-05-15T06:58:00+00:00\",\"dateModified\":\"2024-05-15T07:00:19+00:00\",\"mainEntityOfPage\":{\"@id\":\"https:\/\/nyforetagarcentrum.se\/jarfalla\/2023\/05\/15\/valkommen-att-boka-tid-for-kostnadsfri-objektiv-och-konfidentiell-radgivning\/\"},\"wordCount\":314,\"commentCount\":0,\"publisher\":{\"@id\":\"https:\/\/nyforetagarcentrum.se\/jarfalla\/#organization\"},\"image\":{\"@id\":\"https:\/\/nyforetagarcentrum.se\/jarfalla\/2023\/05\/15\/valkommen-att-boka-tid-for-kostnadsfri-objektiv-och-konfidentiell-radgivning\/#primaryimage\"},\"thumbnailUrl\":\"https:\/\/nyforetagarcentrum.se\/jarfalla\/wp-content\/uploads\/sites\/40\/2024\/02\/Allman-bild-23.png\",\"articleSection\":[\"R\u00e5dgivning\"],\"inLanguage\":\"sv-SE\",\"potentialAction\":[{\"@type\":\"CommentAction\",\"name\":\"Comment\",\"target\":[\"https:\/\/nyforetagarcentrum.se\/jarfalla\/2023\/05\/15\/valkommen-att-boka-tid-for-kostnadsfri-objektiv-och-konfidentiell-radgivning\/#respond\"]}]},{\"@type\":\"WebPage\",\"@id\":\"https:\/\/nyforetagarcentrum.se\/jarfalla\/2023\/05\/15\/valkommen-att-boka-tid-for-kostnadsfri-objektiv-och-konfidentiell-radgivning\/\",\"url\":\"https:\/\/nyforetagarcentrum.se\/jarfalla\/2023\/05\/15\/valkommen-att-boka-tid-for-kostnadsfri-objektiv-och-konfidentiell-radgivning\/\",\"name\":\"V\u00e4lkommen att boka tid f\u00f6r kostnadsfri, objektiv och konfidentiell r\u00e5dgivning - J\u00e4rf\u00e4lla\",\"isPartOf\":{\"@id\":\"https:\/\/nyforetagarcentrum.se\/jarfalla\/#website\"},\"primaryImageOfPage\":{\"@id\":\"https:\/\/nyforetagarcentrum.se\/jarfalla\/2023\/05\/15\/valkommen-att-boka-tid-for-kostnadsfri-objektiv-och-konfidentiell-radgivning\/#primaryimage\"},\"image\":{\"@id\":\"https:\/\/nyforetagarcentrum.se\/jarfalla\/2023\/05\/15\/valkommen-att-boka-tid-for-kostnadsfri-objektiv-och-konfidentiell-radgivning\/#primaryimage\"},\"thumbnailUrl\":\"https:\/\/nyforetagarcentrum.se\/jarfalla\/wp-content\/uploads\/sites\/40\/2024\/02\/Allman-bild-23.png\",\"datePublished\":\"2023-05-15T06:58:00+00:00\",\"dateModified\":\"2024-05-15T07:00:19+00:00\",\"breadcrumb\":{\"@id\":\"https:\/\/nyforetagarcentrum.se\/jarfalla\/2023\/05\/15\/valkommen-att-boka-tid-for-kostnadsfri-objektiv-och-konfidentiell-radgivning\/#breadcrumb\"},\"inLanguage\":\"sv-SE\",\"potentialAction\":[{\"@type\":\"ReadAction\",\"target\":[\"https:\/\/nyforetagarcentrum.se\/jarfalla\/2023\/05\/15\/valkommen-att-boka-tid-for-kostnadsfri-objektiv-och-konfidentiell-radgivning\/\"]}]},{\"@type\":\"ImageObject\",\"inLanguage\":\"sv-SE\",\"@id\":\"https:\/\/nyforetagarcentrum.se\/jarfalla\/2023\/05\/15\/valkommen-att-boka-tid-for-kostnadsfri-objektiv-och-konfidentiell-radgivning\/#primaryimage\",\"url\":\"https:\/\/nyforetagarcentrum.se\/jarfalla\/wp-content\/uploads\/sites\/40\/2024\/02\/Allman-bild-23.png\",\"contentUrl\":\"https:\/\/nyforetagarcentrum.se\/jarfalla\/wp-content\/uploads\/sites\/40\/2024\/02\/Allman-bild-23.png\",\"width\":742,\"height\":707},{\"@type\":\"BreadcrumbList\",\"@id\":\"https:\/\/nyforetagarcentrum.se\/jarfalla\/2023\/05\/15\/valkommen-att-boka-tid-for-kostnadsfri-objektiv-och-konfidentiell-radgivning\/#breadcrumb\",\"itemListElement\":[{\"@type\":\"ListItem\",\"position\":1,\"name\":\"Hem\",\"item\":\"https:\/\/nyforetagarcentrum.se\/jarfalla\/\"},{\"@type\":\"ListItem\",\"position\":2,\"name\":\"V\u00e4lkommen att boka tid f\u00f6r kostnadsfri, objektiv och konfidentiell r\u00e5dgivning\"}]},{\"@type\":\"WebSite\",\"@id\":\"https:\/\/nyforetagarcentrum.se\/jarfalla\/#website\",\"url\":\"https:\/\/nyforetagarcentrum.se\/jarfalla\/\",\"name\":\"J\u00e4rf\u00e4lla\",\"description\":\"Sveriges ledande kraft f\u00f6r fler nya livskraftiga f\u00f6retag\",\"publisher\":{\"@id\":\"https:\/\/nyforetagarcentrum.se\/jarfalla\/#organization\"},\"potentialAction\":[{\"@type\":\"SearchAction\",\"target\":{\"@type\":\"EntryPoint\",\"urlTemplate\":\"https:\/\/nyforetagarcentrum.se\/jarfalla\/?s={search_term_string}\"},\"query-input\":\"required name=search_term_string\"}],\"inLanguage\":\"sv-SE\"},{\"@type\":\"Organization\",\"@id\":\"https:\/\/nyforetagarcentrum.se\/jarfalla\/#organization\",\"name\":\"J\u00e4rf\u00e4lla\",\"url\":\"https:\/\/nyforetagarcentrum.se\/jarfalla\/\",\"logo\":{\"@type\":\"ImageObject\",\"inLanguage\":\"sv-SE\",\"@id\":\"https:\/\/nyforetagarcentrum.se\/jarfalla\/#\/schema\/logo\/image\/\",\"url\":\"https:\/\/nyforetagarcentrum.se\/jarfalla\/wp-content\/uploads\/sites\/40\/2024\/07\/jarfalla_bla-1.png\",\"contentUrl\":\"https:\/\/nyforetagarcentrum.se\/jarfalla\/wp-content\/uploads\/sites\/40\/2024\/07\/jarfalla_bla-1.png\",\"width\":870,\"height\":421,\"caption\":\"J\u00e4rf\u00e4lla\"},\"image\":{\"@id\":\"https:\/\/nyforetagarcentrum.se\/jarfalla\/#\/schema\/logo\/image\/\"}},{\"@type\":\"Person\",\"@id\":\"https:\/\/nyforetagarcentrum.se\/jarfalla\/#\/schema\/person\/db4661700b686c58e85629617e2b58cf\",\"name\":\"jarfalla\",\"image\":{\"@type\":\"ImageObject\",\"inLanguage\":\"sv-SE\",\"@id\":\"https:\/\/nyforetagarcentrum.se\/jarfalla\/#\/schema\/person\/image\/\",\"url\":\"https:\/\/secure.gravatar.com\/avatar\/bf0d2276131652c9d7513022a915ed92?s=96&d=mm&r=g\",\"contentUrl\":\"https:\/\/secure.gravatar.com\/avatar\/bf0d2276131652c9d7513022a915ed92?s=96&d=mm&r=g\",\"caption\":\"jarfalla\"},\"url\":\"https:\/\/nyforetagarcentrum.se\/jarfalla\/author\/jarfalla\/\"}]}<\/script>\n<!-- \/ Yoast SEO plugin. -->","yoast_head_json":{"title":"V\u00e4lkommen att boka tid f\u00f6r kostnadsfri, objektiv och konfidentiell r\u00e5dgivning - J\u00e4rf\u00e4lla","robots":{"index":"index","follow":"follow","max-snippet":"max-snippet:-1","max-image-preview":"max-image-preview:large","max-video-preview":"max-video-preview:-1"},"canonical":"https:\/\/nyforetagarcentrum.se\/jarfalla\/2023\/05\/15\/valkommen-att-boka-tid-for-kostnadsfri-objektiv-och-konfidentiell-radgivning\/","og_locale":"sv_SE","og_type":"article","og_title":"V\u00e4lkommen att boka tid f\u00f6r kostnadsfri, objektiv och konfidentiell r\u00e5dgivning - J\u00e4rf\u00e4lla","og_description":"Boka r\u00e5dgivning via n\u00e4tet \u2022 Boka r\u00e5dgiving h\u00e4r! \u2022 Boka r\u00e5dgivning med kod h\u00e4r! F\u00f6rbered dig innan du kommer p\u00e5 individuella r\u00e5dgivningen. P\u00e5 informationsm\u00f6te i grupp beh\u00f6ver du&nbsp;inte&nbsp;ha en aff\u00e4rsplan, Grundl\u00e4ggande inf\u00f6r enskild r\u00e5dgivning \u00e4r att du ska arbeta med en aff\u00e4rsplan.Det finns en interaktiv p\u00e5 n\u00e4tet p\u00e5&nbsp;l\u00e4nken H\u00c4R Vi har olika typer av m\u00f6ten [&hellip;]","og_url":"https:\/\/nyforetagarcentrum.se\/jarfalla\/2023\/05\/15\/valkommen-att-boka-tid-for-kostnadsfri-objektiv-och-konfidentiell-radgivning\/","og_site_name":"J\u00e4rf\u00e4lla","article_published_time":"2023-05-15T06:58:00+00:00","article_modified_time":"2024-05-15T07:00:19+00:00","og_image":[{"width":742,"height":707,"url":"https:\/\/nyforetagarcentrum.se\/jarfalla\/wp-content\/uploads\/sites\/40\/2024\/02\/Allman-bild-23.png","type":"image\/png"}],"author":"jarfalla","twitter_card":"summary_large_image","twitter_misc":{"Skriven av":"jarfalla","Ber\u00e4knad l\u00e4stid":"2 minuter"},"schema":{"@context":"https:\/\/schema.org","@graph":[{"@type":"Article","@id":"https:\/\/nyforetagarcentrum.se\/jarfalla\/2023\/05\/15\/valkommen-att-boka-tid-for-kostnadsfri-objektiv-och-konfidentiell-radgivning\/#article","isPartOf":{"@id":"https:\/\/nyforetagarcentrum.se\/jarfalla\/2023\/05\/15\/valkommen-att-boka-tid-for-kostnadsfri-objektiv-och-konfidentiell-radgivning\/"},"author":{"name":"jarfalla","@id":"https:\/\/nyforetagarcentrum.se\/jarfalla\/#\/schema\/person\/db4661700b686c58e85629617e2b58cf"},"headline":"V\u00e4lkommen att boka tid f\u00f6r kostnadsfri, objektiv och konfidentiell r\u00e5dgivning","datePublished":"2023-05-15T06:58:00+00:00","dateModified":"2024-05-15T07:00:19+00:00","mainEntityOfPage":{"@id":"https:\/\/nyforetagarcentrum.se\/jarfalla\/2023\/05\/15\/valkommen-att-boka-tid-for-kostnadsfri-objektiv-och-konfidentiell-radgivning\/"},"wordCount":314,"commentCount":0,"publisher":{"@id":"https:\/\/nyforetagarcentrum.se\/jarfalla\/#organization"},"image":{"@id":"https:\/\/nyforetagarcentrum.se\/jarfalla\/2023\/05\/15\/valkommen-att-boka-tid-for-kostnadsfri-objektiv-och-konfidentiell-radgivning\/#primaryimage"},"thumbnailUrl":"https:\/\/nyforetagarcentrum.se\/jarfalla\/wp-content\/uploads\/sites\/40\/2024\/02\/Allman-bild-23.png","articleSection":["R\u00e5dgivning"],"inLanguage":"sv-SE","potentialAction":[{"@type":"CommentAction","name":"Comment","target":["https:\/\/nyforetagarcentrum.se\/jarfalla\/2023\/05\/15\/valkommen-att-boka-tid-for-kostnadsfri-objektiv-och-konfidentiell-radgivning\/#respond"]}]},{"@type":"WebPage","@id":"https:\/\/nyforetagarcentrum.se\/jarfalla\/2023\/05\/15\/valkommen-att-boka-tid-for-kostnadsfri-objektiv-och-konfidentiell-radgivning\/","url":"https:\/\/nyforetagarcentrum.se\/jarfalla\/2023\/05\/15\/valkommen-att-boka-tid-for-kostnadsfri-objektiv-och-konfidentiell-radgivning\/","name":"V\u00e4lkommen att boka tid f\u00f6r kostnadsfri, objektiv och konfidentiell r\u00e5dgivning - J\u00e4rf\u00e4lla","isPartOf":{"@id":"https:\/\/nyforetagarcentrum.se\/jarfalla\/#website"},"primaryImageOfPage":{"@id":"https:\/\/nyforetagarcentrum.se\/jarfalla\/2023\/05\/15\/valkommen-att-boka-tid-for-kostnadsfri-objektiv-och-konfidentiell-radgivning\/#primaryimage"},"image":{"@id":"https:\/\/nyforetagarcentrum.se\/jarfalla\/2023\/05\/15\/valkommen-att-boka-tid-for-kostnadsfri-objektiv-och-konfidentiell-radgivning\/#primaryimage"},"thumbnailUrl":"https:\/\/nyforetagarcentrum.se\/jarfalla\/wp-content\/uploads\/sites\/40\/2024\/02\/Allman-bild-23.png","datePublished":"2023-05-15T06:58:00+00:00","dateModified":"2024-05-15T07:00:19+00:00","breadcrumb":{"@id":"https:\/\/nyforetagarcentrum.se\/jarfalla\/2023\/05\/15\/valkommen-att-boka-tid-for-kostnadsfri-objektiv-och-konfidentiell-radgivning\/#breadcrumb"},"inLanguage":"sv-SE","potentialAction":[{"@type":"ReadAction","target":["https:\/\/nyforetagarcentrum.se\/jarfalla\/2023\/05\/15\/valkommen-att-boka-tid-for-kostnadsfri-objektiv-och-konfidentiell-radgivning\/"]}]},{"@type":"ImageObject","inLanguage":"sv-SE","@id":"https:\/\/nyforetagarcentrum.se\/jarfalla\/2023\/05\/15\/valkommen-att-boka-tid-for-kostnadsfri-objektiv-och-konfidentiell-radgivning\/#primaryimage","url":"https:\/\/nyforetagarcentrum.se\/jarfalla\/wp-content\/uploads\/sites\/40\/2024\/02\/Allman-bild-23.png","contentUrl":"https:\/\/nyforetagarcentrum.se\/jarfalla\/wp-content\/uploads\/sites\/40\/2024\/02\/Allman-bild-23.png","width":742,"height":707},{"@type":"BreadcrumbList","@id":"https:\/\/nyforetagarcentrum.se\/jarfalla\/2023\/05\/15\/valkommen-att-boka-tid-for-kostnadsfri-objektiv-och-konfidentiell-radgivning\/#breadcrumb","itemListElement":[{"@type":"ListItem","position":1,"name":"Hem","item":"https:\/\/nyforetagarcentrum.se\/jarfalla\/"},{"@type":"ListItem","position":2,"name":"V\u00e4lkommen att boka tid f\u00f6r kostnadsfri, objektiv och konfidentiell r\u00e5dgivning"}]},{"@type":"WebSite","@id":"https:\/\/nyforetagarcentrum.se\/jarfalla\/#website","url":"https:\/\/nyforetagarcentrum.se\/jarfalla\/","name":"J\u00e4rf\u00e4lla","description":"Sveriges ledande kraft f\u00f6r fler nya livskraftiga f\u00f6retag","publisher":{"@id":"https:\/\/nyforetagarcentrum.se\/jarfalla\/#organization"},"potentialAction":[{"@type":"SearchAction","target":{"@type":"EntryPoint","urlTemplate":"https:\/\/nyforetagarcentrum.se\/jarfalla\/?s={search_term_string}"},"query-input":"required name=search_term_string"}],"inLanguage":"sv-SE"},{"@type":"Organization","@id":"https:\/\/nyforetagarcentrum.se\/jarfalla\/#organization","name":"J\u00e4rf\u00e4lla","url":"https:\/\/nyforetagarcentrum.se\/jarfalla\/","logo":{"@type":"ImageObject","inLanguage":"sv-SE","@id":"https:\/\/nyforetagarcentrum.se\/jarfalla\/#\/schema\/logo\/image\/","url":"https:\/\/nyforetagarcentrum.se\/jarfalla\/wp-content\/uploads\/sites\/40\/2024\/07\/jarfalla_bla-1.png","contentUrl":"https:\/\/nyforetagarcentrum.se\/jarfalla\/wp-content\/uploads\/sites\/40\/2024\/07\/jarfalla_bla-1.png","width":870,"height":421,"caption":"J\u00e4rf\u00e4lla"},"image":{"@id":"https:\/\/nyforetagarcentrum.se\/jarfalla\/#\/schema\/logo\/image\/"}},{"@type":"Person","@id":"https:\/\/nyforetagarcentrum.se\/jarfalla\/#\/schema\/person\/db4661700b686c58e85629617e2b58cf","name":"jarfalla","image":{"@type":"ImageObject","inLanguage":"sv-SE","@id":"https:\/\/nyforetagarcentrum.se\/jarfalla\/#\/schema\/person\/image\/","url":"https:\/\/secure.gravatar.com\/avatar\/bf0d2276131652c9d7513022a915ed92?s=96&d=mm&r=g","contentUrl":"https:\/\/secure.gravatar.com\/avatar\/bf0d2276131652c9d7513022a915ed92?s=96&d=mm&r=g","caption":"jarfalla"},"url":"https:\/\/nyforetagarcentrum.se\/jarfalla\/author\/jarfalla\/"}]}},"_links":{"self":[{"href":"https:\/\/nyforetagarcentrum.se\/jarfalla\/wp-json\/wp\/v2\/posts\/419"}],"collection":[{"href":"https:\/\/nyforetagarcentrum.se\/jarfalla\/wp-json\/wp\/v2\/posts"}],"about":[{"href":"https:\/\/nyforetagarcentrum.se\/jarfalla\/wp-json\/wp\/v2\/types\/post"}],"author":[{"embeddable":true,"href":"https:\/\/nyforetagarcentrum.se\/jarfalla\/wp-json\/wp\/v2\/users\/32"}],"replies":[{"embeddable":true,"href":"https:\/\/nyforetagarcentrum.se\/jarfalla\/wp-json\/wp\/v2\/comments?post=419"}],"version-history":[{"count":1,"href":"https:\/\/nyforetagarcentrum.se\/jarfalla\/wp-json\/wp\/v2\/posts\/419\/revisions"}],"predecessor-version":[{"id":420,"href":"https:\/\/nyforetagarcentrum.se\/jarfalla\/wp-json\/wp\/v2\/posts\/419\/revisions\/420"}],"wp:featuredmedia":[{"embeddable":true,"href":"https:\/\/nyforetagarcentrum.se\/jarfalla\/wp-json\/wp\/v2\/media\/17"}],"wp:attachment":[{"href":"https:\/\/nyforetagarcentrum.se\/jarfalla\/wp-json\/wp\/v2\/media?parent=419"}],"wp:term":[{"taxonomy":"category","embeddable":true,"href":"https:\/\/nyforetagarcentrum.se\/jarfalla\/wp-json\/wp\/v2\/categories?post=419"},{"taxonomy":"post_tag","embeddable":true,"href":"https:\/\/nyforetagarcentrum.se\/jarfalla\/wp-json\/wp\/v2\/tags?post=419"}],"curies":[{"name":"wp","href":"https:\/\/api.w.org\/{rel}","templated":true}]}}