{"id":1771,"date":"2024-04-08T13:29:38","date_gmt":"2024-04-08T11:29:38","guid":{"rendered":"https:\/\/nyforetagarcentrum.se\/harryda\/?post_type=story&#038;p=1771"},"modified":"2024-10-07T11:37:50","modified_gmt":"2024-10-07T09:37:50","slug":"intervju-med-annika-k-mentorway","status":"publish","type":"story","link":"https:\/\/nyforetagarcentrum.se\/harryda\/success-stories\/intervju-med-annika-k-mentorway\/","title":{"rendered":"Intervju med Annika \u2013 K Mentorway"},"content":{"rendered":"\n<p>Ett konsult- , handlednings- och utbildningsf\u00f6retag som inriktar sig p\u00e5 att f\u00f6r\u00e4ndra och f\u00f6rb\u00e4ttra den psykiska h\u00e4lsan hos barn och ungdomar i sorg \/ kris samt att ingjuta mod och kunskap till \u00e4rliga samtal om sorg och om s\u00e5dant som kan vara sv\u00e5rt hos f\u00f6r\u00e4ldrar, deras arbetsgivare och personer i yrket som m\u00f6ter m\u00e5lgruppen.<\/p>\n\n\n\n<p><em>Att<\/em>\u00a0dessa barn och unga beh\u00f6ver st\u00f6d vet vi, oftast vet vi ocks\u00e5 enligt forskningen\u00a0<em>varf\u00f6r<\/em>\u00a0men den stora fr\u00e5gan \u00e4r <em>HUR<\/em>\u00a0vi ska g\u00f6ra f\u00f6r att verkligen n\u00e5 fram till dem och d\u00e4rmed st\u00e4rka barn och ungas egen k\u00e4nsla av kraft och f\u00f6rm\u00e5ga att \u00e5terta en kontroll i den nya situationen de befinner sig i!<\/p>\n\n\n\n<p>Genom det pedagogiska f\u00f6rh\u00e5llningss\u00e4ttet och ett familjecentrerat fokus visar K Mentorway v\u00e4gen till HUR. Det \u00e4r n\u00e4r barn och unga f\u00e5r komma till tals p\u00e5 sitt unika s\u00e4tt i fr\u00e5gor som r\u00f6r dem som f\u00f6ruts\u00e4ttningarna \u00f6kar f\u00f6r att det st\u00f6d som de s\u00e5 v\u00e4l beh\u00f6ver verkligen n\u00e5r fram.<\/p>\n\n\n\n<p>\u201dHeartful Empowerment\u201d \u00e4r basen i K Mentorways v\u00e4rdegrund \u2013 ett begrepp myntat ur m\u00e4nniskans enorma f\u00f6rm\u00e5ga att skapa sig motst\u00e5ndskraft i sv\u00e5r sorg och kris.<\/p>\n\n\n\n<p>Med v\u00e4rme, hj\u00e4rta och en specialkompetens i barn och ungas sorg handleder och ger vi st\u00f6d till individ, familj och grupp.<\/p>\n\n\n\n<figure class=\"wp-block-image\"><a href=\"https:\/\/www.nyforetagarcentrum.se\/harryda\/wp-content\/uploads\/sites\/34\/2022\/04\/Namnlo%CC%88s.jpg\"><img decoding=\"async\" src=\"https:\/\/www.nyforetagarcentrum.se\/harryda\/wp-content\/uploads\/sites\/34\/2022\/04\/Namnlo%CC%88s-700x279.jpg\" alt=\"\" class=\"wp-image-2259\"\/><\/a><\/figure>\n\n\n\n<p>www.kmentorway.se<\/p>\n\n\n\n<h3 class=\"wp-block-heading\">Ber\u00e4tta lite om vad du fick f\u00f6r r\u00e5d och hj\u00e4lp hos NFC<\/h3>\n\n\n\n<p>Jag har f\u00e5tt fantastiskt hj\u00e4lp hos NFC. Mitt f\u00f6rsta r\u00e5dgivningsm\u00f6te hade jag n\u00e4r min f\u00f6retagsid\u00e9 endast var ett litet, litet fr\u00f6. Skulle jag v\u00e5ga? Kan jag? Vilken f\u00f6retagsform passar mig? Hur g\u00f6r man? osv.<\/p>\n\n\n\n<p>Med fast hand och kloka r\u00e5d gick jag st\u00e4rkt ur det m\u00f6tet och planen b\u00f6rjade s\u00e5 sakta ta form.<\/p>\n\n\n\n<p>Jag har sedan vid flera tillf\u00e4llen bett om r\u00e5dgivning i olika steg i uppstarten. Alltid lika v\u00e4nligt bem\u00f6tande och alltid kommer jag st\u00e4rkt ur dem. Det har givit mig energi att ta tag i allt det d\u00e4r som ibland kan verka som att bestiga berg.<\/p>\n\n\n\n<h3 class=\"wp-block-heading\">Vilka var dina st\u00f6rsta utmaningar innan du v\u00e5gade ta steget till eget?<\/h3>\n\n\n\n<p>Att tro p\u00e5 att jag kan driva f\u00f6retag!! F\u00f6retagsd\u00e9n h\u00e4nger inte ihop med den tron f\u00f6r min del \u2013 jag visste av erfarenhet att min id\u00e9 \u00e4r viktig och beh\u00f6vs ute i samh\u00e4llet. Men jag som aldrig drivit ett aktiebolag f\u00f6rut och dessutom har en historik av tung cancerbehandling d\u00e4r de kognitiva f\u00f6rm\u00e5gorna blivit lite \u201dtilltufsade\u201d \u2013 kunde jag verkligen fixa allt detta sj\u00e4lv?&nbsp; Jag hade m\u00e5nga funderingar p\u00e5 \u201dom det och det h\u00e4nder, vad g\u00f6r jag d\u00e5?\u201d.<\/p>\n\n\n\n<p>S\u00e5 min st\u00f6rsta utmaning var definitivt sj\u00e4lvk\u00e4nslan i sj\u00e4lva drivandet av ett f\u00f6retag. Det visade sig att jag hade helt fel i de tankarna! <\/p>\n\n\n\n<h3 class=\"wp-block-heading\">Hur kom det sig att du blev f\u00f6retagare?<\/h3>\n\n\n\n<p>Med \u00f6ver 25 \u00e5r i yrket som pedagog f\u00f6r barn och unga med olika sv\u00e5righeter eller i behov av s\u00e4rskilt st\u00f6d, har jag samlat p\u00e5 mig en bred kunskapsbas och erfarenhet. Mina yrkesuppdrag har varit allt fr\u00e5n f\u00f6rskolechef, handledare och pedagog till att bygga upp och driva en ideell organisations regionkontor i G\u00f6teborg. Genom den har jag \u00e4ven m\u00e5ng\u00e5rig erfarenhet av att m\u00f6ta och ge st\u00f6d till barn som anh\u00f6riga ( 0-18 \u00e5r ) samt unga vuxna och deras familjer i situationer av sorg inf\u00f6r och efter d\u00f6dsfall.<\/p>\n\n\n\n<p>Jag ser tydligt hur det pedagogiska f\u00f6rh\u00e5llningss\u00e4ttet och kompetensen spelar en stor roll f\u00f6r att n\u00e5 fram till individen (samtliga i familjen) i situationer av sorg och kris. Det \u00e4r dags att bef\u00e4sta detta ordentligt ute i samh\u00e4llet! V\u00e5ra barn och unga, v\u00e5r framtid, m\u00e5r s\u00e4mre och s\u00e4mre psykiskt f\u00f6r varje dag som g\u00e5r och enligt mig finns det mycket vi kan g\u00f6ra \u00e5t det \u201dh\u00e4r och nu\u201d. Det anser jag \u00e4ven \u00e4r en samh\u00e4llsekonomisk fr\u00e5ga \u2013 med tidiga insatser sparar samh\u00e4llet enorma summor p\u00e5 st\u00f6d och behandling som annars beh\u00f6vs s\u00e4ttas in senare i livet.<\/p>\n\n\n\n<p>Jag vill bidra med min kompetens till denna samh\u00e4llsf\u00f6r\u00e4ndring!<\/p>\n\n\n\n<p>Och NU \u00e4r det dags att g\u00f6ra det!<\/p>\n\n\n\n<h3 class=\"wp-block-heading\">&nbsp;Vad \u00e4r det som du gillar mest med att driva f\u00f6retag?<\/h3>\n\n\n\n<p>K\u00e4nslan av att f\u00e5 samla ihop och utveckla sina egna id\u00e9er i kombination med friheten \u00e4r magisk! Det betyder inte att det \u00e4r f\u00e4rre arbetstimmar p\u00e5 en dag, tv\u00e4rtom \u2013 men jag best\u00e4mmer sj\u00e4lv och kan fokusera p\u00e5 mina f\u00f6retagsm\u00e5l ordentligt.<\/p>\n\n\n\n<p>Jag l\u00e4r mig och bem\u00e4strar nya saker hela tiden och det bygger min egen sj\u00e4lvk\u00e4nsla. Det ger mig en enorm kraft och energi. (och ja, de tilltufsade kognitiva f\u00f6rm\u00e5gorna har visat sig vara nyckeln till min styrka att strukturera mitt arbete!)<\/p>\n\n\n\n<h3 class=\"wp-block-heading\">Vilka fr\u00e5gor brottas du med idag?<\/h3>\n\n\n\n<p>Samma som tidigare svar, faktiskt. Sj\u00e4lvk\u00e4nslan. Den otroliga berg-och-dalbanan i k\u00e4nslor st\u00e4ller till det: \u201d\u00e5h, vad roligt det \u00e4r att ha f\u00f6retag\u201d, \u201dnej, jag kan ingenting, jag f\u00e5r ge upp\u201d.<\/p>\n\n\n\n<p>Genom NFC:s n\u00e4tverk har jag dock f\u00e5tt h\u00f6ra att detta \u00e4r v\u00e4ldigt vanliga k\u00e4nslor, iallafall i uppstarten av ett f\u00f6retag. Jag f\u00e5r iallafall arbeta med dem strukturerat genom mental tr\u00e4ning.<\/p>\n\n\n\n<p>Sedan brottas jag naturligtvis med fr\u00e5gor om ekonomi, kommer detta att b\u00e4ra sig, hur ska jag f\u00e5 in uppdrag (d\u00e5 har jag \u00e4nd\u00e5 ett v\u00e4ldigt stort n\u00e4tverk och m\u00e5nga uppdrag som har kommit in s\u00e5 h\u00e4r i b\u00f6rjan) osv osv. Mental tr\u00e4ning igen!<\/p>\n\n\n\n<h3 class=\"wp-block-heading\">Slutligen, kan du ge n\u00e5gra tips till den som funderar p\u00e5 att starta f\u00f6retag?<\/h3>\n\n\n\n<p>-Det tar tid! Ha en plan f\u00f6r dels den privata ekonomin men \u00e4ven f\u00f6r vem som st\u00f6ttar dig i den d\u00e4r k\u00e4nslom\u00e4ssiga \u201dberg-och-dalbanan\u201d.<\/p>\n\n\n\n<p>-Ta hj\u00e4lp och st\u00f6d! Ensam \u00e4r stark men tillsammans \u00e4r man ju starkare!<\/p>\n\n\n\n<p>-N\u00e4tverka g\u00e4rna men det kan var v\u00e4ldigt tr\u00f6ttsamt i b\u00f6rjan, n\u00e4r allt annat ocks\u00e5 \u00e4r nytt. V\u00e4lj noga med vem och n\u00e4r. T\u00e4nk p\u00e5 att spara din energi.<\/p>\n\n\n\n<p>-Det \u00e4r hur roligt som helst att driva f\u00f6retag! V\u00e5ga prova!<\/p>\n","protected":false},"featured_media":1772,"template":"","meta":{"footnotes":""},"story_category":[],"acf":[],"yoast_head":"<!-- This site is optimized with the Yoast SEO plugin v22.9 - https:\/\/yoast.com\/wordpress\/plugins\/seo\/ -->\n<title>Intervju med Annika \u2013 K Mentorway - H\u00e4rryda<\/title>\n<meta name=\"description\" content=\"L\u00e4s ber\u00e4ttelsen om vad Annikas bolag K Mentorway g\u00f6r och hur hon har tagit hj\u00e4lp av Nyf\u00f6retagarcentrum H\u00e4rryda.\" \/>\n<meta name=\"robots\" content=\"index, follow, max-snippet:-1, max-image-preview:large, max-video-preview:-1\" \/>\n<link rel=\"canonical\" href=\"https:\/\/nyforetagarcentrum.se\/harryda\/success-stories\/intervju-med-annika-k-mentorway\/\" \/>\n<meta property=\"og:locale\" content=\"sv_SE\" \/>\n<meta property=\"og:type\" content=\"article\" \/>\n<meta property=\"og:title\" content=\"Intervju med Annika \u2013 K Mentorway - H\u00e4rryda\" \/>\n<meta property=\"og:description\" content=\"L\u00e4s ber\u00e4ttelsen om vad Annikas bolag K Mentorway g\u00f6r och hur hon har tagit hj\u00e4lp av Nyf\u00f6retagarcentrum H\u00e4rryda.\" \/>\n<meta property=\"og:url\" content=\"https:\/\/nyforetagarcentrum.se\/harryda\/success-stories\/intervju-med-annika-k-mentorway\/\" \/>\n<meta property=\"og:site_name\" content=\"H\u00e4rryda\" \/>\n<meta property=\"article:modified_time\" content=\"2024-10-07T09:37:50+00:00\" \/>\n<meta property=\"og:image\" content=\"https:\/\/nyforetagarcentrum.se\/harryda\/wp-content\/uploads\/sites\/72\/2024\/04\/1-e1651566909264.jpeg\" \/>\n\t<meta property=\"og:image:width\" content=\"480\" \/>\n\t<meta property=\"og:image:height\" content=\"480\" \/>\n\t<meta property=\"og:image:type\" content=\"image\/jpeg\" \/>\n<meta name=\"twitter:card\" content=\"summary_large_image\" \/>\n<meta name=\"twitter:label1\" content=\"Ber\u00e4knad l\u00e4stid\" \/>\n\t<meta name=\"twitter:data1\" content=\"6 minuter\" \/>\n<script type=\"application\/ld+json\" class=\"yoast-schema-graph\">{\"@context\":\"https:\/\/schema.org\",\"@graph\":[{\"@type\":\"WebPage\",\"@id\":\"https:\/\/nyforetagarcentrum.se\/harryda\/success-stories\/intervju-med-annika-k-mentorway\/\",\"url\":\"https:\/\/nyforetagarcentrum.se\/harryda\/success-stories\/intervju-med-annika-k-mentorway\/\",\"name\":\"Intervju med Annika \u2013 K Mentorway - H\u00e4rryda\",\"isPartOf\":{\"@id\":\"https:\/\/nyforetagarcentrum.se\/harryda\/#website\"},\"primaryImageOfPage\":{\"@id\":\"https:\/\/nyforetagarcentrum.se\/harryda\/success-stories\/intervju-med-annika-k-mentorway\/#primaryimage\"},\"image\":{\"@id\":\"https:\/\/nyforetagarcentrum.se\/harryda\/success-stories\/intervju-med-annika-k-mentorway\/#primaryimage\"},\"thumbnailUrl\":\"https:\/\/nyforetagarcentrum.se\/harryda\/wp-content\/uploads\/sites\/72\/2024\/04\/1-e1651566909264.jpeg\",\"datePublished\":\"2024-04-08T11:29:38+00:00\",\"dateModified\":\"2024-10-07T09:37:50+00:00\",\"description\":\"L\u00e4s ber\u00e4ttelsen om vad Annikas bolag K Mentorway g\u00f6r och hur hon har tagit hj\u00e4lp av Nyf\u00f6retagarcentrum H\u00e4rryda.\",\"breadcrumb\":{\"@id\":\"https:\/\/nyforetagarcentrum.se\/harryda\/success-stories\/intervju-med-annika-k-mentorway\/#breadcrumb\"},\"inLanguage\":\"sv-SE\",\"potentialAction\":[{\"@type\":\"ReadAction\",\"target\":[\"https:\/\/nyforetagarcentrum.se\/harryda\/success-stories\/intervju-med-annika-k-mentorway\/\"]}]},{\"@type\":\"ImageObject\",\"inLanguage\":\"sv-SE\",\"@id\":\"https:\/\/nyforetagarcentrum.se\/harryda\/success-stories\/intervju-med-annika-k-mentorway\/#primaryimage\",\"url\":\"https:\/\/nyforetagarcentrum.se\/harryda\/wp-content\/uploads\/sites\/72\/2024\/04\/1-e1651566909264.jpeg\",\"contentUrl\":\"https:\/\/nyforetagarcentrum.se\/harryda\/wp-content\/uploads\/sites\/72\/2024\/04\/1-e1651566909264.jpeg\",\"width\":480,\"height\":480},{\"@type\":\"BreadcrumbList\",\"@id\":\"https:\/\/nyforetagarcentrum.se\/harryda\/success-stories\/intervju-med-annika-k-mentorway\/#breadcrumb\",\"itemListElement\":[{\"@type\":\"ListItem\",\"position\":1,\"name\":\"Hem\",\"item\":\"https:\/\/nyforetagarcentrum.se\/harryda\/\"},{\"@type\":\"ListItem\",\"position\":2,\"name\":\"Success stories\",\"item\":\"https:\/\/nyforetagarcentrum.se\/harryda\/success-stories\/\"},{\"@type\":\"ListItem\",\"position\":3,\"name\":\"Intervju med Annika \u2013 K Mentorway\"}]},{\"@type\":\"WebSite\",\"@id\":\"https:\/\/nyforetagarcentrum.se\/harryda\/#website\",\"url\":\"https:\/\/nyforetagarcentrum.se\/harryda\/\",\"name\":\"H\u00e4rryda\",\"description\":\"Sveriges ledande kraft f\u00f6r fler nya livskraftiga f\u00f6retag\",\"publisher\":{\"@id\":\"https:\/\/nyforetagarcentrum.se\/harryda\/#organization\"},\"potentialAction\":[{\"@type\":\"SearchAction\",\"target\":{\"@type\":\"EntryPoint\",\"urlTemplate\":\"https:\/\/nyforetagarcentrum.se\/harryda\/?s={search_term_string}\"},\"query-input\":\"required name=search_term_string\"}],\"inLanguage\":\"sv-SE\"},{\"@type\":\"Organization\",\"@id\":\"https:\/\/nyforetagarcentrum.se\/harryda\/#organization\",\"name\":\"H\u00e4rryda\",\"url\":\"https:\/\/nyforetagarcentrum.se\/harryda\/\",\"logo\":{\"@type\":\"ImageObject\",\"inLanguage\":\"sv-SE\",\"@id\":\"https:\/\/nyforetagarcentrum.se\/harryda\/#\/schema\/logo\/image\/\",\"url\":\"https:\/\/nyforetagarcentrum.se\/harryda\/wp-content\/uploads\/sites\/72\/2024\/07\/harryda_bla.png\",\"contentUrl\":\"https:\/\/nyforetagarcentrum.se\/harryda\/wp-content\/uploads\/sites\/72\/2024\/07\/harryda_bla.png\",\"width\":870,\"height\":355,\"caption\":\"H\u00e4rryda\"},\"image\":{\"@id\":\"https:\/\/nyforetagarcentrum.se\/harryda\/#\/schema\/logo\/image\/\"}}]}<\/script>\n<!-- \/ Yoast SEO plugin. -->","yoast_head_json":{"title":"Intervju med Annika \u2013 K Mentorway - H\u00e4rryda","description":"L\u00e4s ber\u00e4ttelsen om vad Annikas bolag K Mentorway g\u00f6r och hur hon har tagit hj\u00e4lp av Nyf\u00f6retagarcentrum H\u00e4rryda.","robots":{"index":"index","follow":"follow","max-snippet":"max-snippet:-1","max-image-preview":"max-image-preview:large","max-video-preview":"max-video-preview:-1"},"canonical":"https:\/\/nyforetagarcentrum.se\/harryda\/success-stories\/intervju-med-annika-k-mentorway\/","og_locale":"sv_SE","og_type":"article","og_title":"Intervju med Annika \u2013 K Mentorway - H\u00e4rryda","og_description":"L\u00e4s ber\u00e4ttelsen om vad Annikas bolag K Mentorway g\u00f6r och hur hon har tagit hj\u00e4lp av Nyf\u00f6retagarcentrum H\u00e4rryda.","og_url":"https:\/\/nyforetagarcentrum.se\/harryda\/success-stories\/intervju-med-annika-k-mentorway\/","og_site_name":"H\u00e4rryda","article_modified_time":"2024-10-07T09:37:50+00:00","og_image":[{"width":480,"height":480,"url":"https:\/\/nyforetagarcentrum.se\/harryda\/wp-content\/uploads\/sites\/72\/2024\/04\/1-e1651566909264.jpeg","type":"image\/jpeg"}],"twitter_card":"summary_large_image","twitter_misc":{"Ber\u00e4knad l\u00e4stid":"6 minuter"},"schema":{"@context":"https:\/\/schema.org","@graph":[{"@type":"WebPage","@id":"https:\/\/nyforetagarcentrum.se\/harryda\/success-stories\/intervju-med-annika-k-mentorway\/","url":"https:\/\/nyforetagarcentrum.se\/harryda\/success-stories\/intervju-med-annika-k-mentorway\/","name":"Intervju med Annika \u2013 K Mentorway - H\u00e4rryda","isPartOf":{"@id":"https:\/\/nyforetagarcentrum.se\/harryda\/#website"},"primaryImageOfPage":{"@id":"https:\/\/nyforetagarcentrum.se\/harryda\/success-stories\/intervju-med-annika-k-mentorway\/#primaryimage"},"image":{"@id":"https:\/\/nyforetagarcentrum.se\/harryda\/success-stories\/intervju-med-annika-k-mentorway\/#primaryimage"},"thumbnailUrl":"https:\/\/nyforetagarcentrum.se\/harryda\/wp-content\/uploads\/sites\/72\/2024\/04\/1-e1651566909264.jpeg","datePublished":"2024-04-08T11:29:38+00:00","dateModified":"2024-10-07T09:37:50+00:00","description":"L\u00e4s ber\u00e4ttelsen om vad Annikas bolag K Mentorway g\u00f6r och hur hon har tagit hj\u00e4lp av Nyf\u00f6retagarcentrum H\u00e4rryda.","breadcrumb":{"@id":"https:\/\/nyforetagarcentrum.se\/harryda\/success-stories\/intervju-med-annika-k-mentorway\/#breadcrumb"},"inLanguage":"sv-SE","potentialAction":[{"@type":"ReadAction","target":["https:\/\/nyforetagarcentrum.se\/harryda\/success-stories\/intervju-med-annika-k-mentorway\/"]}]},{"@type":"ImageObject","inLanguage":"sv-SE","@id":"https:\/\/nyforetagarcentrum.se\/harryda\/success-stories\/intervju-med-annika-k-mentorway\/#primaryimage","url":"https:\/\/nyforetagarcentrum.se\/harryda\/wp-content\/uploads\/sites\/72\/2024\/04\/1-e1651566909264.jpeg","contentUrl":"https:\/\/nyforetagarcentrum.se\/harryda\/wp-content\/uploads\/sites\/72\/2024\/04\/1-e1651566909264.jpeg","width":480,"height":480},{"@type":"BreadcrumbList","@id":"https:\/\/nyforetagarcentrum.se\/harryda\/success-stories\/intervju-med-annika-k-mentorway\/#breadcrumb","itemListElement":[{"@type":"ListItem","position":1,"name":"Hem","item":"https:\/\/nyforetagarcentrum.se\/harryda\/"},{"@type":"ListItem","position":2,"name":"Success stories","item":"https:\/\/nyforetagarcentrum.se\/harryda\/success-stories\/"},{"@type":"ListItem","position":3,"name":"Intervju med Annika \u2013 K Mentorway"}]},{"@type":"WebSite","@id":"https:\/\/nyforetagarcentrum.se\/harryda\/#website","url":"https:\/\/nyforetagarcentrum.se\/harryda\/","name":"H\u00e4rryda","description":"Sveriges ledande kraft f\u00f6r fler nya livskraftiga f\u00f6retag","publisher":{"@id":"https:\/\/nyforetagarcentrum.se\/harryda\/#organization"},"potentialAction":[{"@type":"SearchAction","target":{"@type":"EntryPoint","urlTemplate":"https:\/\/nyforetagarcentrum.se\/harryda\/?s={search_term_string}"},"query-input":"required name=search_term_string"}],"inLanguage":"sv-SE"},{"@type":"Organization","@id":"https:\/\/nyforetagarcentrum.se\/harryda\/#organization","name":"H\u00e4rryda","url":"https:\/\/nyforetagarcentrum.se\/harryda\/","logo":{"@type":"ImageObject","inLanguage":"sv-SE","@id":"https:\/\/nyforetagarcentrum.se\/harryda\/#\/schema\/logo\/image\/","url":"https:\/\/nyforetagarcentrum.se\/harryda\/wp-content\/uploads\/sites\/72\/2024\/07\/harryda_bla.png","contentUrl":"https:\/\/nyforetagarcentrum.se\/harryda\/wp-content\/uploads\/sites\/72\/2024\/07\/harryda_bla.png","width":870,"height":355,"caption":"H\u00e4rryda"},"image":{"@id":"https:\/\/nyforetagarcentrum.se\/harryda\/#\/schema\/logo\/image\/"}}]}},"_links":{"self":[{"href":"https:\/\/nyforetagarcentrum.se\/harryda\/wp-json\/wp\/v2\/story\/1771"}],"collection":[{"href":"https:\/\/nyforetagarcentrum.se\/harryda\/wp-json\/wp\/v2\/story"}],"about":[{"href":"https:\/\/nyforetagarcentrum.se\/harryda\/wp-json\/wp\/v2\/types\/story"}],"version-history":[{"count":2,"href":"https:\/\/nyforetagarcentrum.se\/harryda\/wp-json\/wp\/v2\/story\/1771\/revisions"}],"predecessor-version":[{"id":1940,"href":"https:\/\/nyforetagarcentrum.se\/harryda\/wp-json\/wp\/v2\/story\/1771\/revisions\/1940"}],"wp:featuredmedia":[{"embeddable":true,"href":"https:\/\/nyforetagarcentrum.se\/harryda\/wp-json\/wp\/v2\/media\/1772"}],"wp:attachment":[{"href":"https:\/\/nyforetagarcentrum.se\/harryda\/wp-json\/wp\/v2\/media?parent=1771"}],"wp:term":[{"taxonomy":"story_category","embeddable":true,"href":"https:\/\/nyforetagarcentrum.se\/harryda\/wp-json\/wp\/v2\/story_category?post=1771"}],"curies":[{"name":"wp","href":"https:\/\/api.w.org\/{rel}","templated":true}]}}