{"id":653,"date":"2025-02-09T19:22:39","date_gmt":"2025-02-09T18:22:39","guid":{"rendered":"https:\/\/nyforetagarcentrum.se\/halsingland\/?p=653"},"modified":"2025-02-09T19:23:12","modified_gmt":"2025-02-09T18:23:12","slug":"cafekvall-starta-eget-26-2-25","status":"publish","type":"post","link":"https:\/\/nyforetagarcentrum.se\/halsingland\/2025\/02\/09\/cafekvall-starta-eget-26-2-25\/","title":{"rendered":"Caf\u00e9kv\u00e4ll &#8211; Starta Eget! 26\/2 -25"},"content":{"rendered":"\n<p>Den h\u00e4r kv\u00e4llen ger dig svaret p\u00e5 dina fr\u00e5gor om dina m\u00f6jligheter och hur du praktiskt g\u00f6r f\u00f6r att starta f\u00f6retag !<\/p>\n\n\n\n<p>V\u00e4lkommen p\u00e5 Starta Eget-caf\u00e9 d\u00e4r vi kommer att ber\u00e4tta om det m\u00f6jligheter som finns f\u00f6r dig som funderar p\u00e5 att starta eget eller kanske precis har kommit i g\u00e5ng med ditt f\u00f6retag, men \u00e4nd\u00e5 sitter p\u00e5 funderingar kring olika praktiska fr\u00e5gor. <strong>&#8211; Arrang\u00f6r: S\u00f6derhamns Kommun &#8211;<\/strong><\/p>\n\n\n\n<p>Vad vi kan g\u00f6ra f\u00f6r dig och vad du b\u00f6r t\u00e4nka p\u00e5 innan du startar eget f\u00f6retag!<\/p>\n\n\n\n<h2 class=\"wp-block-heading\" id=\"h-Program\">Program<\/h2>\n\n\n\n<ul>\n<li>N\u00e4ringslivsenheten om sin verksamhet<\/li>\n\n\n\n<li>Information om Starta Eget- utbildning med start 11 mars<\/li>\n\n\n\n<li>S\u00f6derhamns kommun &#8211; F\u00f6retagslotsen<\/li>\n\n\n\n<li>Nyf\u00f6retagarCentrum H\u00e4lsingland om sin verksamhet och kostnadsfria r\u00e5dgivning<\/li>\n\n\n\n<li>Arbetsf\u00f6rmedlingen om m\u00f6jligheten att s\u00f6ka starta eget st\u00f6d.<\/li>\n\n\n\n<li>Inspiration fr\u00e5n ett nystartat S\u00f6derhamns f\u00f6retag<\/li>\n<\/ul>\n\n\n\n<p><strong>Dag: <\/strong>26 februari<\/p>\n\n\n\n<p><strong>Tid: <\/strong>18.00-20.00<\/p>\n\n\n\n<p><strong>Plats: <\/strong>Lokal Europa, Stationshuset (S\u00f6dra hamngatan 50 S\u00f6derhamn)<\/p>\n\n\n\n<p>L\u00e4s mer och anm\u00e4l dig h\u00e4r: <a href=\"https:\/\/www.soderhamn.se\/cafekvall\">https:\/\/www.soderhamn.se\/cafekvall<\/a><\/p>\n\n\n\n<p>Vi bjuder p\u00e5 fika!<\/p>\n","protected":false},"excerpt":{"rendered":"<p>Den h\u00e4r kv\u00e4llen ger dig svaret p\u00e5 dina fr\u00e5gor om dina m\u00f6jligheter och hur du praktiskt g\u00f6r f\u00f6r att starta f\u00f6retag ! V\u00e4lkommen p\u00e5 Starta Eget-caf\u00e9 d\u00e4r vi kommer att ber\u00e4tta om det m\u00f6jligheter som finns f\u00f6r dig som funderar p\u00e5 att starta eget eller kanske precis har kommit i g\u00e5ng med ditt f\u00f6retag, men [&hellip;]<\/p>\n","protected":false},"author":76,"featured_media":654,"comment_status":"open","ping_status":"open","sticky":false,"template":"","format":"standard","meta":{"footnotes":""},"categories":[11],"tags":[],"acf":[],"yoast_head":"<!-- This site is optimized with the Yoast SEO plugin v22.9 - https:\/\/yoast.com\/wordpress\/plugins\/seo\/ -->\n<title>Caf\u00e9kv\u00e4ll - Starta Eget! 26\/2 -25 - H\u00e4lsingland<\/title>\n<meta name=\"robots\" content=\"index, follow, max-snippet:-1, max-image-preview:large, max-video-preview:-1\" \/>\n<link rel=\"canonical\" href=\"https:\/\/nyforetagarcentrum.se\/halsingland\/2025\/02\/09\/cafekvall-starta-eget-26-2-25\/\" \/>\n<meta property=\"og:locale\" content=\"sv_SE\" \/>\n<meta property=\"og:type\" content=\"article\" \/>\n<meta property=\"og:title\" content=\"Caf\u00e9kv\u00e4ll - Starta Eget! 26\/2 -25 - H\u00e4lsingland\" \/>\n<meta property=\"og:description\" content=\"Den h\u00e4r kv\u00e4llen ger dig svaret p\u00e5 dina fr\u00e5gor om dina m\u00f6jligheter och hur du praktiskt g\u00f6r f\u00f6r att starta f\u00f6retag ! V\u00e4lkommen p\u00e5 Starta Eget-caf\u00e9 d\u00e4r vi kommer att ber\u00e4tta om det m\u00f6jligheter som finns f\u00f6r dig som funderar p\u00e5 att starta eget eller kanske precis har kommit i g\u00e5ng med ditt f\u00f6retag, men [&hellip;]\" \/>\n<meta property=\"og:url\" content=\"https:\/\/nyforetagarcentrum.se\/halsingland\/2025\/02\/09\/cafekvall-starta-eget-26-2-25\/\" \/>\n<meta property=\"og:site_name\" content=\"H\u00e4lsingland\" \/>\n<meta property=\"article:published_time\" content=\"2025-02-09T18:22:39+00:00\" \/>\n<meta property=\"article:modified_time\" content=\"2025-02-09T18:23:12+00:00\" \/>\n<meta property=\"og:image\" content=\"https:\/\/nyforetagarcentrum.se\/halsingland\/wp-content\/uploads\/sites\/61\/2025\/02\/ex-1.jpg\" \/>\n\t<meta property=\"og:image:width\" content=\"740\" \/>\n\t<meta property=\"og:image:height\" content=\"540\" \/>\n\t<meta property=\"og:image:type\" content=\"image\/jpeg\" \/>\n<meta name=\"author\" content=\"halsingland\" \/>\n<meta name=\"twitter:card\" content=\"summary_large_image\" \/>\n<meta name=\"twitter:label1\" content=\"Skriven av\" \/>\n\t<meta name=\"twitter:data1\" content=\"halsingland\" \/>\n\t<meta name=\"twitter:label2\" content=\"Ber\u00e4knad l\u00e4stid\" \/>\n\t<meta name=\"twitter:data2\" content=\"1 minut\" \/>\n<script type=\"application\/ld+json\" class=\"yoast-schema-graph\">{\"@context\":\"https:\/\/schema.org\",\"@graph\":[{\"@type\":\"Article\",\"@id\":\"https:\/\/nyforetagarcentrum.se\/halsingland\/2025\/02\/09\/cafekvall-starta-eget-26-2-25\/#article\",\"isPartOf\":{\"@id\":\"https:\/\/nyforetagarcentrum.se\/halsingland\/2025\/02\/09\/cafekvall-starta-eget-26-2-25\/\"},\"author\":{\"name\":\"halsingland\",\"@id\":\"https:\/\/nyforetagarcentrum.se\/halsingland\/#\/schema\/person\/a1e3856c6a55b76b5dd178cfbc8236db\"},\"headline\":\"Caf\u00e9kv\u00e4ll &#8211; Starta Eget! 26\/2 -25\",\"datePublished\":\"2025-02-09T18:22:39+00:00\",\"dateModified\":\"2025-02-09T18:23:12+00:00\",\"mainEntityOfPage\":{\"@id\":\"https:\/\/nyforetagarcentrum.se\/halsingland\/2025\/02\/09\/cafekvall-starta-eget-26-2-25\/\"},\"wordCount\":196,\"commentCount\":0,\"publisher\":{\"@id\":\"https:\/\/nyforetagarcentrum.se\/halsingland\/#organization\"},\"image\":{\"@id\":\"https:\/\/nyforetagarcentrum.se\/halsingland\/2025\/02\/09\/cafekvall-starta-eget-26-2-25\/#primaryimage\"},\"thumbnailUrl\":\"https:\/\/nyforetagarcentrum.se\/halsingland\/wp-content\/uploads\/sites\/61\/2025\/02\/ex-1.jpg\",\"articleSection\":[\"Event\"],\"inLanguage\":\"sv-SE\",\"potentialAction\":[{\"@type\":\"CommentAction\",\"name\":\"Comment\",\"target\":[\"https:\/\/nyforetagarcentrum.se\/halsingland\/2025\/02\/09\/cafekvall-starta-eget-26-2-25\/#respond\"]}]},{\"@type\":\"WebPage\",\"@id\":\"https:\/\/nyforetagarcentrum.se\/halsingland\/2025\/02\/09\/cafekvall-starta-eget-26-2-25\/\",\"url\":\"https:\/\/nyforetagarcentrum.se\/halsingland\/2025\/02\/09\/cafekvall-starta-eget-26-2-25\/\",\"name\":\"Caf\u00e9kv\u00e4ll - Starta Eget! 26\/2 -25 - H\u00e4lsingland\",\"isPartOf\":{\"@id\":\"https:\/\/nyforetagarcentrum.se\/halsingland\/#website\"},\"primaryImageOfPage\":{\"@id\":\"https:\/\/nyforetagarcentrum.se\/halsingland\/2025\/02\/09\/cafekvall-starta-eget-26-2-25\/#primaryimage\"},\"image\":{\"@id\":\"https:\/\/nyforetagarcentrum.se\/halsingland\/2025\/02\/09\/cafekvall-starta-eget-26-2-25\/#primaryimage\"},\"thumbnailUrl\":\"https:\/\/nyforetagarcentrum.se\/halsingland\/wp-content\/uploads\/sites\/61\/2025\/02\/ex-1.jpg\",\"datePublished\":\"2025-02-09T18:22:39+00:00\",\"dateModified\":\"2025-02-09T18:23:12+00:00\",\"breadcrumb\":{\"@id\":\"https:\/\/nyforetagarcentrum.se\/halsingland\/2025\/02\/09\/cafekvall-starta-eget-26-2-25\/#breadcrumb\"},\"inLanguage\":\"sv-SE\",\"potentialAction\":[{\"@type\":\"ReadAction\",\"target\":[\"https:\/\/nyforetagarcentrum.se\/halsingland\/2025\/02\/09\/cafekvall-starta-eget-26-2-25\/\"]}]},{\"@type\":\"ImageObject\",\"inLanguage\":\"sv-SE\",\"@id\":\"https:\/\/nyforetagarcentrum.se\/halsingland\/2025\/02\/09\/cafekvall-starta-eget-26-2-25\/#primaryimage\",\"url\":\"https:\/\/nyforetagarcentrum.se\/halsingland\/wp-content\/uploads\/sites\/61\/2025\/02\/ex-1.jpg\",\"contentUrl\":\"https:\/\/nyforetagarcentrum.se\/halsingland\/wp-content\/uploads\/sites\/61\/2025\/02\/ex-1.jpg\",\"width\":740,\"height\":540},{\"@type\":\"BreadcrumbList\",\"@id\":\"https:\/\/nyforetagarcentrum.se\/halsingland\/2025\/02\/09\/cafekvall-starta-eget-26-2-25\/#breadcrumb\",\"itemListElement\":[{\"@type\":\"ListItem\",\"position\":1,\"name\":\"Hem\",\"item\":\"https:\/\/nyforetagarcentrum.se\/halsingland\/\"},{\"@type\":\"ListItem\",\"position\":2,\"name\":\"Caf\u00e9kv\u00e4ll &#8211; Starta Eget! 26\/2 -25\"}]},{\"@type\":\"WebSite\",\"@id\":\"https:\/\/nyforetagarcentrum.se\/halsingland\/#website\",\"url\":\"https:\/\/nyforetagarcentrum.se\/halsingland\/\",\"name\":\"H\u00e4lsingland\",\"description\":\"Sveriges ledande kraft f\u00f6r fler nya livskraftiga f\u00f6retag\",\"publisher\":{\"@id\":\"https:\/\/nyforetagarcentrum.se\/halsingland\/#organization\"},\"potentialAction\":[{\"@type\":\"SearchAction\",\"target\":{\"@type\":\"EntryPoint\",\"urlTemplate\":\"https:\/\/nyforetagarcentrum.se\/halsingland\/?s={search_term_string}\"},\"query-input\":\"required name=search_term_string\"}],\"inLanguage\":\"sv-SE\"},{\"@type\":\"Organization\",\"@id\":\"https:\/\/nyforetagarcentrum.se\/halsingland\/#organization\",\"name\":\"H\u00e4lsingland\",\"url\":\"https:\/\/nyforetagarcentrum.se\/halsingland\/\",\"logo\":{\"@type\":\"ImageObject\",\"inLanguage\":\"sv-SE\",\"@id\":\"https:\/\/nyforetagarcentrum.se\/halsingland\/#\/schema\/logo\/image\/\",\"url\":\"https:\/\/nyforetagarcentrum.se\/halsingland\/wp-content\/uploads\/sites\/61\/2024\/04\/Halsingland.png\",\"contentUrl\":\"https:\/\/nyforetagarcentrum.se\/halsingland\/wp-content\/uploads\/sites\/61\/2024\/04\/Halsingland.png\",\"width\":1082,\"height\":542,\"caption\":\"H\u00e4lsingland\"},\"image\":{\"@id\":\"https:\/\/nyforetagarcentrum.se\/halsingland\/#\/schema\/logo\/image\/\"}},{\"@type\":\"Person\",\"@id\":\"https:\/\/nyforetagarcentrum.se\/halsingland\/#\/schema\/person\/a1e3856c6a55b76b5dd178cfbc8236db\",\"name\":\"halsingland\",\"image\":{\"@type\":\"ImageObject\",\"inLanguage\":\"sv-SE\",\"@id\":\"https:\/\/nyforetagarcentrum.se\/halsingland\/#\/schema\/person\/image\/\",\"url\":\"https:\/\/secure.gravatar.com\/avatar\/dea60eab97deb24d828568156b64c1a2?s=96&d=mm&r=g\",\"contentUrl\":\"https:\/\/secure.gravatar.com\/avatar\/dea60eab97deb24d828568156b64c1a2?s=96&d=mm&r=g\",\"caption\":\"halsingland\"},\"url\":\"https:\/\/nyforetagarcentrum.se\/halsingland\/author\/halsingland\/\"}]}<\/script>\n<!-- \/ Yoast SEO plugin. -->","yoast_head_json":{"title":"Caf\u00e9kv\u00e4ll - Starta Eget! 26\/2 -25 - H\u00e4lsingland","robots":{"index":"index","follow":"follow","max-snippet":"max-snippet:-1","max-image-preview":"max-image-preview:large","max-video-preview":"max-video-preview:-1"},"canonical":"https:\/\/nyforetagarcentrum.se\/halsingland\/2025\/02\/09\/cafekvall-starta-eget-26-2-25\/","og_locale":"sv_SE","og_type":"article","og_title":"Caf\u00e9kv\u00e4ll - Starta Eget! 26\/2 -25 - H\u00e4lsingland","og_description":"Den h\u00e4r kv\u00e4llen ger dig svaret p\u00e5 dina fr\u00e5gor om dina m\u00f6jligheter och hur du praktiskt g\u00f6r f\u00f6r att starta f\u00f6retag ! V\u00e4lkommen p\u00e5 Starta Eget-caf\u00e9 d\u00e4r vi kommer att ber\u00e4tta om det m\u00f6jligheter som finns f\u00f6r dig som funderar p\u00e5 att starta eget eller kanske precis har kommit i g\u00e5ng med ditt f\u00f6retag, men [&hellip;]","og_url":"https:\/\/nyforetagarcentrum.se\/halsingland\/2025\/02\/09\/cafekvall-starta-eget-26-2-25\/","og_site_name":"H\u00e4lsingland","article_published_time":"2025-02-09T18:22:39+00:00","article_modified_time":"2025-02-09T18:23:12+00:00","og_image":[{"width":740,"height":540,"url":"https:\/\/nyforetagarcentrum.se\/halsingland\/wp-content\/uploads\/sites\/61\/2025\/02\/ex-1.jpg","type":"image\/jpeg"}],"author":"halsingland","twitter_card":"summary_large_image","twitter_misc":{"Skriven av":"halsingland","Ber\u00e4knad l\u00e4stid":"1 minut"},"schema":{"@context":"https:\/\/schema.org","@graph":[{"@type":"Article","@id":"https:\/\/nyforetagarcentrum.se\/halsingland\/2025\/02\/09\/cafekvall-starta-eget-26-2-25\/#article","isPartOf":{"@id":"https:\/\/nyforetagarcentrum.se\/halsingland\/2025\/02\/09\/cafekvall-starta-eget-26-2-25\/"},"author":{"name":"halsingland","@id":"https:\/\/nyforetagarcentrum.se\/halsingland\/#\/schema\/person\/a1e3856c6a55b76b5dd178cfbc8236db"},"headline":"Caf\u00e9kv\u00e4ll &#8211; Starta Eget! 26\/2 -25","datePublished":"2025-02-09T18:22:39+00:00","dateModified":"2025-02-09T18:23:12+00:00","mainEntityOfPage":{"@id":"https:\/\/nyforetagarcentrum.se\/halsingland\/2025\/02\/09\/cafekvall-starta-eget-26-2-25\/"},"wordCount":196,"commentCount":0,"publisher":{"@id":"https:\/\/nyforetagarcentrum.se\/halsingland\/#organization"},"image":{"@id":"https:\/\/nyforetagarcentrum.se\/halsingland\/2025\/02\/09\/cafekvall-starta-eget-26-2-25\/#primaryimage"},"thumbnailUrl":"https:\/\/nyforetagarcentrum.se\/halsingland\/wp-content\/uploads\/sites\/61\/2025\/02\/ex-1.jpg","articleSection":["Event"],"inLanguage":"sv-SE","potentialAction":[{"@type":"CommentAction","name":"Comment","target":["https:\/\/nyforetagarcentrum.se\/halsingland\/2025\/02\/09\/cafekvall-starta-eget-26-2-25\/#respond"]}]},{"@type":"WebPage","@id":"https:\/\/nyforetagarcentrum.se\/halsingland\/2025\/02\/09\/cafekvall-starta-eget-26-2-25\/","url":"https:\/\/nyforetagarcentrum.se\/halsingland\/2025\/02\/09\/cafekvall-starta-eget-26-2-25\/","name":"Caf\u00e9kv\u00e4ll - Starta Eget! 26\/2 -25 - H\u00e4lsingland","isPartOf":{"@id":"https:\/\/nyforetagarcentrum.se\/halsingland\/#website"},"primaryImageOfPage":{"@id":"https:\/\/nyforetagarcentrum.se\/halsingland\/2025\/02\/09\/cafekvall-starta-eget-26-2-25\/#primaryimage"},"image":{"@id":"https:\/\/nyforetagarcentrum.se\/halsingland\/2025\/02\/09\/cafekvall-starta-eget-26-2-25\/#primaryimage"},"thumbnailUrl":"https:\/\/nyforetagarcentrum.se\/halsingland\/wp-content\/uploads\/sites\/61\/2025\/02\/ex-1.jpg","datePublished":"2025-02-09T18:22:39+00:00","dateModified":"2025-02-09T18:23:12+00:00","breadcrumb":{"@id":"https:\/\/nyforetagarcentrum.se\/halsingland\/2025\/02\/09\/cafekvall-starta-eget-26-2-25\/#breadcrumb"},"inLanguage":"sv-SE","potentialAction":[{"@type":"ReadAction","target":["https:\/\/nyforetagarcentrum.se\/halsingland\/2025\/02\/09\/cafekvall-starta-eget-26-2-25\/"]}]},{"@type":"ImageObject","inLanguage":"sv-SE","@id":"https:\/\/nyforetagarcentrum.se\/halsingland\/2025\/02\/09\/cafekvall-starta-eget-26-2-25\/#primaryimage","url":"https:\/\/nyforetagarcentrum.se\/halsingland\/wp-content\/uploads\/sites\/61\/2025\/02\/ex-1.jpg","contentUrl":"https:\/\/nyforetagarcentrum.se\/halsingland\/wp-content\/uploads\/sites\/61\/2025\/02\/ex-1.jpg","width":740,"height":540},{"@type":"BreadcrumbList","@id":"https:\/\/nyforetagarcentrum.se\/halsingland\/2025\/02\/09\/cafekvall-starta-eget-26-2-25\/#breadcrumb","itemListElement":[{"@type":"ListItem","position":1,"name":"Hem","item":"https:\/\/nyforetagarcentrum.se\/halsingland\/"},{"@type":"ListItem","position":2,"name":"Caf\u00e9kv\u00e4ll &#8211; Starta Eget! 26\/2 -25"}]},{"@type":"WebSite","@id":"https:\/\/nyforetagarcentrum.se\/halsingland\/#website","url":"https:\/\/nyforetagarcentrum.se\/halsingland\/","name":"H\u00e4lsingland","description":"Sveriges ledande kraft f\u00f6r fler nya livskraftiga f\u00f6retag","publisher":{"@id":"https:\/\/nyforetagarcentrum.se\/halsingland\/#organization"},"potentialAction":[{"@type":"SearchAction","target":{"@type":"EntryPoint","urlTemplate":"https:\/\/nyforetagarcentrum.se\/halsingland\/?s={search_term_string}"},"query-input":"required name=search_term_string"}],"inLanguage":"sv-SE"},{"@type":"Organization","@id":"https:\/\/nyforetagarcentrum.se\/halsingland\/#organization","name":"H\u00e4lsingland","url":"https:\/\/nyforetagarcentrum.se\/halsingland\/","logo":{"@type":"ImageObject","inLanguage":"sv-SE","@id":"https:\/\/nyforetagarcentrum.se\/halsingland\/#\/schema\/logo\/image\/","url":"https:\/\/nyforetagarcentrum.se\/halsingland\/wp-content\/uploads\/sites\/61\/2024\/04\/Halsingland.png","contentUrl":"https:\/\/nyforetagarcentrum.se\/halsingland\/wp-content\/uploads\/sites\/61\/2024\/04\/Halsingland.png","width":1082,"height":542,"caption":"H\u00e4lsingland"},"image":{"@id":"https:\/\/nyforetagarcentrum.se\/halsingland\/#\/schema\/logo\/image\/"}},{"@type":"Person","@id":"https:\/\/nyforetagarcentrum.se\/halsingland\/#\/schema\/person\/a1e3856c6a55b76b5dd178cfbc8236db","name":"halsingland","image":{"@type":"ImageObject","inLanguage":"sv-SE","@id":"https:\/\/nyforetagarcentrum.se\/halsingland\/#\/schema\/person\/image\/","url":"https:\/\/secure.gravatar.com\/avatar\/dea60eab97deb24d828568156b64c1a2?s=96&d=mm&r=g","contentUrl":"https:\/\/secure.gravatar.com\/avatar\/dea60eab97deb24d828568156b64c1a2?s=96&d=mm&r=g","caption":"halsingland"},"url":"https:\/\/nyforetagarcentrum.se\/halsingland\/author\/halsingland\/"}]}},"_links":{"self":[{"href":"https:\/\/nyforetagarcentrum.se\/halsingland\/wp-json\/wp\/v2\/posts\/653"}],"collection":[{"href":"https:\/\/nyforetagarcentrum.se\/halsingland\/wp-json\/wp\/v2\/posts"}],"about":[{"href":"https:\/\/nyforetagarcentrum.se\/halsingland\/wp-json\/wp\/v2\/types\/post"}],"author":[{"embeddable":true,"href":"https:\/\/nyforetagarcentrum.se\/halsingland\/wp-json\/wp\/v2\/users\/76"}],"replies":[{"embeddable":true,"href":"https:\/\/nyforetagarcentrum.se\/halsingland\/wp-json\/wp\/v2\/comments?post=653"}],"version-history":[{"count":2,"href":"https:\/\/nyforetagarcentrum.se\/halsingland\/wp-json\/wp\/v2\/posts\/653\/revisions"}],"predecessor-version":[{"id":656,"href":"https:\/\/nyforetagarcentrum.se\/halsingland\/wp-json\/wp\/v2\/posts\/653\/revisions\/656"}],"wp:featuredmedia":[{"embeddable":true,"href":"https:\/\/nyforetagarcentrum.se\/halsingland\/wp-json\/wp\/v2\/media\/654"}],"wp:attachment":[{"href":"https:\/\/nyforetagarcentrum.se\/halsingland\/wp-json\/wp\/v2\/media?parent=653"}],"wp:term":[{"taxonomy":"category","embeddable":true,"href":"https:\/\/nyforetagarcentrum.se\/halsingland\/wp-json\/wp\/v2\/categories?post=653"},{"taxonomy":"post_tag","embeddable":true,"href":"https:\/\/nyforetagarcentrum.se\/halsingland\/wp-json\/wp\/v2\/tags?post=653"}],"curies":[{"name":"wp","href":"https:\/\/api.w.org\/{rel}","templated":true}]}}