{"id":567,"date":"2024-09-18T15:11:07","date_gmt":"2024-09-18T13:11:07","guid":{"rendered":"https:\/\/nyforetagarcentrum.se\/halsingland\/?p=567"},"modified":"2024-09-18T16:03:00","modified_gmt":"2024-09-18T14:03:00","slug":"propell-innovation-week-x-med-ivar-digitalt","status":"publish","type":"post","link":"https:\/\/nyforetagarcentrum.se\/halsingland\/2024\/09\/18\/propell-innovation-week-x-med-ivar-digitalt\/","title":{"rendered":"Propell &#8211; innovation week X med Ivar 27\/9"},"content":{"rendered":"\n<p>Id\u00e9er som f\u00f6rb\u00e4ttrar v\u00e4rlden \u2013 2024-09-27 kl.08:00 &#8211; 09:00.<\/p>\n\n\n\n<p>Innovation Week X \u00e4r ett veckol\u00e5ngt event som handlar om att fr\u00e4mja innovation, inspirera till nya id\u00e9er, uppmuntra entrepren\u00f6rskap f\u00f6r dig i G\u00e4vleborg. \u00c5rets Innovation Week X arrangeras mellan 14-18 november 2022 med olika happenings runt om i G\u00e4vleborg.&nbsp;<strong><em>L\u00e4s mer och anm\u00e4l dig till de programpunkter som intresserar dig p\u00e5&nbsp;<a href=\"https:\/\/innovationweekx.se\/\" target=\"_blank\" rel=\"noreferrer noopener\">Innovationweekx.se<\/a><\/em><\/strong> Kort om Innovation Week X<\/p>\n\n\n\n<p>Innovation Week X har arrangerats under flera \u00e5r av Propell i Hudiksvall som \u00e4r ett samarbete mellan&nbsp;<a href=\"https:\/\/www.regiongavleborg.se\/\" target=\"_blank\" rel=\"noreferrer noopener\">Region G\u00e4vleborg<\/a>,&nbsp;<a href=\"https:\/\/hudiksvall.se\/\" target=\"_blank\" rel=\"noreferrer noopener\">Hudiksvalls kommun<\/a>&nbsp;och&nbsp;<a href=\"https:\/\/www.ri.se\/sv\" target=\"_blank\" rel=\"noreferrer noopener\">RISE Research Institutes of Sweden<\/a>. Eventet har arrangerats i olika former och de tv\u00e5 senaste helt digitala p\u00e5 grund av pandemin. Denna g\u00e5ng planerar vi att genomf\u00f6ra fler fysiska aktiviteter och happenings. M\u00e5ls\u00e4ttningen \u00e4r att hela G\u00e4vleborg ska andas innovation och nyt\u00e4nkande. Vi skapar ett attraktivt program tillsammans med andra som arbetar inom det innovationsst\u00f6djande systemet i G\u00e4vleborg.<\/p>\n\n\n\n<p><em>Evenemanget sker inom ramen f\u00f6r projektet&nbsp;<a href=\"https:\/\/propell.se\/projekt\/smartarena\/\" target=\"_blank\" rel=\"noreferrer noopener\">Smart Arena f\u00f6r innovation<\/a>&nbsp;som finansieras av&nbsp;<a href=\"https:\/\/tillvaxtverket.se\/\" target=\"_blank\" rel=\"noreferrer noopener\">Tillv\u00e4xtverket<\/a>&nbsp;och&nbsp;<a href=\"https:\/\/www.regiongavleborg.se\/\" target=\"_blank\" rel=\"noreferrer noopener\">Region G\u00e4vleborg.<\/a><\/em><\/p>\n\n\n\n<p><\/p>\n\n\n\n<p>L\u00e4nk till anm\u00e4lan;&nbsp;&nbsp;<a href=\"https:\/\/innovationweekx.se\/schedule\/vakna-med-soderhamn\/\" target=\"_blank\" rel=\"noreferrer noopener\">https:\/\/innovationweekx.se\/schedule\/vakna-med-soderhamn\/<\/a><\/p>\n\n\n\n<div class=\"wp-block-buttons is-layout-flex wp-block-buttons-is-layout-flex\">\n<div class=\"wp-block-button\"><a class=\"wp-block-button__link wp-element-button\" href=\"https:\/\/innovationweekx.se\/schedule\/vakna-med-soderhamn\/\">Boka h\u00e4r!<\/a><\/div>\n<\/div>\n","protected":false},"excerpt":{"rendered":"<p>Id\u00e9er som f\u00f6rb\u00e4ttrar v\u00e4rlden \u2013 2024-09-27 kl.08:00 &#8211; 09:00. Innovation Week X \u00e4r ett veckol\u00e5ngt event som handlar om att fr\u00e4mja innovation, inspirera till nya id\u00e9er, uppmuntra entrepren\u00f6rskap f\u00f6r dig i G\u00e4vleborg. \u00c5rets Innovation Week X arrangeras mellan 14-18 november 2022 med olika happenings runt om i G\u00e4vleborg.&nbsp;L\u00e4s mer och anm\u00e4l dig till de programpunkter [&hellip;]<\/p>\n","protected":false},"author":76,"featured_media":568,"comment_status":"open","ping_status":"open","sticky":false,"template":"","format":"standard","meta":{"footnotes":""},"categories":[10],"tags":[],"acf":[],"yoast_head":"<!-- This site is optimized with the Yoast SEO plugin v22.9 - https:\/\/yoast.com\/wordpress\/plugins\/seo\/ -->\n<title>Propell - innovation week X med Ivar 27\/9 - H\u00e4lsingland<\/title>\n<meta name=\"robots\" content=\"index, follow, max-snippet:-1, max-image-preview:large, max-video-preview:-1\" \/>\n<link rel=\"canonical\" href=\"https:\/\/nyforetagarcentrum.se\/halsingland\/2024\/09\/18\/propell-innovation-week-x-med-ivar-digitalt\/\" \/>\n<meta property=\"og:locale\" content=\"sv_SE\" \/>\n<meta property=\"og:type\" content=\"article\" \/>\n<meta property=\"og:title\" content=\"Propell - innovation week X med Ivar 27\/9 - H\u00e4lsingland\" \/>\n<meta property=\"og:description\" content=\"Id\u00e9er som f\u00f6rb\u00e4ttrar v\u00e4rlden \u2013 2024-09-27 kl.08:00 &#8211; 09:00. Innovation Week X \u00e4r ett veckol\u00e5ngt event som handlar om att fr\u00e4mja innovation, inspirera till nya id\u00e9er, uppmuntra entrepren\u00f6rskap f\u00f6r dig i G\u00e4vleborg. \u00c5rets Innovation Week X arrangeras mellan 14-18 november 2022 med olika happenings runt om i G\u00e4vleborg.&nbsp;L\u00e4s mer och anm\u00e4l dig till de programpunkter [&hellip;]\" \/>\n<meta property=\"og:url\" content=\"https:\/\/nyforetagarcentrum.se\/halsingland\/2024\/09\/18\/propell-innovation-week-x-med-ivar-digitalt\/\" \/>\n<meta property=\"og:site_name\" content=\"H\u00e4lsingland\" \/>\n<meta property=\"article:published_time\" content=\"2024-09-18T13:11:07+00:00\" \/>\n<meta property=\"article:modified_time\" content=\"2024-09-18T14:03:00+00:00\" \/>\n<meta property=\"og:image\" content=\"https:\/\/nyforetagarcentrum.se\/halsingland\/wp-content\/uploads\/sites\/61\/2024\/09\/Vakna-med-Soderhamn.png\" \/>\n\t<meta property=\"og:image:width\" content=\"1130\" \/>\n\t<meta property=\"og:image:height\" content=\"640\" \/>\n\t<meta property=\"og:image:type\" content=\"image\/png\" \/>\n<meta name=\"author\" content=\"halsingland\" \/>\n<meta name=\"twitter:card\" content=\"summary_large_image\" \/>\n<meta name=\"twitter:label1\" content=\"Skriven av\" \/>\n\t<meta name=\"twitter:data1\" content=\"halsingland\" \/>\n\t<meta name=\"twitter:label2\" content=\"Ber\u00e4knad l\u00e4stid\" \/>\n\t<meta name=\"twitter:data2\" content=\"2 minuter\" \/>\n<script type=\"application\/ld+json\" class=\"yoast-schema-graph\">{\"@context\":\"https:\/\/schema.org\",\"@graph\":[{\"@type\":\"Article\",\"@id\":\"https:\/\/nyforetagarcentrum.se\/halsingland\/2024\/09\/18\/propell-innovation-week-x-med-ivar-digitalt\/#article\",\"isPartOf\":{\"@id\":\"https:\/\/nyforetagarcentrum.se\/halsingland\/2024\/09\/18\/propell-innovation-week-x-med-ivar-digitalt\/\"},\"author\":{\"name\":\"halsingland\",\"@id\":\"https:\/\/nyforetagarcentrum.se\/halsingland\/#\/schema\/person\/a1e3856c6a55b76b5dd178cfbc8236db\"},\"headline\":\"Propell &#8211; innovation week X med Ivar 27\/9\",\"datePublished\":\"2024-09-18T13:11:07+00:00\",\"dateModified\":\"2024-09-18T14:03:00+00:00\",\"mainEntityOfPage\":{\"@id\":\"https:\/\/nyforetagarcentrum.se\/halsingland\/2024\/09\/18\/propell-innovation-week-x-med-ivar-digitalt\/\"},\"wordCount\":221,\"commentCount\":0,\"publisher\":{\"@id\":\"https:\/\/nyforetagarcentrum.se\/halsingland\/#organization\"},\"image\":{\"@id\":\"https:\/\/nyforetagarcentrum.se\/halsingland\/2024\/09\/18\/propell-innovation-week-x-med-ivar-digitalt\/#primaryimage\"},\"thumbnailUrl\":\"https:\/\/nyforetagarcentrum.se\/halsingland\/wp-content\/uploads\/sites\/61\/2024\/09\/Vakna-med-Soderhamn.png\",\"articleSection\":[\"R\u00e5dgivning\"],\"inLanguage\":\"sv-SE\",\"potentialAction\":[{\"@type\":\"CommentAction\",\"name\":\"Comment\",\"target\":[\"https:\/\/nyforetagarcentrum.se\/halsingland\/2024\/09\/18\/propell-innovation-week-x-med-ivar-digitalt\/#respond\"]}]},{\"@type\":\"WebPage\",\"@id\":\"https:\/\/nyforetagarcentrum.se\/halsingland\/2024\/09\/18\/propell-innovation-week-x-med-ivar-digitalt\/\",\"url\":\"https:\/\/nyforetagarcentrum.se\/halsingland\/2024\/09\/18\/propell-innovation-week-x-med-ivar-digitalt\/\",\"name\":\"Propell - innovation week X med Ivar 27\/9 - H\u00e4lsingland\",\"isPartOf\":{\"@id\":\"https:\/\/nyforetagarcentrum.se\/halsingland\/#website\"},\"primaryImageOfPage\":{\"@id\":\"https:\/\/nyforetagarcentrum.se\/halsingland\/2024\/09\/18\/propell-innovation-week-x-med-ivar-digitalt\/#primaryimage\"},\"image\":{\"@id\":\"https:\/\/nyforetagarcentrum.se\/halsingland\/2024\/09\/18\/propell-innovation-week-x-med-ivar-digitalt\/#primaryimage\"},\"thumbnailUrl\":\"https:\/\/nyforetagarcentrum.se\/halsingland\/wp-content\/uploads\/sites\/61\/2024\/09\/Vakna-med-Soderhamn.png\",\"datePublished\":\"2024-09-18T13:11:07+00:00\",\"dateModified\":\"2024-09-18T14:03:00+00:00\",\"breadcrumb\":{\"@id\":\"https:\/\/nyforetagarcentrum.se\/halsingland\/2024\/09\/18\/propell-innovation-week-x-med-ivar-digitalt\/#breadcrumb\"},\"inLanguage\":\"sv-SE\",\"potentialAction\":[{\"@type\":\"ReadAction\",\"target\":[\"https:\/\/nyforetagarcentrum.se\/halsingland\/2024\/09\/18\/propell-innovation-week-x-med-ivar-digitalt\/\"]}]},{\"@type\":\"ImageObject\",\"inLanguage\":\"sv-SE\",\"@id\":\"https:\/\/nyforetagarcentrum.se\/halsingland\/2024\/09\/18\/propell-innovation-week-x-med-ivar-digitalt\/#primaryimage\",\"url\":\"https:\/\/nyforetagarcentrum.se\/halsingland\/wp-content\/uploads\/sites\/61\/2024\/09\/Vakna-med-Soderhamn.png\",\"contentUrl\":\"https:\/\/nyforetagarcentrum.se\/halsingland\/wp-content\/uploads\/sites\/61\/2024\/09\/Vakna-med-Soderhamn.png\",\"width\":1130,\"height\":640},{\"@type\":\"BreadcrumbList\",\"@id\":\"https:\/\/nyforetagarcentrum.se\/halsingland\/2024\/09\/18\/propell-innovation-week-x-med-ivar-digitalt\/#breadcrumb\",\"itemListElement\":[{\"@type\":\"ListItem\",\"position\":1,\"name\":\"Hem\",\"item\":\"https:\/\/nyforetagarcentrum.se\/halsingland\/\"},{\"@type\":\"ListItem\",\"position\":2,\"name\":\"Propell &#8211; innovation week X med Ivar 27\/9\"}]},{\"@type\":\"WebSite\",\"@id\":\"https:\/\/nyforetagarcentrum.se\/halsingland\/#website\",\"url\":\"https:\/\/nyforetagarcentrum.se\/halsingland\/\",\"name\":\"H\u00e4lsingland\",\"description\":\"Sveriges ledande kraft f\u00f6r fler nya livskraftiga f\u00f6retag\",\"publisher\":{\"@id\":\"https:\/\/nyforetagarcentrum.se\/halsingland\/#organization\"},\"potentialAction\":[{\"@type\":\"SearchAction\",\"target\":{\"@type\":\"EntryPoint\",\"urlTemplate\":\"https:\/\/nyforetagarcentrum.se\/halsingland\/?s={search_term_string}\"},\"query-input\":\"required name=search_term_string\"}],\"inLanguage\":\"sv-SE\"},{\"@type\":\"Organization\",\"@id\":\"https:\/\/nyforetagarcentrum.se\/halsingland\/#organization\",\"name\":\"H\u00e4lsingland\",\"url\":\"https:\/\/nyforetagarcentrum.se\/halsingland\/\",\"logo\":{\"@type\":\"ImageObject\",\"inLanguage\":\"sv-SE\",\"@id\":\"https:\/\/nyforetagarcentrum.se\/halsingland\/#\/schema\/logo\/image\/\",\"url\":\"https:\/\/nyforetagarcentrum.se\/halsingland\/wp-content\/uploads\/sites\/61\/2024\/04\/Halsingland.png\",\"contentUrl\":\"https:\/\/nyforetagarcentrum.se\/halsingland\/wp-content\/uploads\/sites\/61\/2024\/04\/Halsingland.png\",\"width\":1082,\"height\":542,\"caption\":\"H\u00e4lsingland\"},\"image\":{\"@id\":\"https:\/\/nyforetagarcentrum.se\/halsingland\/#\/schema\/logo\/image\/\"}},{\"@type\":\"Person\",\"@id\":\"https:\/\/nyforetagarcentrum.se\/halsingland\/#\/schema\/person\/a1e3856c6a55b76b5dd178cfbc8236db\",\"name\":\"halsingland\",\"image\":{\"@type\":\"ImageObject\",\"inLanguage\":\"sv-SE\",\"@id\":\"https:\/\/nyforetagarcentrum.se\/halsingland\/#\/schema\/person\/image\/\",\"url\":\"https:\/\/secure.gravatar.com\/avatar\/dea60eab97deb24d828568156b64c1a2?s=96&d=mm&r=g\",\"contentUrl\":\"https:\/\/secure.gravatar.com\/avatar\/dea60eab97deb24d828568156b64c1a2?s=96&d=mm&r=g\",\"caption\":\"halsingland\"},\"url\":\"https:\/\/nyforetagarcentrum.se\/halsingland\/author\/halsingland\/\"}]}<\/script>\n<!-- \/ Yoast SEO plugin. -->","yoast_head_json":{"title":"Propell - innovation week X med Ivar 27\/9 - H\u00e4lsingland","robots":{"index":"index","follow":"follow","max-snippet":"max-snippet:-1","max-image-preview":"max-image-preview:large","max-video-preview":"max-video-preview:-1"},"canonical":"https:\/\/nyforetagarcentrum.se\/halsingland\/2024\/09\/18\/propell-innovation-week-x-med-ivar-digitalt\/","og_locale":"sv_SE","og_type":"article","og_title":"Propell - innovation week X med Ivar 27\/9 - H\u00e4lsingland","og_description":"Id\u00e9er som f\u00f6rb\u00e4ttrar v\u00e4rlden \u2013 2024-09-27 kl.08:00 &#8211; 09:00. Innovation Week X \u00e4r ett veckol\u00e5ngt event som handlar om att fr\u00e4mja innovation, inspirera till nya id\u00e9er, uppmuntra entrepren\u00f6rskap f\u00f6r dig i G\u00e4vleborg. \u00c5rets Innovation Week X arrangeras mellan 14-18 november 2022 med olika happenings runt om i G\u00e4vleborg.&nbsp;L\u00e4s mer och anm\u00e4l dig till de programpunkter [&hellip;]","og_url":"https:\/\/nyforetagarcentrum.se\/halsingland\/2024\/09\/18\/propell-innovation-week-x-med-ivar-digitalt\/","og_site_name":"H\u00e4lsingland","article_published_time":"2024-09-18T13:11:07+00:00","article_modified_time":"2024-09-18T14:03:00+00:00","og_image":[{"width":1130,"height":640,"url":"https:\/\/nyforetagarcentrum.se\/halsingland\/wp-content\/uploads\/sites\/61\/2024\/09\/Vakna-med-Soderhamn.png","type":"image\/png"}],"author":"halsingland","twitter_card":"summary_large_image","twitter_misc":{"Skriven av":"halsingland","Ber\u00e4knad l\u00e4stid":"2 minuter"},"schema":{"@context":"https:\/\/schema.org","@graph":[{"@type":"Article","@id":"https:\/\/nyforetagarcentrum.se\/halsingland\/2024\/09\/18\/propell-innovation-week-x-med-ivar-digitalt\/#article","isPartOf":{"@id":"https:\/\/nyforetagarcentrum.se\/halsingland\/2024\/09\/18\/propell-innovation-week-x-med-ivar-digitalt\/"},"author":{"name":"halsingland","@id":"https:\/\/nyforetagarcentrum.se\/halsingland\/#\/schema\/person\/a1e3856c6a55b76b5dd178cfbc8236db"},"headline":"Propell &#8211; innovation week X med Ivar 27\/9","datePublished":"2024-09-18T13:11:07+00:00","dateModified":"2024-09-18T14:03:00+00:00","mainEntityOfPage":{"@id":"https:\/\/nyforetagarcentrum.se\/halsingland\/2024\/09\/18\/propell-innovation-week-x-med-ivar-digitalt\/"},"wordCount":221,"commentCount":0,"publisher":{"@id":"https:\/\/nyforetagarcentrum.se\/halsingland\/#organization"},"image":{"@id":"https:\/\/nyforetagarcentrum.se\/halsingland\/2024\/09\/18\/propell-innovation-week-x-med-ivar-digitalt\/#primaryimage"},"thumbnailUrl":"https:\/\/nyforetagarcentrum.se\/halsingland\/wp-content\/uploads\/sites\/61\/2024\/09\/Vakna-med-Soderhamn.png","articleSection":["R\u00e5dgivning"],"inLanguage":"sv-SE","potentialAction":[{"@type":"CommentAction","name":"Comment","target":["https:\/\/nyforetagarcentrum.se\/halsingland\/2024\/09\/18\/propell-innovation-week-x-med-ivar-digitalt\/#respond"]}]},{"@type":"WebPage","@id":"https:\/\/nyforetagarcentrum.se\/halsingland\/2024\/09\/18\/propell-innovation-week-x-med-ivar-digitalt\/","url":"https:\/\/nyforetagarcentrum.se\/halsingland\/2024\/09\/18\/propell-innovation-week-x-med-ivar-digitalt\/","name":"Propell - innovation week X med Ivar 27\/9 - H\u00e4lsingland","isPartOf":{"@id":"https:\/\/nyforetagarcentrum.se\/halsingland\/#website"},"primaryImageOfPage":{"@id":"https:\/\/nyforetagarcentrum.se\/halsingland\/2024\/09\/18\/propell-innovation-week-x-med-ivar-digitalt\/#primaryimage"},"image":{"@id":"https:\/\/nyforetagarcentrum.se\/halsingland\/2024\/09\/18\/propell-innovation-week-x-med-ivar-digitalt\/#primaryimage"},"thumbnailUrl":"https:\/\/nyforetagarcentrum.se\/halsingland\/wp-content\/uploads\/sites\/61\/2024\/09\/Vakna-med-Soderhamn.png","datePublished":"2024-09-18T13:11:07+00:00","dateModified":"2024-09-18T14:03:00+00:00","breadcrumb":{"@id":"https:\/\/nyforetagarcentrum.se\/halsingland\/2024\/09\/18\/propell-innovation-week-x-med-ivar-digitalt\/#breadcrumb"},"inLanguage":"sv-SE","potentialAction":[{"@type":"ReadAction","target":["https:\/\/nyforetagarcentrum.se\/halsingland\/2024\/09\/18\/propell-innovation-week-x-med-ivar-digitalt\/"]}]},{"@type":"ImageObject","inLanguage":"sv-SE","@id":"https:\/\/nyforetagarcentrum.se\/halsingland\/2024\/09\/18\/propell-innovation-week-x-med-ivar-digitalt\/#primaryimage","url":"https:\/\/nyforetagarcentrum.se\/halsingland\/wp-content\/uploads\/sites\/61\/2024\/09\/Vakna-med-Soderhamn.png","contentUrl":"https:\/\/nyforetagarcentrum.se\/halsingland\/wp-content\/uploads\/sites\/61\/2024\/09\/Vakna-med-Soderhamn.png","width":1130,"height":640},{"@type":"BreadcrumbList","@id":"https:\/\/nyforetagarcentrum.se\/halsingland\/2024\/09\/18\/propell-innovation-week-x-med-ivar-digitalt\/#breadcrumb","itemListElement":[{"@type":"ListItem","position":1,"name":"Hem","item":"https:\/\/nyforetagarcentrum.se\/halsingland\/"},{"@type":"ListItem","position":2,"name":"Propell &#8211; innovation week X med Ivar 27\/9"}]},{"@type":"WebSite","@id":"https:\/\/nyforetagarcentrum.se\/halsingland\/#website","url":"https:\/\/nyforetagarcentrum.se\/halsingland\/","name":"H\u00e4lsingland","description":"Sveriges ledande kraft f\u00f6r fler nya livskraftiga f\u00f6retag","publisher":{"@id":"https:\/\/nyforetagarcentrum.se\/halsingland\/#organization"},"potentialAction":[{"@type":"SearchAction","target":{"@type":"EntryPoint","urlTemplate":"https:\/\/nyforetagarcentrum.se\/halsingland\/?s={search_term_string}"},"query-input":"required name=search_term_string"}],"inLanguage":"sv-SE"},{"@type":"Organization","@id":"https:\/\/nyforetagarcentrum.se\/halsingland\/#organization","name":"H\u00e4lsingland","url":"https:\/\/nyforetagarcentrum.se\/halsingland\/","logo":{"@type":"ImageObject","inLanguage":"sv-SE","@id":"https:\/\/nyforetagarcentrum.se\/halsingland\/#\/schema\/logo\/image\/","url":"https:\/\/nyforetagarcentrum.se\/halsingland\/wp-content\/uploads\/sites\/61\/2024\/04\/Halsingland.png","contentUrl":"https:\/\/nyforetagarcentrum.se\/halsingland\/wp-content\/uploads\/sites\/61\/2024\/04\/Halsingland.png","width":1082,"height":542,"caption":"H\u00e4lsingland"},"image":{"@id":"https:\/\/nyforetagarcentrum.se\/halsingland\/#\/schema\/logo\/image\/"}},{"@type":"Person","@id":"https:\/\/nyforetagarcentrum.se\/halsingland\/#\/schema\/person\/a1e3856c6a55b76b5dd178cfbc8236db","name":"halsingland","image":{"@type":"ImageObject","inLanguage":"sv-SE","@id":"https:\/\/nyforetagarcentrum.se\/halsingland\/#\/schema\/person\/image\/","url":"https:\/\/secure.gravatar.com\/avatar\/dea60eab97deb24d828568156b64c1a2?s=96&d=mm&r=g","contentUrl":"https:\/\/secure.gravatar.com\/avatar\/dea60eab97deb24d828568156b64c1a2?s=96&d=mm&r=g","caption":"halsingland"},"url":"https:\/\/nyforetagarcentrum.se\/halsingland\/author\/halsingland\/"}]}},"_links":{"self":[{"href":"https:\/\/nyforetagarcentrum.se\/halsingland\/wp-json\/wp\/v2\/posts\/567"}],"collection":[{"href":"https:\/\/nyforetagarcentrum.se\/halsingland\/wp-json\/wp\/v2\/posts"}],"about":[{"href":"https:\/\/nyforetagarcentrum.se\/halsingland\/wp-json\/wp\/v2\/types\/post"}],"author":[{"embeddable":true,"href":"https:\/\/nyforetagarcentrum.se\/halsingland\/wp-json\/wp\/v2\/users\/76"}],"replies":[{"embeddable":true,"href":"https:\/\/nyforetagarcentrum.se\/halsingland\/wp-json\/wp\/v2\/comments?post=567"}],"version-history":[{"count":7,"href":"https:\/\/nyforetagarcentrum.se\/halsingland\/wp-json\/wp\/v2\/posts\/567\/revisions"}],"predecessor-version":[{"id":587,"href":"https:\/\/nyforetagarcentrum.se\/halsingland\/wp-json\/wp\/v2\/posts\/567\/revisions\/587"}],"wp:featuredmedia":[{"embeddable":true,"href":"https:\/\/nyforetagarcentrum.se\/halsingland\/wp-json\/wp\/v2\/media\/568"}],"wp:attachment":[{"href":"https:\/\/nyforetagarcentrum.se\/halsingland\/wp-json\/wp\/v2\/media?parent=567"}],"wp:term":[{"taxonomy":"category","embeddable":true,"href":"https:\/\/nyforetagarcentrum.se\/halsingland\/wp-json\/wp\/v2\/categories?post=567"},{"taxonomy":"post_tag","embeddable":true,"href":"https:\/\/nyforetagarcentrum.se\/halsingland\/wp-json\/wp\/v2\/tags?post=567"}],"curies":[{"name":"wp","href":"https:\/\/api.w.org\/{rel}","templated":true}]}}