{"id":1,"date":"2024-02-22T09:56:44","date_gmt":"2024-02-22T08:56:44","guid":{"rendered":"https:\/\/nyforetagarcentrum.se\/hagfors\/?p=1"},"modified":"2025-03-10T13:14:53","modified_gmt":"2025-03-10T12:14:53","slug":"hej-varlden","status":"publish","type":"post","link":"https:\/\/nyforetagarcentrum.se\/hagfors\/2024\/02\/22\/hej-varlden\/","title":{"rendered":"Nyf\u00f6retagandet liten uppg\u00e5ng"},"content":{"rendered":"<p>Efter det kraftiga fallet av nyf\u00f6retagandet i januari blev det i februari en liten \u00f6kning p\u00e5 4,9 %, visar Nyf\u00f6retagarCentrum Sveriges Nyf\u00f6retagarbarometer. Ett tapp av nya f\u00f6retag finns p\u00e5 6,9% f\u00f6r \u00e5rets f\u00f6rsta tv\u00e5 m\u00e5nader, j\u00e4mf\u00f6rt med 2024.<\/p>\n<p>\u201d\u00d6kningen av nyf\u00f6retagandet\u00a0nu i februari \u00e4r positiv men alltf\u00f6r marginell, s\u00e4ger, s\u00e4ger Harry Goldman, VD Nyf\u00f6retagarCentrum Sverige. Sveriges nyf\u00f6retagande \u00e4r p\u00e5 bottenniv\u00e5 och inte sedan finanskrisens dagar 2009 har nyf\u00f6retagandet varit l\u00e4gre. Det borde vara en larmsignal f\u00f6r regeringen, myndigheter och kommuner att ge b\u00e4ttre f\u00f6ruts\u00e4ttningar f\u00f6r nyf\u00f6retagandets fr\u00e4mjandesystem eftersom nyf\u00f6retagandet har s\u00e5 stor betydelse f\u00f6r jobben och ekonomisk tillv\u00e4xt,\u201d s\u00e4ger Harry Goldman, VD Nyf\u00f6retagarCentrum Sverige.<\/p>\n<p>\u00a0<\/p>\n\n\n<figure class=\"wp-block-image size-full is-resized\"><img loading=\"lazy\" decoding=\"async\" width=\"436\" height=\"1012\" src=\"https:\/\/nyforetagarcentrum.se\/hagfors\/wp-content\/uploads\/sites\/102\/2025\/03\/Skarmavbild-2025-03-10-kl.-13.06.20.png\" alt=\"\" class=\"wp-image-407\" style=\"width:300px\" srcset=\"https:\/\/nyforetagarcentrum.se\/hagfors\/wp-content\/uploads\/sites\/102\/2025\/03\/Skarmavbild-2025-03-10-kl.-13.06.20.png 436w, https:\/\/nyforetagarcentrum.se\/hagfors\/wp-content\/uploads\/sites\/102\/2025\/03\/Skarmavbild-2025-03-10-kl.-13.06.20-129x300.png 129w\" sizes=\"(max-width: 436px) 100vw, 436px\" \/><\/figure>\n\n\n\n<p class=\"has-small-font-size\">Barometern, februari 2025<\/p>\n","protected":false},"excerpt":{"rendered":"<p>Efter det kraftiga fallet av nyf\u00f6retagandet i januari blev det i februari en liten \u00f6kning p\u00e5 4,9 %, visar Nyf\u00f6retagarCentrum Sveriges Nyf\u00f6retagarbarometer. Ett tapp av nya f\u00f6retag finns p\u00e5 6,9% f\u00f6r \u00e5rets f\u00f6rsta tv\u00e5 m\u00e5nader, j\u00e4mf\u00f6rt med 2024. \u201d\u00d6kningen av nyf\u00f6retagandet\u00a0nu i februari \u00e4r positiv men alltf\u00f6r marginell, s\u00e4ger, s\u00e4ger Harry Goldman, VD Nyf\u00f6retagarCentrum Sverige. [&hellip;]<\/p>\n","protected":false},"author":2,"featured_media":411,"comment_status":"open","ping_status":"open","sticky":false,"template":"","format":"standard","meta":{"footnotes":""},"categories":[16,17],"tags":[],"acf":[],"yoast_head":"<!-- This site is optimized with the Yoast SEO plugin v22.9 - https:\/\/yoast.com\/wordpress\/plugins\/seo\/ -->\n<title>Nyf\u00f6retagandet liten uppg\u00e5ng - Nyf\u00f6retagarcentrum Hagfors<\/title>\n<meta name=\"robots\" content=\"index, follow, max-snippet:-1, max-image-preview:large, max-video-preview:-1\" \/>\n<link rel=\"canonical\" href=\"https:\/\/nyforetagarcentrum.se\/hagfors\/2024\/02\/22\/hej-varlden\/\" \/>\n<meta property=\"og:locale\" content=\"sv_SE\" \/>\n<meta property=\"og:type\" content=\"article\" \/>\n<meta property=\"og:title\" content=\"Nyf\u00f6retagandet liten uppg\u00e5ng - Nyf\u00f6retagarcentrum Hagfors\" \/>\n<meta property=\"og:description\" content=\"Efter det kraftiga fallet av nyf\u00f6retagandet i januari blev det i februari en liten \u00f6kning p\u00e5 4,9 %, visar Nyf\u00f6retagarCentrum Sveriges Nyf\u00f6retagarbarometer. Ett tapp av nya f\u00f6retag finns p\u00e5 6,9% f\u00f6r \u00e5rets f\u00f6rsta tv\u00e5 m\u00e5nader, j\u00e4mf\u00f6rt med 2024. \u201d\u00d6kningen av nyf\u00f6retagandet\u00a0nu i februari \u00e4r positiv men alltf\u00f6r marginell, s\u00e4ger, s\u00e4ger Harry Goldman, VD Nyf\u00f6retagarCentrum Sverige. [&hellip;]\" \/>\n<meta property=\"og:url\" content=\"https:\/\/nyforetagarcentrum.se\/hagfors\/2024\/02\/22\/hej-varlden\/\" \/>\n<meta property=\"og:site_name\" content=\"Nyf\u00f6retagarcentrum Hagfors\" \/>\n<meta property=\"article:published_time\" content=\"2024-02-22T08:56:44+00:00\" \/>\n<meta property=\"article:modified_time\" content=\"2025-03-10T12:14:53+00:00\" \/>\n<meta property=\"og:image\" content=\"https:\/\/nyforetagarcentrum.se\/hagfors\/wp-content\/uploads\/sites\/102\/2025\/03\/Skarmavbild-2025-03-10-kl.-13.06.54-1024x1022.png\" \/>\n\t<meta property=\"og:image:width\" content=\"1024\" \/>\n\t<meta property=\"og:image:height\" content=\"1022\" \/>\n\t<meta property=\"og:image:type\" content=\"image\/png\" \/>\n<meta name=\"author\" content=\"small\" \/>\n<meta name=\"twitter:card\" content=\"summary_large_image\" \/>\n<meta name=\"twitter:label1\" content=\"Skriven av\" \/>\n\t<meta name=\"twitter:data1\" content=\"small\" \/>\n\t<meta name=\"twitter:label2\" content=\"Ber\u00e4knad l\u00e4stid\" \/>\n\t<meta name=\"twitter:data2\" content=\"1 minut\" \/>\n<script type=\"application\/ld+json\" class=\"yoast-schema-graph\">{\"@context\":\"https:\/\/schema.org\",\"@graph\":[{\"@type\":\"Article\",\"@id\":\"https:\/\/nyforetagarcentrum.se\/hagfors\/2024\/02\/22\/hej-varlden\/#article\",\"isPartOf\":{\"@id\":\"https:\/\/nyforetagarcentrum.se\/hagfors\/2024\/02\/22\/hej-varlden\/\"},\"author\":{\"name\":\"small\",\"@id\":\"https:\/\/nyforetagarcentrum.se\/hagfors\/#\/schema\/person\/cf21611f79907c97f36c323603e0d49e\"},\"headline\":\"Nyf\u00f6retagandet liten uppg\u00e5ng\",\"datePublished\":\"2024-02-22T08:56:44+00:00\",\"dateModified\":\"2025-03-10T12:14:53+00:00\",\"mainEntityOfPage\":{\"@id\":\"https:\/\/nyforetagarcentrum.se\/hagfors\/2024\/02\/22\/hej-varlden\/\"},\"wordCount\":136,\"commentCount\":1,\"publisher\":{\"@id\":\"https:\/\/nyforetagarcentrum.se\/hagfors\/#organization\"},\"image\":{\"@id\":\"https:\/\/nyforetagarcentrum.se\/hagfors\/2024\/02\/22\/hej-varlden\/#primaryimage\"},\"thumbnailUrl\":\"https:\/\/nyforetagarcentrum.se\/hagfors\/wp-content\/uploads\/sites\/102\/2025\/03\/Skarmavbild-2025-03-10-kl.-13.06.54.png\",\"articleSection\":[\"nyf\u00f6retagarbarometern\",\"nyheter\"],\"inLanguage\":\"sv-SE\",\"potentialAction\":[{\"@type\":\"CommentAction\",\"name\":\"Comment\",\"target\":[\"https:\/\/nyforetagarcentrum.se\/hagfors\/2024\/02\/22\/hej-varlden\/#respond\"]}]},{\"@type\":\"WebPage\",\"@id\":\"https:\/\/nyforetagarcentrum.se\/hagfors\/2024\/02\/22\/hej-varlden\/\",\"url\":\"https:\/\/nyforetagarcentrum.se\/hagfors\/2024\/02\/22\/hej-varlden\/\",\"name\":\"Nyf\u00f6retagandet liten uppg\u00e5ng - Nyf\u00f6retagarcentrum Hagfors\",\"isPartOf\":{\"@id\":\"https:\/\/nyforetagarcentrum.se\/hagfors\/#website\"},\"primaryImageOfPage\":{\"@id\":\"https:\/\/nyforetagarcentrum.se\/hagfors\/2024\/02\/22\/hej-varlden\/#primaryimage\"},\"image\":{\"@id\":\"https:\/\/nyforetagarcentrum.se\/hagfors\/2024\/02\/22\/hej-varlden\/#primaryimage\"},\"thumbnailUrl\":\"https:\/\/nyforetagarcentrum.se\/hagfors\/wp-content\/uploads\/sites\/102\/2025\/03\/Skarmavbild-2025-03-10-kl.-13.06.54.png\",\"datePublished\":\"2024-02-22T08:56:44+00:00\",\"dateModified\":\"2025-03-10T12:14:53+00:00\",\"breadcrumb\":{\"@id\":\"https:\/\/nyforetagarcentrum.se\/hagfors\/2024\/02\/22\/hej-varlden\/#breadcrumb\"},\"inLanguage\":\"sv-SE\",\"potentialAction\":[{\"@type\":\"ReadAction\",\"target\":[\"https:\/\/nyforetagarcentrum.se\/hagfors\/2024\/02\/22\/hej-varlden\/\"]}]},{\"@type\":\"ImageObject\",\"inLanguage\":\"sv-SE\",\"@id\":\"https:\/\/nyforetagarcentrum.se\/hagfors\/2024\/02\/22\/hej-varlden\/#primaryimage\",\"url\":\"https:\/\/nyforetagarcentrum.se\/hagfors\/wp-content\/uploads\/sites\/102\/2025\/03\/Skarmavbild-2025-03-10-kl.-13.06.54.png\",\"contentUrl\":\"https:\/\/nyforetagarcentrum.se\/hagfors\/wp-content\/uploads\/sites\/102\/2025\/03\/Skarmavbild-2025-03-10-kl.-13.06.54.png\",\"width\":1190,\"height\":1188},{\"@type\":\"BreadcrumbList\",\"@id\":\"https:\/\/nyforetagarcentrum.se\/hagfors\/2024\/02\/22\/hej-varlden\/#breadcrumb\",\"itemListElement\":[{\"@type\":\"ListItem\",\"position\":1,\"name\":\"Hem\",\"item\":\"https:\/\/nyforetagarcentrum.se\/hagfors\/\"},{\"@type\":\"ListItem\",\"position\":2,\"name\":\"Nyf\u00f6retagandet liten uppg\u00e5ng\"}]},{\"@type\":\"WebSite\",\"@id\":\"https:\/\/nyforetagarcentrum.se\/hagfors\/#website\",\"url\":\"https:\/\/nyforetagarcentrum.se\/hagfors\/\",\"name\":\"Nyf\u00f6retagarcentrum Hagfors\",\"description\":\"Sveriges ledande kraft inom nyf\u00f6retagande\",\"publisher\":{\"@id\":\"https:\/\/nyforetagarcentrum.se\/hagfors\/#organization\"},\"potentialAction\":[{\"@type\":\"SearchAction\",\"target\":{\"@type\":\"EntryPoint\",\"urlTemplate\":\"https:\/\/nyforetagarcentrum.se\/hagfors\/?s={search_term_string}\"},\"query-input\":\"required name=search_term_string\"}],\"inLanguage\":\"sv-SE\"},{\"@type\":\"Organization\",\"@id\":\"https:\/\/nyforetagarcentrum.se\/hagfors\/#organization\",\"name\":\"Nyf\u00f6retagarcentrum Hagfors\",\"url\":\"https:\/\/nyforetagarcentrum.se\/hagfors\/\",\"logo\":{\"@type\":\"ImageObject\",\"inLanguage\":\"sv-SE\",\"@id\":\"https:\/\/nyforetagarcentrum.se\/hagfors\/#\/schema\/logo\/image\/\",\"url\":\"https:\/\/nyforetagarcentrum.se\/hagfors\/wp-content\/uploads\/sites\/102\/2025\/09\/hagfors_bla-1.png\",\"contentUrl\":\"https:\/\/nyforetagarcentrum.se\/hagfors\/wp-content\/uploads\/sites\/102\/2025\/09\/hagfors_bla-1.png\",\"width\":870,\"height\":355,\"caption\":\"Nyf\u00f6retagarcentrum Hagfors\"},\"image\":{\"@id\":\"https:\/\/nyforetagarcentrum.se\/hagfors\/#\/schema\/logo\/image\/\"}},{\"@type\":\"Person\",\"@id\":\"https:\/\/nyforetagarcentrum.se\/hagfors\/#\/schema\/person\/cf21611f79907c97f36c323603e0d49e\",\"name\":\"small\",\"image\":{\"@type\":\"ImageObject\",\"inLanguage\":\"sv-SE\",\"@id\":\"https:\/\/nyforetagarcentrum.se\/hagfors\/#\/schema\/person\/image\/\",\"url\":\"https:\/\/secure.gravatar.com\/avatar\/93572401f18ef85d9553855f13a8037f?s=96&d=mm&r=g\",\"contentUrl\":\"https:\/\/secure.gravatar.com\/avatar\/93572401f18ef85d9553855f13a8037f?s=96&d=mm&r=g\",\"caption\":\"small\"},\"url\":\"https:\/\/nyforetagarcentrum.se\/hagfors\/author\/small\/\"}]}<\/script>\n<!-- \/ Yoast SEO plugin. -->","yoast_head_json":{"title":"Nyf\u00f6retagandet liten uppg\u00e5ng - Nyf\u00f6retagarcentrum Hagfors","robots":{"index":"index","follow":"follow","max-snippet":"max-snippet:-1","max-image-preview":"max-image-preview:large","max-video-preview":"max-video-preview:-1"},"canonical":"https:\/\/nyforetagarcentrum.se\/hagfors\/2024\/02\/22\/hej-varlden\/","og_locale":"sv_SE","og_type":"article","og_title":"Nyf\u00f6retagandet liten uppg\u00e5ng - Nyf\u00f6retagarcentrum Hagfors","og_description":"Efter det kraftiga fallet av nyf\u00f6retagandet i januari blev det i februari en liten \u00f6kning p\u00e5 4,9 %, visar Nyf\u00f6retagarCentrum Sveriges Nyf\u00f6retagarbarometer. Ett tapp av nya f\u00f6retag finns p\u00e5 6,9% f\u00f6r \u00e5rets f\u00f6rsta tv\u00e5 m\u00e5nader, j\u00e4mf\u00f6rt med 2024. \u201d\u00d6kningen av nyf\u00f6retagandet\u00a0nu i februari \u00e4r positiv men alltf\u00f6r marginell, s\u00e4ger, s\u00e4ger Harry Goldman, VD Nyf\u00f6retagarCentrum Sverige. [&hellip;]","og_url":"https:\/\/nyforetagarcentrum.se\/hagfors\/2024\/02\/22\/hej-varlden\/","og_site_name":"Nyf\u00f6retagarcentrum Hagfors","article_published_time":"2024-02-22T08:56:44+00:00","article_modified_time":"2025-03-10T12:14:53+00:00","og_image":[{"width":1024,"height":1022,"url":"https:\/\/nyforetagarcentrum.se\/hagfors\/wp-content\/uploads\/sites\/102\/2025\/03\/Skarmavbild-2025-03-10-kl.-13.06.54-1024x1022.png","type":"image\/png"}],"author":"small","twitter_card":"summary_large_image","twitter_misc":{"Skriven av":"small","Ber\u00e4knad l\u00e4stid":"1 minut"},"schema":{"@context":"https:\/\/schema.org","@graph":[{"@type":"Article","@id":"https:\/\/nyforetagarcentrum.se\/hagfors\/2024\/02\/22\/hej-varlden\/#article","isPartOf":{"@id":"https:\/\/nyforetagarcentrum.se\/hagfors\/2024\/02\/22\/hej-varlden\/"},"author":{"name":"small","@id":"https:\/\/nyforetagarcentrum.se\/hagfors\/#\/schema\/person\/cf21611f79907c97f36c323603e0d49e"},"headline":"Nyf\u00f6retagandet liten uppg\u00e5ng","datePublished":"2024-02-22T08:56:44+00:00","dateModified":"2025-03-10T12:14:53+00:00","mainEntityOfPage":{"@id":"https:\/\/nyforetagarcentrum.se\/hagfors\/2024\/02\/22\/hej-varlden\/"},"wordCount":136,"commentCount":1,"publisher":{"@id":"https:\/\/nyforetagarcentrum.se\/hagfors\/#organization"},"image":{"@id":"https:\/\/nyforetagarcentrum.se\/hagfors\/2024\/02\/22\/hej-varlden\/#primaryimage"},"thumbnailUrl":"https:\/\/nyforetagarcentrum.se\/hagfors\/wp-content\/uploads\/sites\/102\/2025\/03\/Skarmavbild-2025-03-10-kl.-13.06.54.png","articleSection":["nyf\u00f6retagarbarometern","nyheter"],"inLanguage":"sv-SE","potentialAction":[{"@type":"CommentAction","name":"Comment","target":["https:\/\/nyforetagarcentrum.se\/hagfors\/2024\/02\/22\/hej-varlden\/#respond"]}]},{"@type":"WebPage","@id":"https:\/\/nyforetagarcentrum.se\/hagfors\/2024\/02\/22\/hej-varlden\/","url":"https:\/\/nyforetagarcentrum.se\/hagfors\/2024\/02\/22\/hej-varlden\/","name":"Nyf\u00f6retagandet liten uppg\u00e5ng - Nyf\u00f6retagarcentrum Hagfors","isPartOf":{"@id":"https:\/\/nyforetagarcentrum.se\/hagfors\/#website"},"primaryImageOfPage":{"@id":"https:\/\/nyforetagarcentrum.se\/hagfors\/2024\/02\/22\/hej-varlden\/#primaryimage"},"image":{"@id":"https:\/\/nyforetagarcentrum.se\/hagfors\/2024\/02\/22\/hej-varlden\/#primaryimage"},"thumbnailUrl":"https:\/\/nyforetagarcentrum.se\/hagfors\/wp-content\/uploads\/sites\/102\/2025\/03\/Skarmavbild-2025-03-10-kl.-13.06.54.png","datePublished":"2024-02-22T08:56:44+00:00","dateModified":"2025-03-10T12:14:53+00:00","breadcrumb":{"@id":"https:\/\/nyforetagarcentrum.se\/hagfors\/2024\/02\/22\/hej-varlden\/#breadcrumb"},"inLanguage":"sv-SE","potentialAction":[{"@type":"ReadAction","target":["https:\/\/nyforetagarcentrum.se\/hagfors\/2024\/02\/22\/hej-varlden\/"]}]},{"@type":"ImageObject","inLanguage":"sv-SE","@id":"https:\/\/nyforetagarcentrum.se\/hagfors\/2024\/02\/22\/hej-varlden\/#primaryimage","url":"https:\/\/nyforetagarcentrum.se\/hagfors\/wp-content\/uploads\/sites\/102\/2025\/03\/Skarmavbild-2025-03-10-kl.-13.06.54.png","contentUrl":"https:\/\/nyforetagarcentrum.se\/hagfors\/wp-content\/uploads\/sites\/102\/2025\/03\/Skarmavbild-2025-03-10-kl.-13.06.54.png","width":1190,"height":1188},{"@type":"BreadcrumbList","@id":"https:\/\/nyforetagarcentrum.se\/hagfors\/2024\/02\/22\/hej-varlden\/#breadcrumb","itemListElement":[{"@type":"ListItem","position":1,"name":"Hem","item":"https:\/\/nyforetagarcentrum.se\/hagfors\/"},{"@type":"ListItem","position":2,"name":"Nyf\u00f6retagandet liten uppg\u00e5ng"}]},{"@type":"WebSite","@id":"https:\/\/nyforetagarcentrum.se\/hagfors\/#website","url":"https:\/\/nyforetagarcentrum.se\/hagfors\/","name":"Nyf\u00f6retagarcentrum Hagfors","description":"Sveriges ledande kraft inom nyf\u00f6retagande","publisher":{"@id":"https:\/\/nyforetagarcentrum.se\/hagfors\/#organization"},"potentialAction":[{"@type":"SearchAction","target":{"@type":"EntryPoint","urlTemplate":"https:\/\/nyforetagarcentrum.se\/hagfors\/?s={search_term_string}"},"query-input":"required name=search_term_string"}],"inLanguage":"sv-SE"},{"@type":"Organization","@id":"https:\/\/nyforetagarcentrum.se\/hagfors\/#organization","name":"Nyf\u00f6retagarcentrum Hagfors","url":"https:\/\/nyforetagarcentrum.se\/hagfors\/","logo":{"@type":"ImageObject","inLanguage":"sv-SE","@id":"https:\/\/nyforetagarcentrum.se\/hagfors\/#\/schema\/logo\/image\/","url":"https:\/\/nyforetagarcentrum.se\/hagfors\/wp-content\/uploads\/sites\/102\/2025\/09\/hagfors_bla-1.png","contentUrl":"https:\/\/nyforetagarcentrum.se\/hagfors\/wp-content\/uploads\/sites\/102\/2025\/09\/hagfors_bla-1.png","width":870,"height":355,"caption":"Nyf\u00f6retagarcentrum Hagfors"},"image":{"@id":"https:\/\/nyforetagarcentrum.se\/hagfors\/#\/schema\/logo\/image\/"}},{"@type":"Person","@id":"https:\/\/nyforetagarcentrum.se\/hagfors\/#\/schema\/person\/cf21611f79907c97f36c323603e0d49e","name":"small","image":{"@type":"ImageObject","inLanguage":"sv-SE","@id":"https:\/\/nyforetagarcentrum.se\/hagfors\/#\/schema\/person\/image\/","url":"https:\/\/secure.gravatar.com\/avatar\/93572401f18ef85d9553855f13a8037f?s=96&d=mm&r=g","contentUrl":"https:\/\/secure.gravatar.com\/avatar\/93572401f18ef85d9553855f13a8037f?s=96&d=mm&r=g","caption":"small"},"url":"https:\/\/nyforetagarcentrum.se\/hagfors\/author\/small\/"}]}},"_links":{"self":[{"href":"https:\/\/nyforetagarcentrum.se\/hagfors\/wp-json\/wp\/v2\/posts\/1"}],"collection":[{"href":"https:\/\/nyforetagarcentrum.se\/hagfors\/wp-json\/wp\/v2\/posts"}],"about":[{"href":"https:\/\/nyforetagarcentrum.se\/hagfors\/wp-json\/wp\/v2\/types\/post"}],"author":[{"embeddable":true,"href":"https:\/\/nyforetagarcentrum.se\/hagfors\/wp-json\/wp\/v2\/users\/2"}],"replies":[{"embeddable":true,"href":"https:\/\/nyforetagarcentrum.se\/hagfors\/wp-json\/wp\/v2\/comments?post=1"}],"version-history":[{"count":2,"href":"https:\/\/nyforetagarcentrum.se\/hagfors\/wp-json\/wp\/v2\/posts\/1\/revisions"}],"predecessor-version":[{"id":408,"href":"https:\/\/nyforetagarcentrum.se\/hagfors\/wp-json\/wp\/v2\/posts\/1\/revisions\/408"}],"wp:featuredmedia":[{"embeddable":true,"href":"https:\/\/nyforetagarcentrum.se\/hagfors\/wp-json\/wp\/v2\/media\/411"}],"wp:attachment":[{"href":"https:\/\/nyforetagarcentrum.se\/hagfors\/wp-json\/wp\/v2\/media?parent=1"}],"wp:term":[{"taxonomy":"category","embeddable":true,"href":"https:\/\/nyforetagarcentrum.se\/hagfors\/wp-json\/wp\/v2\/categories?post=1"},{"taxonomy":"post_tag","embeddable":true,"href":"https:\/\/nyforetagarcentrum.se\/hagfors\/wp-json\/wp\/v2\/tags?post=1"}],"curies":[{"name":"wp","href":"https:\/\/api.w.org\/{rel}","templated":true}]}}