{"id":576,"date":"2024-05-22T20:48:52","date_gmt":"2024-05-22T18:48:52","guid":{"rendered":"https:\/\/nyforetagarcentrum.se\/botkyrka\/?post_type=story&#038;p=576"},"modified":"2024-06-25T10:44:40","modified_gmt":"2024-06-25T08:44:40","slug":"fran-motvilligt-till-frivilligt-foretagande","status":"publish","type":"story","link":"https:\/\/nyforetagarcentrum.se\/botkyrka\/success-stories\/fran-motvilligt-till-frivilligt-foretagande\/","title":{"rendered":"Fr\u00e5n motvilligt till frivilligt f\u00f6retagande"},"content":{"rendered":"\n<p><em>Claes Johansson \u00e4r en man med bensin i blodet. Till vardags \u00e4r han motorjournalist, men han \u00e4r ocks\u00e5 hj\u00e4rnan bakom vandringsutst\u00e4llningen \u201dMopeden \u2013 en svensk designhistoria\u201d som just nu visas p\u00e5 Saab Car Museum i Trollh\u00e4ttan. F\u00f6r att den skulle bli verklighet startade han, tillsammans med sin fru Marja Johansson, f\u00f6retaget Tretti Knyck AB<\/em><strong><em>.<\/em><\/strong><\/p>\n\n\n\n<p><strong>Hur kommer man p\u00e5 en s\u00e5n h\u00e4r id\u00e9?<\/strong><br>\u2013 Jag hade lurat lite p\u00e5 den h\u00e4r id\u00e9n under en l\u00e4ngre tid men kunde inte riktigt ta steget att fr\u00e5n ingenstans b\u00f6rja kontakta museer s\u00e5 jag sk\u00f6t jag det hela tiden \u00e5t sidan. Men sen blev jag kontaktad av en intendent p\u00e5 Kulturen i Lund som ville g\u00f6ra n\u00e5gonting med just mopeder. Det blev ett gyllene tillf\u00e4lle!&nbsp;<\/p>\n\n\n\n<p>Claes \u00e4r journalist och anst\u00e4lld p\u00e5 OK F\u00f6rlaget. Han \u00e4r sj\u00e4lv chefredakt\u00f6r f\u00f6r tidningen Moped men bidrar \u00e4ven med material till tidningen Klassiker. Han har ocks\u00e5 alltid haft ett intresse f\u00f6r industridesign och presenterade sin id\u00e9 att g\u00f6ra det hela till en designutst\u00e4llning. Detta f\u00f6r att undvika att det skulle bli en ren nostalgiutst\u00e4llning enbart f\u00f6r mopedentusiaster.&nbsp;<\/p>\n\n\n\n<p>Att just mopeder var ett v\u00e4ldigt intensivt designomr\u00e5de under 1950- och -60-talet \u00e4r inte s\u00e5 m\u00e5nga som k\u00e4nner till och m\u00e5nga av v\u00e5ra namnkunniga svenska formgivare fr\u00e5n den tiden designade \u00e4ven mopeder.<\/p>\n\n\n\n<p>\u2013 Man kan se element i designen fr\u00e5n mopeden till br\u00f6drosten. Det \u00e4r ett formuniversum som h\u00e4nger ihop och det d\u00e4r tycker jag \u00e4r j\u00e4tteroligt, s\u00e4ger Claes. Alla kan hitta n\u00e5gonting i utst\u00e4llningen som de har en relation till.<\/p>\n\n\n\n<p><strong>Motvilligt till frivilligt<\/strong><br>\u2013 Jag har tidigare, som frilansjournalist, haft eget f\u00f6retag och avskydde det i grunden, s\u00e4ger Claes. Jag var bra p\u00e5 att skriva och fotografera, men det d\u00e4r med ekonomin blev bara betungande. Jag f\u00f6rstod aldrig grunderna.<\/p>\n\n\n\n<p>Claes hade lagrat sin gamla bokf\u00f6ring enligt konstens alla regler och n\u00e4r den inte l\u00e4ngre beh\u00f6vde sparas strimlade han ner allt i en dokumentf\u00f6rst\u00f6rare och k\u00e4nde sig fri.<\/p>\n\n\n\n<p>\u2013 Jag stod en fredag och malde ner hela bokf\u00f6ringen. Sen p\u00e5 m\u00e5ndagen veckan efter hade jag f\u00f6rsta kontakten med Kulturen i Lund och d\u00e5 inser jag att om detta ska funka m\u00e5ste jag starta eget\u2026<\/p>\n\n\n\n<p>Men det blev en n\u00f6dv\u00e4ndighet som enligt Claes sj\u00e4lv visade sig bli r\u00e4tt rolig. F\u00f6retaget Tretti Knyck har blivit som Claes och Marjas gemensamma bebis och de driver det tillsammans p\u00e5 kv\u00e4llar och helger.<\/p>\n\n\n\n<p><strong>Vilka utmaningar k\u00e4ndes st\u00f6rst n\u00e4r du ins\u00e5g att du beh\u00f6ver starta f\u00f6retag p\u00e5 nytt?<\/strong><br>\u2013 Det var nog att s\u00e4tta sig in i den ekonomiska terminologin, jag hade f\u00f6rtr\u00e4ngt mycket. Det som gjorde mig nerv\u00f6s var att jag inte skulle greja det d\u00e4r med exempelvis moms, det var s\u00e5 j\u00e4kla mycket p\u00e5 n\u00e5got s\u00e4tt.<\/p>\n\n\n\n<p>\u2013 Det var Marja som hittade Nyf\u00f6retagarCentrum och deras Starta Eget-kurs. Jag har aldrig tvekat p\u00e5 min id\u00e9. Att den skulle funka visste jag redan fr\u00e5n b\u00f6rjan, s\u00e5 pass rutinerad \u00e4r jag. Vi gick p\u00e5 kursen tillsammans och det var j\u00e4ttebra f\u00f6r d\u00e5 fick vi en genomsk\u00f6ljare av allt annat man beh\u00f6ver ha koll p\u00e5, s\u00e4ger Claes.<\/p>\n\n\n\n<p><strong>Vad \u00e4r det b\u00e4sta med att driva eget nu om du j\u00e4mf\u00f6r med dina tidigare erfarenheter?<\/strong><br>\u2013 Nu tycker jag att det \u00e4r j\u00e4tteroligt! Men det h\u00e4nger framf\u00f6rallt ihop med att vi har det h\u00e4r tillsammans, s\u00e4ger Claes. Marja, som \u00e4r l\u00e4rare, \u00e4r mer ekonomiskt intresserad och strukturerad \u00e4n vad jag \u00e4r. Vi kompletterar varandra vilket ger ett driv som blir kul.<\/p>\n\n\n\n<p><strong>Hur har det praktiska arbetet med att ta fram utst\u00e4llningen fungerat?<\/strong><br>\u2013 Id\u00e9arbetet var det enklaste, men sen s\u00e5 ska det ju genomf\u00f6ras. Jag \u00e4r fotograf s\u00e5 m\u00e5nga av bilderna \u00e4r mina. Sen har jag ocks\u00e5 rotat i arkiv f\u00f6r att hitta historiska bilder. Det har varit mycket jobb med allt fr\u00e5n att ta fram texter till att jaga efter mopeder och f\u00f6rem\u00e5l.<\/p>\n\n\n\n<p>Claes ber\u00e4ttar ocks\u00e5 att han \u00e4r god v\u00e4n med formgivaren Per Hammarsj\u00f6, p\u00e5 Monterbyr\u00e5n i Huddinge, som han arbetat tillsammans med vad g\u00e4ller b\u00e5de formgivningen och byggandet av utst\u00e4llningen. Men det har varit v\u00e4ldigt mycket jobb f\u00f6r b\u00e5de Claes och hans familj.<\/p>\n\n\n\n<p>\u2013 Det tog hela semestern och all fritid under l\u00e5ng tid. Vi engagerade \u00e4ven v\u00e5ra barn som fick putsa mopeder, det blev som en familjegrej.&nbsp;<\/p>\n\n\n\n<p><strong>Vilka \u00e4r era kommande utmaningar i f\u00f6retagandet?<\/strong><br>\u2013 Jag har fler id\u00e9er som skulle vara roliga att f\u00f6rverkliga, men det handlar mest om att hitta tiden i och med att vi har v\u00e5ra vanliga heltidsjobb.&nbsp;<\/p>\n\n\n\n<p>Claes och Marja har nu som m\u00e5ls\u00e4ttning att utst\u00e4llningen ska ha ett fortsatt liv, att den ska vara en vandringsutst\u00e4llning som g\u00e5r vidare till nya museum.<\/p>\n\n\n\n<p>\u2013 Att s\u00e4lja in utst\u00e4llningen \u00e4r ju ocks\u00e5 n\u00e5gonting som \u00e4r nytt f\u00f6r oss. Museiv\u00e4rlden \u00e4r ganska speciell, det \u00e4r mycket eftert\u00e4nksamhet s\u00e5 processen \u00e4r l\u00e5ngsam, enligt Claes. Men det \u00e4r ocks\u00e5 det som tilltalar. De kr\u00e4ver att det ska vara h\u00f6g kvalitet och det vill ju \u00e4ven vi.<\/p>\n","protected":false},"featured_media":578,"template":"","meta":{"footnotes":""},"story_category":[],"acf":[],"yoast_head":"<!-- This site is optimized with the Yoast SEO plugin v22.9 - https:\/\/yoast.com\/wordpress\/plugins\/seo\/ -->\n<title>Fr\u00e5n motvilligt till frivilligt f\u00f6retagande - Botkyrka Huddinge<\/title>\n<meta name=\"robots\" content=\"index, follow, max-snippet:-1, max-image-preview:large, max-video-preview:-1\" \/>\n<link rel=\"canonical\" href=\"https:\/\/nyforetagarcentrum.se\/botkyrka\/success-stories\/fran-motvilligt-till-frivilligt-foretagande\/\" \/>\n<meta property=\"og:locale\" content=\"sv_SE\" \/>\n<meta property=\"og:type\" content=\"article\" \/>\n<meta property=\"og:title\" content=\"Fr\u00e5n motvilligt till frivilligt f\u00f6retagande - Botkyrka Huddinge\" \/>\n<meta property=\"og:description\" content=\"Claes Johansson \u00e4r en man med bensin i blodet. Till vardags \u00e4r han motorjournalist, men han \u00e4r ocks\u00e5 hj\u00e4rnan bakom vandringsutst\u00e4llningen \u201dMopeden \u2013 en svensk designhistoria\u201d som just nu visas p\u00e5 Saab Car Museum i Trollh\u00e4ttan. F\u00f6r att den skulle bli verklighet startade han, tillsammans med sin fru Marja Johansson, f\u00f6retaget Tretti Knyck AB. Hur [&hellip;]\" \/>\n<meta property=\"og:url\" content=\"https:\/\/nyforetagarcentrum.se\/botkyrka\/success-stories\/fran-motvilligt-till-frivilligt-foretagande\/\" \/>\n<meta property=\"og:site_name\" content=\"Botkyrka Huddinge\" \/>\n<meta property=\"article:modified_time\" content=\"2024-06-25T08:44:40+00:00\" \/>\n<meta property=\"og:image\" content=\"https:\/\/nyforetagarcentrum.se\/botkyrka\/wp-content\/uploads\/sites\/42\/2024\/05\/Claes.jpg\" \/>\n\t<meta property=\"og:image:width\" content=\"1397\" \/>\n\t<meta property=\"og:image:height\" content=\"1397\" \/>\n\t<meta property=\"og:image:type\" content=\"image\/jpeg\" \/>\n<meta name=\"twitter:card\" content=\"summary_large_image\" \/>\n<meta name=\"twitter:label1\" content=\"Ber\u00e4knad l\u00e4stid\" \/>\n\t<meta name=\"twitter:data1\" content=\"5 minuter\" \/>\n<script type=\"application\/ld+json\" class=\"yoast-schema-graph\">{\"@context\":\"https:\/\/schema.org\",\"@graph\":[{\"@type\":\"WebPage\",\"@id\":\"https:\/\/nyforetagarcentrum.se\/botkyrka\/success-stories\/fran-motvilligt-till-frivilligt-foretagande\/\",\"url\":\"https:\/\/nyforetagarcentrum.se\/botkyrka\/success-stories\/fran-motvilligt-till-frivilligt-foretagande\/\",\"name\":\"Fr\u00e5n motvilligt till frivilligt f\u00f6retagande - Botkyrka Huddinge\",\"isPartOf\":{\"@id\":\"https:\/\/nyforetagarcentrum.se\/botkyrka\/#website\"},\"primaryImageOfPage\":{\"@id\":\"https:\/\/nyforetagarcentrum.se\/botkyrka\/success-stories\/fran-motvilligt-till-frivilligt-foretagande\/#primaryimage\"},\"image\":{\"@id\":\"https:\/\/nyforetagarcentrum.se\/botkyrka\/success-stories\/fran-motvilligt-till-frivilligt-foretagande\/#primaryimage\"},\"thumbnailUrl\":\"https:\/\/nyforetagarcentrum.se\/botkyrka\/wp-content\/uploads\/sites\/42\/2024\/05\/Claes.jpg\",\"datePublished\":\"2024-05-22T18:48:52+00:00\",\"dateModified\":\"2024-06-25T08:44:40+00:00\",\"breadcrumb\":{\"@id\":\"https:\/\/nyforetagarcentrum.se\/botkyrka\/success-stories\/fran-motvilligt-till-frivilligt-foretagande\/#breadcrumb\"},\"inLanguage\":\"sv-SE\",\"potentialAction\":[{\"@type\":\"ReadAction\",\"target\":[\"https:\/\/nyforetagarcentrum.se\/botkyrka\/success-stories\/fran-motvilligt-till-frivilligt-foretagande\/\"]}]},{\"@type\":\"ImageObject\",\"inLanguage\":\"sv-SE\",\"@id\":\"https:\/\/nyforetagarcentrum.se\/botkyrka\/success-stories\/fran-motvilligt-till-frivilligt-foretagande\/#primaryimage\",\"url\":\"https:\/\/nyforetagarcentrum.se\/botkyrka\/wp-content\/uploads\/sites\/42\/2024\/05\/Claes.jpg\",\"contentUrl\":\"https:\/\/nyforetagarcentrum.se\/botkyrka\/wp-content\/uploads\/sites\/42\/2024\/05\/Claes.jpg\",\"width\":1397,\"height\":1397},{\"@type\":\"BreadcrumbList\",\"@id\":\"https:\/\/nyforetagarcentrum.se\/botkyrka\/success-stories\/fran-motvilligt-till-frivilligt-foretagande\/#breadcrumb\",\"itemListElement\":[{\"@type\":\"ListItem\",\"position\":1,\"name\":\"Hem\",\"item\":\"https:\/\/nyforetagarcentrum.se\/botkyrka\/\"},{\"@type\":\"ListItem\",\"position\":2,\"name\":\"Success stories\",\"item\":\"https:\/\/nyforetagarcentrum.se\/botkyrka\/success-stories\/\"},{\"@type\":\"ListItem\",\"position\":3,\"name\":\"Fr\u00e5n motvilligt till frivilligt f\u00f6retagande\"}]},{\"@type\":\"WebSite\",\"@id\":\"https:\/\/nyforetagarcentrum.se\/botkyrka\/#website\",\"url\":\"https:\/\/nyforetagarcentrum.se\/botkyrka\/\",\"name\":\"Botkyrka Huddinge\",\"description\":\"Sveriges ledande kraft f\u00f6r fler nya livskraftiga f\u00f6retag\",\"publisher\":{\"@id\":\"https:\/\/nyforetagarcentrum.se\/botkyrka\/#organization\"},\"potentialAction\":[{\"@type\":\"SearchAction\",\"target\":{\"@type\":\"EntryPoint\",\"urlTemplate\":\"https:\/\/nyforetagarcentrum.se\/botkyrka\/?s={search_term_string}\"},\"query-input\":\"required name=search_term_string\"}],\"inLanguage\":\"sv-SE\"},{\"@type\":\"Organization\",\"@id\":\"https:\/\/nyforetagarcentrum.se\/botkyrka\/#organization\",\"name\":\"Botkyrka Huddinge\",\"url\":\"https:\/\/nyforetagarcentrum.se\/botkyrka\/\",\"logo\":{\"@type\":\"ImageObject\",\"inLanguage\":\"sv-SE\",\"@id\":\"https:\/\/nyforetagarcentrum.se\/botkyrka\/#\/schema\/logo\/image\/\",\"url\":\"https:\/\/nyforetagarcentrum.se\/botkyrka\/wp-content\/uploads\/sites\/42\/2024\/07\/botkyrka_bla.png\",\"contentUrl\":\"https:\/\/nyforetagarcentrum.se\/botkyrka\/wp-content\/uploads\/sites\/42\/2024\/07\/botkyrka_bla.png\",\"width\":870,\"height\":355,\"caption\":\"Botkyrka Huddinge\"},\"image\":{\"@id\":\"https:\/\/nyforetagarcentrum.se\/botkyrka\/#\/schema\/logo\/image\/\"}}]}<\/script>\n<!-- \/ Yoast SEO plugin. -->","yoast_head_json":{"title":"Fr\u00e5n motvilligt till frivilligt f\u00f6retagande - Botkyrka Huddinge","robots":{"index":"index","follow":"follow","max-snippet":"max-snippet:-1","max-image-preview":"max-image-preview:large","max-video-preview":"max-video-preview:-1"},"canonical":"https:\/\/nyforetagarcentrum.se\/botkyrka\/success-stories\/fran-motvilligt-till-frivilligt-foretagande\/","og_locale":"sv_SE","og_type":"article","og_title":"Fr\u00e5n motvilligt till frivilligt f\u00f6retagande - Botkyrka Huddinge","og_description":"Claes Johansson \u00e4r en man med bensin i blodet. Till vardags \u00e4r han motorjournalist, men han \u00e4r ocks\u00e5 hj\u00e4rnan bakom vandringsutst\u00e4llningen \u201dMopeden \u2013 en svensk designhistoria\u201d som just nu visas p\u00e5 Saab Car Museum i Trollh\u00e4ttan. F\u00f6r att den skulle bli verklighet startade han, tillsammans med sin fru Marja Johansson, f\u00f6retaget Tretti Knyck AB. Hur [&hellip;]","og_url":"https:\/\/nyforetagarcentrum.se\/botkyrka\/success-stories\/fran-motvilligt-till-frivilligt-foretagande\/","og_site_name":"Botkyrka Huddinge","article_modified_time":"2024-06-25T08:44:40+00:00","og_image":[{"width":1397,"height":1397,"url":"https:\/\/nyforetagarcentrum.se\/botkyrka\/wp-content\/uploads\/sites\/42\/2024\/05\/Claes.jpg","type":"image\/jpeg"}],"twitter_card":"summary_large_image","twitter_misc":{"Ber\u00e4knad l\u00e4stid":"5 minuter"},"schema":{"@context":"https:\/\/schema.org","@graph":[{"@type":"WebPage","@id":"https:\/\/nyforetagarcentrum.se\/botkyrka\/success-stories\/fran-motvilligt-till-frivilligt-foretagande\/","url":"https:\/\/nyforetagarcentrum.se\/botkyrka\/success-stories\/fran-motvilligt-till-frivilligt-foretagande\/","name":"Fr\u00e5n motvilligt till frivilligt f\u00f6retagande - Botkyrka Huddinge","isPartOf":{"@id":"https:\/\/nyforetagarcentrum.se\/botkyrka\/#website"},"primaryImageOfPage":{"@id":"https:\/\/nyforetagarcentrum.se\/botkyrka\/success-stories\/fran-motvilligt-till-frivilligt-foretagande\/#primaryimage"},"image":{"@id":"https:\/\/nyforetagarcentrum.se\/botkyrka\/success-stories\/fran-motvilligt-till-frivilligt-foretagande\/#primaryimage"},"thumbnailUrl":"https:\/\/nyforetagarcentrum.se\/botkyrka\/wp-content\/uploads\/sites\/42\/2024\/05\/Claes.jpg","datePublished":"2024-05-22T18:48:52+00:00","dateModified":"2024-06-25T08:44:40+00:00","breadcrumb":{"@id":"https:\/\/nyforetagarcentrum.se\/botkyrka\/success-stories\/fran-motvilligt-till-frivilligt-foretagande\/#breadcrumb"},"inLanguage":"sv-SE","potentialAction":[{"@type":"ReadAction","target":["https:\/\/nyforetagarcentrum.se\/botkyrka\/success-stories\/fran-motvilligt-till-frivilligt-foretagande\/"]}]},{"@type":"ImageObject","inLanguage":"sv-SE","@id":"https:\/\/nyforetagarcentrum.se\/botkyrka\/success-stories\/fran-motvilligt-till-frivilligt-foretagande\/#primaryimage","url":"https:\/\/nyforetagarcentrum.se\/botkyrka\/wp-content\/uploads\/sites\/42\/2024\/05\/Claes.jpg","contentUrl":"https:\/\/nyforetagarcentrum.se\/botkyrka\/wp-content\/uploads\/sites\/42\/2024\/05\/Claes.jpg","width":1397,"height":1397},{"@type":"BreadcrumbList","@id":"https:\/\/nyforetagarcentrum.se\/botkyrka\/success-stories\/fran-motvilligt-till-frivilligt-foretagande\/#breadcrumb","itemListElement":[{"@type":"ListItem","position":1,"name":"Hem","item":"https:\/\/nyforetagarcentrum.se\/botkyrka\/"},{"@type":"ListItem","position":2,"name":"Success stories","item":"https:\/\/nyforetagarcentrum.se\/botkyrka\/success-stories\/"},{"@type":"ListItem","position":3,"name":"Fr\u00e5n motvilligt till frivilligt f\u00f6retagande"}]},{"@type":"WebSite","@id":"https:\/\/nyforetagarcentrum.se\/botkyrka\/#website","url":"https:\/\/nyforetagarcentrum.se\/botkyrka\/","name":"Botkyrka Huddinge","description":"Sveriges ledande kraft f\u00f6r fler nya livskraftiga f\u00f6retag","publisher":{"@id":"https:\/\/nyforetagarcentrum.se\/botkyrka\/#organization"},"potentialAction":[{"@type":"SearchAction","target":{"@type":"EntryPoint","urlTemplate":"https:\/\/nyforetagarcentrum.se\/botkyrka\/?s={search_term_string}"},"query-input":"required name=search_term_string"}],"inLanguage":"sv-SE"},{"@type":"Organization","@id":"https:\/\/nyforetagarcentrum.se\/botkyrka\/#organization","name":"Botkyrka Huddinge","url":"https:\/\/nyforetagarcentrum.se\/botkyrka\/","logo":{"@type":"ImageObject","inLanguage":"sv-SE","@id":"https:\/\/nyforetagarcentrum.se\/botkyrka\/#\/schema\/logo\/image\/","url":"https:\/\/nyforetagarcentrum.se\/botkyrka\/wp-content\/uploads\/sites\/42\/2024\/07\/botkyrka_bla.png","contentUrl":"https:\/\/nyforetagarcentrum.se\/botkyrka\/wp-content\/uploads\/sites\/42\/2024\/07\/botkyrka_bla.png","width":870,"height":355,"caption":"Botkyrka Huddinge"},"image":{"@id":"https:\/\/nyforetagarcentrum.se\/botkyrka\/#\/schema\/logo\/image\/"}}]}},"_links":{"self":[{"href":"https:\/\/nyforetagarcentrum.se\/botkyrka\/wp-json\/wp\/v2\/story\/576"}],"collection":[{"href":"https:\/\/nyforetagarcentrum.se\/botkyrka\/wp-json\/wp\/v2\/story"}],"about":[{"href":"https:\/\/nyforetagarcentrum.se\/botkyrka\/wp-json\/wp\/v2\/types\/story"}],"version-history":[{"count":2,"href":"https:\/\/nyforetagarcentrum.se\/botkyrka\/wp-json\/wp\/v2\/story\/576\/revisions"}],"predecessor-version":[{"id":749,"href":"https:\/\/nyforetagarcentrum.se\/botkyrka\/wp-json\/wp\/v2\/story\/576\/revisions\/749"}],"wp:featuredmedia":[{"embeddable":true,"href":"https:\/\/nyforetagarcentrum.se\/botkyrka\/wp-json\/wp\/v2\/media\/578"}],"wp:attachment":[{"href":"https:\/\/nyforetagarcentrum.se\/botkyrka\/wp-json\/wp\/v2\/media?parent=576"}],"wp:term":[{"taxonomy":"story_category","embeddable":true,"href":"https:\/\/nyforetagarcentrum.se\/botkyrka\/wp-json\/wp\/v2\/story_category?post=576"}],"curies":[{"name":"wp","href":"https:\/\/api.w.org\/{rel}","templated":true}]}}