{"id":573,"date":"2024-05-22T20:44:52","date_gmt":"2024-05-22T18:44:52","guid":{"rendered":"https:\/\/nyforetagarcentrum.se\/botkyrka\/?post_type=story&#038;p=573"},"modified":"2024-06-25T10:25:19","modified_gmt":"2024-06-25T08:25:19","slug":"ett-viktigt-beslut","status":"publish","type":"story","link":"https:\/\/nyforetagarcentrum.se\/botkyrka\/success-stories\/ett-viktigt-beslut\/","title":{"rendered":"Ett viktigt beslut!"},"content":{"rendered":"\n<p><strong><em>Efter flera \u00e5r inom IT- och telekombranschen valde Sofia F\u00e4rnstr\u00f6m att helt byta bana. Sofia ville arbeta med sina h\u00e4nder och samtidigt k\u00e4nna att hon utvecklades som person. Idag driver Sofia sitt eget f\u00f6retag Gyllene Tr\u00e5den. Med fokus p\u00e5 kvalitet och kundanpassningar erbjuder f\u00f6retaget ett brett spektrum av fint utf\u00f6rd maskinbrodyr p\u00e5 personliga presenter, handdukar och hemtextilier.<\/em><\/strong><\/p>\n\n\n\n<p><strong>Hur kom du p\u00e5 din aff\u00e4rsid\u00e9?<\/strong><br>\u2013 Under 2015 blev jag sv\u00e5rt utmattad och var under en period sjukskriven. Efter det k\u00e4nde jag att det aldrig kommer vara ett alternativ f\u00f6r mig att g\u00e5 tillbaka till den typen av arbete. Jag visste \u00e4nd\u00e5 att jag p\u00e5 n\u00e5got s\u00e4tt ville arbeta med mina h\u00e4nder.<\/p>\n\n\n\n<p>\u2013 Jag omskolade mig till m\u00f6beltapetserare och tanken var att jag skulle starta upp en egen verkstad. Jag hade redan en l\u00e5ng akademisk utbildning bakom mig, s\u00e5 jag var f\u00f6rst tveksam till att g\u00e5 ytterligare en utbildning. Men denna g\u00e5ng var jag hantverksl\u00e4rling och det k\u00e4ndes s\u00e5 bra.<\/p>\n\n\n\n<p>\u2013 S\u00f6mnaden har jag l\u00e4nge haft som hobby. Tankar p\u00e5 personlig brodyr p\u00e5 textil har ocks\u00e5 funnits l\u00e4nge och n\u00e5got jag sj\u00e4lv har saknat p\u00e5 marknaden. Jag kunde inte riktigt sl\u00e4ppa det och valde att kombinera olika tekniker och inte fastna i en traditionell yrkesroll.<\/p>\n\n\n\n<p>Sofias f\u00f6rsta steg in i f\u00f6retagarv\u00e4rlden var genom ett bes\u00f6k p\u00e5 m\u00e4ssan Eget F\u00f6retag.<\/p>\n\n\n\n<p>\u2013 Jag gick flera varv bland utst\u00e4llarna. Jag pratade med Skatteverket, Nyf\u00f6retagarCentrum och flera olika leverant\u00f6rer av bokf\u00f6ringsprogram. Sen bokade jag in ett r\u00e5dgivningsm\u00f6te och tog med listan med alla mina fr\u00e5gor. Det var toppen! M\u00f6tet blev s\u00e5 effektivt och var mycket inspirerande.<\/p>\n\n\n\n<p><strong>Vilka utmaningar har varit st\u00f6rst i uppstarten?<\/strong><br>\u2013 Jag vill ju \u00e4gna mest tid p\u00e5 hantverket, men det \u00e4r mycket annat som jag beh\u00f6vt ha koll p\u00e5 och l\u00e4ra mig under uppstarten. Allt fr\u00e5n bokf\u00f6ringssystem till mjukvaror f\u00f6r design och att s\u00e4tta upp en webbshop. Den st\u00f6rsta utmaningen har nog varit att hitta bra leverant\u00f6rer av textil och produkter.<\/p>\n\n\n\n<p><strong>Hur l\u00f6ste du dina utmaningar?<\/strong><br>\u2013 Jag har prioriterat uppgifterna noggrant, vilket jag \u00e4r van vid sedan tiden som anst\u00e4lld. Huvudverksamheten m\u00e5ste f\u00e5 ta sin tid. Men det ska \u00e4ven l\u00e4ggas tid p\u00e5 kundfr\u00e5gor, offerter, leta efter bra leverant\u00f6rer, fotografering, marknadsf\u00f6ring med mera.<\/p>\n\n\n\n<p>\u2013 Nu \u00e4r jag ocks\u00e5 med i Nyf\u00f6retagarCentrums mentorprogram. Jag tackade faktiskt f\u00f6rst nej. Jag var lite r\u00e4dd att jag skulle f\u00e5 en mentor som var f\u00f6r h\u00e5rd och pushig. Men de gav inte upp och fr\u00e5gade mig p\u00e5 nytt.<\/p>\n\n\n\n<p>\u2013 Nu har jag stor gl\u00e4dje av att ha en annan person vid min sida. Min mentor arbetar mycket med olika n\u00e4tverk d\u00e4r jag f\u00e5tt f\u00f6lja med. Vi pratar ocks\u00e5 om f\u00f6retagsfr\u00e5gor och om praktiska saker som sker h\u00e4r och nu.&nbsp;<\/p>\n\n\n\n<p>En viktig f\u00f6ruts\u00e4ttning f\u00f6r att Sofia skulle v\u00e5ga starta eget var m\u00f6jligheten att f\u00e5 starta eget-bidrag under ett \u00e5r.<\/p>\n\n\n\n<p>\u2013 H\u00e4lften av arbetstiden det h\u00e4r f\u00f6rsta \u00e5ret har g\u00e5tt till att bara komma ig\u00e5ng. Nu g\u00e5r allt snabbare n\u00e4r grunden sitter. Jag kan allt mer fokusera p\u00e5 det som jag erbjuder och s\u00e4ljer. Det h\u00e4r \u00e5ret har jag verkligen nyttjat och arbetat stenh\u00e5rt. \u00c4n har jag inte tagit ut n\u00e5gon l\u00f6n, men jag vet att det inom kort \u00e4r m\u00f6jligt.<\/p>\n\n\n\n<p>\u2013 F\u00f6rsta \u00e5ret \u00e4r ocks\u00e5 ganska kostsamt med materialink\u00f6pen. Jag m\u00e5ste ha ett visst lager av f\u00f6rbrukningsmaterial som tr\u00e5d, produkter och ramar till brodyrmaskinen som jag leasar. Det \u00e4r en balansg\u00e5ng mellan att ha saker hemma och k\u00f6pa in utifr\u00e5n best\u00e4llningar.<\/p>\n\n\n\n<p><strong>Vad \u00e4r det b\u00e4sta med att driva eget?<\/strong><br>\u2013 Det \u00e4r friheten. Min kompetens nyttjas fullt ut och jag kan v\u00e4lja hur och n\u00e4r jag vill arbeta. Jag tror att vi som \u00e4r yngre kommer f\u00e5 jobba mer eller mindre livet ut s\u00e5 varf\u00f6r inte g\u00f6ra n\u00e5got man verkligen \u00e4lskar. Nu \u00e4r jag v\u00e4ldigt glad att ha friheten att styra \u00e5t det h\u00e5ll jag \u00f6nskar.<\/p>\n\n\n\n<p>\u2013 Som egenf\u00f6retagare kommer jag ocks\u00e5 i kontakt med s\u00e5 m\u00e5nga trevliga m\u00e4nniskor. Jag trodde att det skulle k\u00e4nnas ensamt, men jag har f\u00e5tt m\u00e5nga fina kontakter och det \u00e4r verkligen roligt!<\/p>\n\n\n\n<p><strong>Vilka \u00e4r de kommande utmaningar f\u00f6r dig som f\u00f6retagare?<\/strong><br>\u2013 F\u00f6rst och fr\u00e4mst vill jag f\u00e5 in b\u00e4ttre rutiner och ett effektivare arbetsfl\u00f6de. Som nystartad kan jag inte k\u00f6pa in s\u00e5 m\u00e5nga tj\u00e4nster. D\u00e5 blir det viktigt att h\u00e5lla utgifterna nere och anv\u00e4nda tiden till r\u00e4tt saker.<\/p>\n\n\n\n<p>\u2013 Att hitta \u00e4nnu b\u00e4ttre leverant\u00f6rer \u00e4r ocks\u00e5 en utmaning. Jag vill b\u00f6rja importera produkter fr\u00e5n USA s\u00e5 nu m\u00e5ste jag s\u00e4tta mig in i det d\u00e4r med importregistrering och tullavgifter.<\/p>\n\n\n\n<p>\u2013 Jag ska ocks\u00e5 \u00e4nnu mer noggrant r\u00e4kna p\u00e5 vilka produkter som genererar mest int\u00e4kter. Vissa mindre l\u00f6nsamma kan ocks\u00e5 vara viktiga att beh\u00e5lla f\u00f6r att de driver trafik till hemsidan, men kanske inte alla.<\/p>\n\n\n\n<p>Kunderna har Sofia hittat dels via Facebook, dels via direktkontakt med olika f\u00f6reningar och bland tidigare kontakter.&nbsp;<\/p>\n\n\n\n<p>\u2013 Jag har \u00e4ven jobbat en del med s\u00f6kordsoptimering och har l\u00e4rt mig mycket via Google Digitalakademin som erbjuder kostnadsfria online-utbildningar. Det \u00e4r ett bra tips till andra som ocks\u00e5 ska starta eget!<\/p>\n","protected":false},"featured_media":575,"template":"","meta":{"footnotes":""},"story_category":[],"acf":[],"yoast_head":"<!-- This site is optimized with the Yoast SEO plugin v22.9 - https:\/\/yoast.com\/wordpress\/plugins\/seo\/ -->\n<title>Ett viktigt beslut! - Botkyrka Huddinge<\/title>\n<meta name=\"robots\" content=\"index, follow, max-snippet:-1, max-image-preview:large, max-video-preview:-1\" \/>\n<link rel=\"canonical\" href=\"https:\/\/nyforetagarcentrum.se\/botkyrka\/success-stories\/ett-viktigt-beslut\/\" \/>\n<meta property=\"og:locale\" content=\"sv_SE\" \/>\n<meta property=\"og:type\" content=\"article\" \/>\n<meta property=\"og:title\" content=\"Ett viktigt beslut! - Botkyrka Huddinge\" \/>\n<meta property=\"og:description\" content=\"Efter flera \u00e5r inom IT- och telekombranschen valde Sofia F\u00e4rnstr\u00f6m att helt byta bana. Sofia ville arbeta med sina h\u00e4nder och samtidigt k\u00e4nna att hon utvecklades som person. Idag driver Sofia sitt eget f\u00f6retag Gyllene Tr\u00e5den. Med fokus p\u00e5 kvalitet och kundanpassningar erbjuder f\u00f6retaget ett brett spektrum av fint utf\u00f6rd maskinbrodyr p\u00e5 personliga presenter, handdukar [&hellip;]\" \/>\n<meta property=\"og:url\" content=\"https:\/\/nyforetagarcentrum.se\/botkyrka\/success-stories\/ett-viktigt-beslut\/\" \/>\n<meta property=\"og:site_name\" content=\"Botkyrka Huddinge\" \/>\n<meta property=\"article:modified_time\" content=\"2024-06-25T08:25:19+00:00\" \/>\n<meta property=\"og:image\" content=\"https:\/\/nyforetagarcentrum.se\/botkyrka\/wp-content\/uploads\/sites\/42\/2024\/05\/Profilbild.jpg\" \/>\n\t<meta property=\"og:image:width\" content=\"750\" \/>\n\t<meta property=\"og:image:height\" content=\"750\" \/>\n\t<meta property=\"og:image:type\" content=\"image\/jpeg\" \/>\n<meta name=\"twitter:card\" content=\"summary_large_image\" \/>\n<meta name=\"twitter:label1\" content=\"Ber\u00e4knad l\u00e4stid\" \/>\n\t<meta name=\"twitter:data1\" content=\"5 minuter\" \/>\n<script type=\"application\/ld+json\" class=\"yoast-schema-graph\">{\"@context\":\"https:\/\/schema.org\",\"@graph\":[{\"@type\":\"WebPage\",\"@id\":\"https:\/\/nyforetagarcentrum.se\/botkyrka\/success-stories\/ett-viktigt-beslut\/\",\"url\":\"https:\/\/nyforetagarcentrum.se\/botkyrka\/success-stories\/ett-viktigt-beslut\/\",\"name\":\"Ett viktigt beslut! - Botkyrka Huddinge\",\"isPartOf\":{\"@id\":\"https:\/\/nyforetagarcentrum.se\/botkyrka\/#website\"},\"primaryImageOfPage\":{\"@id\":\"https:\/\/nyforetagarcentrum.se\/botkyrka\/success-stories\/ett-viktigt-beslut\/#primaryimage\"},\"image\":{\"@id\":\"https:\/\/nyforetagarcentrum.se\/botkyrka\/success-stories\/ett-viktigt-beslut\/#primaryimage\"},\"thumbnailUrl\":\"https:\/\/nyforetagarcentrum.se\/botkyrka\/wp-content\/uploads\/sites\/42\/2024\/05\/Profilbild.jpg\",\"datePublished\":\"2024-05-22T18:44:52+00:00\",\"dateModified\":\"2024-06-25T08:25:19+00:00\",\"breadcrumb\":{\"@id\":\"https:\/\/nyforetagarcentrum.se\/botkyrka\/success-stories\/ett-viktigt-beslut\/#breadcrumb\"},\"inLanguage\":\"sv-SE\",\"potentialAction\":[{\"@type\":\"ReadAction\",\"target\":[\"https:\/\/nyforetagarcentrum.se\/botkyrka\/success-stories\/ett-viktigt-beslut\/\"]}]},{\"@type\":\"ImageObject\",\"inLanguage\":\"sv-SE\",\"@id\":\"https:\/\/nyforetagarcentrum.se\/botkyrka\/success-stories\/ett-viktigt-beslut\/#primaryimage\",\"url\":\"https:\/\/nyforetagarcentrum.se\/botkyrka\/wp-content\/uploads\/sites\/42\/2024\/05\/Profilbild.jpg\",\"contentUrl\":\"https:\/\/nyforetagarcentrum.se\/botkyrka\/wp-content\/uploads\/sites\/42\/2024\/05\/Profilbild.jpg\",\"width\":750,\"height\":750},{\"@type\":\"BreadcrumbList\",\"@id\":\"https:\/\/nyforetagarcentrum.se\/botkyrka\/success-stories\/ett-viktigt-beslut\/#breadcrumb\",\"itemListElement\":[{\"@type\":\"ListItem\",\"position\":1,\"name\":\"Hem\",\"item\":\"https:\/\/nyforetagarcentrum.se\/botkyrka\/\"},{\"@type\":\"ListItem\",\"position\":2,\"name\":\"Success stories\",\"item\":\"https:\/\/nyforetagarcentrum.se\/botkyrka\/success-stories\/\"},{\"@type\":\"ListItem\",\"position\":3,\"name\":\"Ett viktigt beslut!\"}]},{\"@type\":\"WebSite\",\"@id\":\"https:\/\/nyforetagarcentrum.se\/botkyrka\/#website\",\"url\":\"https:\/\/nyforetagarcentrum.se\/botkyrka\/\",\"name\":\"Botkyrka Huddinge\",\"description\":\"Sveriges ledande kraft f\u00f6r fler nya livskraftiga f\u00f6retag\",\"publisher\":{\"@id\":\"https:\/\/nyforetagarcentrum.se\/botkyrka\/#organization\"},\"potentialAction\":[{\"@type\":\"SearchAction\",\"target\":{\"@type\":\"EntryPoint\",\"urlTemplate\":\"https:\/\/nyforetagarcentrum.se\/botkyrka\/?s={search_term_string}\"},\"query-input\":\"required name=search_term_string\"}],\"inLanguage\":\"sv-SE\"},{\"@type\":\"Organization\",\"@id\":\"https:\/\/nyforetagarcentrum.se\/botkyrka\/#organization\",\"name\":\"Botkyrka Huddinge\",\"url\":\"https:\/\/nyforetagarcentrum.se\/botkyrka\/\",\"logo\":{\"@type\":\"ImageObject\",\"inLanguage\":\"sv-SE\",\"@id\":\"https:\/\/nyforetagarcentrum.se\/botkyrka\/#\/schema\/logo\/image\/\",\"url\":\"https:\/\/nyforetagarcentrum.se\/botkyrka\/wp-content\/uploads\/sites\/42\/2024\/07\/botkyrka_bla.png\",\"contentUrl\":\"https:\/\/nyforetagarcentrum.se\/botkyrka\/wp-content\/uploads\/sites\/42\/2024\/07\/botkyrka_bla.png\",\"width\":870,\"height\":355,\"caption\":\"Botkyrka Huddinge\"},\"image\":{\"@id\":\"https:\/\/nyforetagarcentrum.se\/botkyrka\/#\/schema\/logo\/image\/\"}}]}<\/script>\n<!-- \/ Yoast SEO plugin. -->","yoast_head_json":{"title":"Ett viktigt beslut! - Botkyrka Huddinge","robots":{"index":"index","follow":"follow","max-snippet":"max-snippet:-1","max-image-preview":"max-image-preview:large","max-video-preview":"max-video-preview:-1"},"canonical":"https:\/\/nyforetagarcentrum.se\/botkyrka\/success-stories\/ett-viktigt-beslut\/","og_locale":"sv_SE","og_type":"article","og_title":"Ett viktigt beslut! - Botkyrka Huddinge","og_description":"Efter flera \u00e5r inom IT- och telekombranschen valde Sofia F\u00e4rnstr\u00f6m att helt byta bana. Sofia ville arbeta med sina h\u00e4nder och samtidigt k\u00e4nna att hon utvecklades som person. Idag driver Sofia sitt eget f\u00f6retag Gyllene Tr\u00e5den. Med fokus p\u00e5 kvalitet och kundanpassningar erbjuder f\u00f6retaget ett brett spektrum av fint utf\u00f6rd maskinbrodyr p\u00e5 personliga presenter, handdukar [&hellip;]","og_url":"https:\/\/nyforetagarcentrum.se\/botkyrka\/success-stories\/ett-viktigt-beslut\/","og_site_name":"Botkyrka Huddinge","article_modified_time":"2024-06-25T08:25:19+00:00","og_image":[{"width":750,"height":750,"url":"https:\/\/nyforetagarcentrum.se\/botkyrka\/wp-content\/uploads\/sites\/42\/2024\/05\/Profilbild.jpg","type":"image\/jpeg"}],"twitter_card":"summary_large_image","twitter_misc":{"Ber\u00e4knad l\u00e4stid":"5 minuter"},"schema":{"@context":"https:\/\/schema.org","@graph":[{"@type":"WebPage","@id":"https:\/\/nyforetagarcentrum.se\/botkyrka\/success-stories\/ett-viktigt-beslut\/","url":"https:\/\/nyforetagarcentrum.se\/botkyrka\/success-stories\/ett-viktigt-beslut\/","name":"Ett viktigt beslut! - Botkyrka Huddinge","isPartOf":{"@id":"https:\/\/nyforetagarcentrum.se\/botkyrka\/#website"},"primaryImageOfPage":{"@id":"https:\/\/nyforetagarcentrum.se\/botkyrka\/success-stories\/ett-viktigt-beslut\/#primaryimage"},"image":{"@id":"https:\/\/nyforetagarcentrum.se\/botkyrka\/success-stories\/ett-viktigt-beslut\/#primaryimage"},"thumbnailUrl":"https:\/\/nyforetagarcentrum.se\/botkyrka\/wp-content\/uploads\/sites\/42\/2024\/05\/Profilbild.jpg","datePublished":"2024-05-22T18:44:52+00:00","dateModified":"2024-06-25T08:25:19+00:00","breadcrumb":{"@id":"https:\/\/nyforetagarcentrum.se\/botkyrka\/success-stories\/ett-viktigt-beslut\/#breadcrumb"},"inLanguage":"sv-SE","potentialAction":[{"@type":"ReadAction","target":["https:\/\/nyforetagarcentrum.se\/botkyrka\/success-stories\/ett-viktigt-beslut\/"]}]},{"@type":"ImageObject","inLanguage":"sv-SE","@id":"https:\/\/nyforetagarcentrum.se\/botkyrka\/success-stories\/ett-viktigt-beslut\/#primaryimage","url":"https:\/\/nyforetagarcentrum.se\/botkyrka\/wp-content\/uploads\/sites\/42\/2024\/05\/Profilbild.jpg","contentUrl":"https:\/\/nyforetagarcentrum.se\/botkyrka\/wp-content\/uploads\/sites\/42\/2024\/05\/Profilbild.jpg","width":750,"height":750},{"@type":"BreadcrumbList","@id":"https:\/\/nyforetagarcentrum.se\/botkyrka\/success-stories\/ett-viktigt-beslut\/#breadcrumb","itemListElement":[{"@type":"ListItem","position":1,"name":"Hem","item":"https:\/\/nyforetagarcentrum.se\/botkyrka\/"},{"@type":"ListItem","position":2,"name":"Success stories","item":"https:\/\/nyforetagarcentrum.se\/botkyrka\/success-stories\/"},{"@type":"ListItem","position":3,"name":"Ett viktigt beslut!"}]},{"@type":"WebSite","@id":"https:\/\/nyforetagarcentrum.se\/botkyrka\/#website","url":"https:\/\/nyforetagarcentrum.se\/botkyrka\/","name":"Botkyrka Huddinge","description":"Sveriges ledande kraft f\u00f6r fler nya livskraftiga f\u00f6retag","publisher":{"@id":"https:\/\/nyforetagarcentrum.se\/botkyrka\/#organization"},"potentialAction":[{"@type":"SearchAction","target":{"@type":"EntryPoint","urlTemplate":"https:\/\/nyforetagarcentrum.se\/botkyrka\/?s={search_term_string}"},"query-input":"required name=search_term_string"}],"inLanguage":"sv-SE"},{"@type":"Organization","@id":"https:\/\/nyforetagarcentrum.se\/botkyrka\/#organization","name":"Botkyrka Huddinge","url":"https:\/\/nyforetagarcentrum.se\/botkyrka\/","logo":{"@type":"ImageObject","inLanguage":"sv-SE","@id":"https:\/\/nyforetagarcentrum.se\/botkyrka\/#\/schema\/logo\/image\/","url":"https:\/\/nyforetagarcentrum.se\/botkyrka\/wp-content\/uploads\/sites\/42\/2024\/07\/botkyrka_bla.png","contentUrl":"https:\/\/nyforetagarcentrum.se\/botkyrka\/wp-content\/uploads\/sites\/42\/2024\/07\/botkyrka_bla.png","width":870,"height":355,"caption":"Botkyrka Huddinge"},"image":{"@id":"https:\/\/nyforetagarcentrum.se\/botkyrka\/#\/schema\/logo\/image\/"}}]}},"_links":{"self":[{"href":"https:\/\/nyforetagarcentrum.se\/botkyrka\/wp-json\/wp\/v2\/story\/573"}],"collection":[{"href":"https:\/\/nyforetagarcentrum.se\/botkyrka\/wp-json\/wp\/v2\/story"}],"about":[{"href":"https:\/\/nyforetagarcentrum.se\/botkyrka\/wp-json\/wp\/v2\/types\/story"}],"version-history":[{"count":2,"href":"https:\/\/nyforetagarcentrum.se\/botkyrka\/wp-json\/wp\/v2\/story\/573\/revisions"}],"predecessor-version":[{"id":747,"href":"https:\/\/nyforetagarcentrum.se\/botkyrka\/wp-json\/wp\/v2\/story\/573\/revisions\/747"}],"wp:featuredmedia":[{"embeddable":true,"href":"https:\/\/nyforetagarcentrum.se\/botkyrka\/wp-json\/wp\/v2\/media\/575"}],"wp:attachment":[{"href":"https:\/\/nyforetagarcentrum.se\/botkyrka\/wp-json\/wp\/v2\/media?parent=573"}],"wp:term":[{"taxonomy":"story_category","embeddable":true,"href":"https:\/\/nyforetagarcentrum.se\/botkyrka\/wp-json\/wp\/v2\/story_category?post=573"}],"curies":[{"name":"wp","href":"https:\/\/api.w.org\/{rel}","templated":true}]}}