{"id":597,"date":"2023-03-31T11:26:34","date_gmt":"2023-03-31T09:26:34","guid":{"rendered":"https:\/\/nyforetagarcentrum.se\/botkyrka\/?p=597"},"modified":"2024-06-07T11:04:53","modified_gmt":"2024-06-07T09:04:53","slug":"arets-nyforetagare-2023-i-huddinge","status":"publish","type":"post","link":"https:\/\/nyforetagarcentrum.se\/botkyrka\/2023\/03\/31\/arets-nyforetagare-2023-i-huddinge\/","title":{"rendered":"\u00c5rets Nyf\u00f6retagare 2023 i Huddinge!"},"content":{"rendered":"\n<p>\u00c5rets Nyf\u00f6retagare 2023 i Huddinge \u00e4r utsedd!\u00a0<br>Stort grattis till Priscila Costa,\u00a0<a href=\"https:\/\/brigadeiro.se\/sv\/\" target=\"_blank\" rel=\"noreferrer noopener\">Rufatto Brigadeiro<\/a>!\u00a0<img loading=\"lazy\" decoding=\"async\" width=\"16\" height=\"16\" src=\"https:\/\/static.xx.fbcdn.net\/images\/emoji.php\/v9\/t2b\/2\/16\/1f389.png\" alt=\"?\"><\/p>\n\n\n\n<p>Med mod och passion har Priscila Costa f\u00f6rverkligat sin dr\u00f6m och gett oss en munsbit av sitt hemland Brasilien. P\u00e5 fyra \u00e5r har Priscila inte bara l\u00e4rt sig ett helt nytt spr\u00e5k och utbildat sig till konditor. Hon har samtidigt varit fast besluten om att f\u00f6rvalta arvet efter sin mormor genom att starta Rufatto Brigadeiro som tillverkar brasilianska s\u00f6tsaker.&nbsp;Att v\u00e5ga starta mitt under pandemin och d\u00e4refter sakta med s\u00e4kert utveckla sitt f\u00f6retag och n\u00e4tverk, g\u00f6r Priscila till en fantastisk f\u00f6rebild f\u00f6r andra som vill ta steget till eget.<\/p>\n\n\n\n<p>Priset delades ut i samband med n\u00e4ringslivsfesten Huddinge Enterprize.<\/p>\n","protected":false},"excerpt":{"rendered":"<p>\u00c5rets Nyf\u00f6retagare 2023 i Huddinge \u00e4r utsedd!\u00a0Stort grattis till Priscila Costa,\u00a0Rufatto Brigadeiro!\u00a0 Med mod och passion har Priscila Costa f\u00f6rverkligat sin dr\u00f6m och gett oss en munsbit av sitt hemland Brasilien. P\u00e5 fyra \u00e5r har Priscila inte bara l\u00e4rt sig ett helt nytt spr\u00e5k och utbildat sig till konditor. Hon har samtidigt varit fast besluten [&hellip;]<\/p>\n","protected":false},"author":13,"featured_media":600,"comment_status":"open","ping_status":"open","sticky":false,"template":"","format":"standard","meta":{"footnotes":""},"categories":[20,23],"tags":[],"acf":[],"yoast_head":"<!-- This site is optimized with the Yoast SEO plugin v22.9 - https:\/\/yoast.com\/wordpress\/plugins\/seo\/ -->\n<title>\u00c5rets Nyf\u00f6retagare 2023 i Huddinge! - Botkyrka Huddinge<\/title>\n<meta name=\"robots\" content=\"index, follow, max-snippet:-1, max-image-preview:large, max-video-preview:-1\" \/>\n<link rel=\"canonical\" href=\"https:\/\/nyforetagarcentrum.se\/botkyrka\/2023\/03\/31\/arets-nyforetagare-2023-i-huddinge\/\" \/>\n<meta property=\"og:locale\" content=\"sv_SE\" \/>\n<meta property=\"og:type\" content=\"article\" \/>\n<meta property=\"og:title\" content=\"\u00c5rets Nyf\u00f6retagare 2023 i Huddinge! - Botkyrka Huddinge\" \/>\n<meta property=\"og:description\" content=\"\u00c5rets Nyf\u00f6retagare 2023 i Huddinge \u00e4r utsedd!\u00a0Stort grattis till Priscila Costa,\u00a0Rufatto Brigadeiro!\u00a0 Med mod och passion har Priscila Costa f\u00f6rverkligat sin dr\u00f6m och gett oss en munsbit av sitt hemland Brasilien. P\u00e5 fyra \u00e5r har Priscila inte bara l\u00e4rt sig ett helt nytt spr\u00e5k och utbildat sig till konditor. Hon har samtidigt varit fast besluten [&hellip;]\" \/>\n<meta property=\"og:url\" content=\"https:\/\/nyforetagarcentrum.se\/botkyrka\/2023\/03\/31\/arets-nyforetagare-2023-i-huddinge\/\" \/>\n<meta property=\"og:site_name\" content=\"Botkyrka Huddinge\" \/>\n<meta property=\"article:published_time\" content=\"2023-03-31T09:26:34+00:00\" \/>\n<meta property=\"article:modified_time\" content=\"2024-06-07T09:04:53+00:00\" \/>\n<meta property=\"og:image\" content=\"https:\/\/nyforetagarcentrum.se\/botkyrka\/wp-content\/uploads\/sites\/42\/2024\/05\/Rufatto_Brigadeiro_hemsidan.jpg\" \/>\n\t<meta property=\"og:image:width\" content=\"1163\" \/>\n\t<meta property=\"og:image:height\" content=\"696\" \/>\n\t<meta property=\"og:image:type\" content=\"image\/jpeg\" \/>\n<meta name=\"author\" content=\"botkyrka\" \/>\n<meta name=\"twitter:card\" content=\"summary_large_image\" \/>\n<meta name=\"twitter:label1\" content=\"Skriven av\" \/>\n\t<meta name=\"twitter:data1\" content=\"botkyrka\" \/>\n\t<meta name=\"twitter:label2\" content=\"Ber\u00e4knad l\u00e4stid\" \/>\n\t<meta name=\"twitter:data2\" content=\"1 minut\" \/>\n<script type=\"application\/ld+json\" class=\"yoast-schema-graph\">{\"@context\":\"https:\/\/schema.org\",\"@graph\":[{\"@type\":\"Article\",\"@id\":\"https:\/\/nyforetagarcentrum.se\/botkyrka\/2023\/03\/31\/arets-nyforetagare-2023-i-huddinge\/#article\",\"isPartOf\":{\"@id\":\"https:\/\/nyforetagarcentrum.se\/botkyrka\/2023\/03\/31\/arets-nyforetagare-2023-i-huddinge\/\"},\"author\":{\"name\":\"botkyrka\",\"@id\":\"https:\/\/nyforetagarcentrum.se\/botkyrka\/#\/schema\/person\/0973d06b2904cbcaa24654cda8536f61\"},\"headline\":\"\u00c5rets Nyf\u00f6retagare 2023 i Huddinge!\",\"datePublished\":\"2023-03-31T09:26:34+00:00\",\"dateModified\":\"2024-06-07T09:04:53+00:00\",\"mainEntityOfPage\":{\"@id\":\"https:\/\/nyforetagarcentrum.se\/botkyrka\/2023\/03\/31\/arets-nyforetagare-2023-i-huddinge\/\"},\"wordCount\":133,\"commentCount\":0,\"publisher\":{\"@id\":\"https:\/\/nyforetagarcentrum.se\/botkyrka\/#organization\"},\"image\":{\"@id\":\"https:\/\/nyforetagarcentrum.se\/botkyrka\/2023\/03\/31\/arets-nyforetagare-2023-i-huddinge\/#primaryimage\"},\"thumbnailUrl\":\"https:\/\/nyforetagarcentrum.se\/botkyrka\/wp-content\/uploads\/sites\/42\/2024\/05\/Rufatto_Brigadeiro_hemsidan.jpg\",\"articleSection\":[\"\u00c5rets Nyf\u00f6retagare\",\"Nyheter\"],\"inLanguage\":\"sv-SE\",\"potentialAction\":[{\"@type\":\"CommentAction\",\"name\":\"Comment\",\"target\":[\"https:\/\/nyforetagarcentrum.se\/botkyrka\/2023\/03\/31\/arets-nyforetagare-2023-i-huddinge\/#respond\"]}]},{\"@type\":\"WebPage\",\"@id\":\"https:\/\/nyforetagarcentrum.se\/botkyrka\/2023\/03\/31\/arets-nyforetagare-2023-i-huddinge\/\",\"url\":\"https:\/\/nyforetagarcentrum.se\/botkyrka\/2023\/03\/31\/arets-nyforetagare-2023-i-huddinge\/\",\"name\":\"\u00c5rets Nyf\u00f6retagare 2023 i Huddinge! - Botkyrka Huddinge\",\"isPartOf\":{\"@id\":\"https:\/\/nyforetagarcentrum.se\/botkyrka\/#website\"},\"primaryImageOfPage\":{\"@id\":\"https:\/\/nyforetagarcentrum.se\/botkyrka\/2023\/03\/31\/arets-nyforetagare-2023-i-huddinge\/#primaryimage\"},\"image\":{\"@id\":\"https:\/\/nyforetagarcentrum.se\/botkyrka\/2023\/03\/31\/arets-nyforetagare-2023-i-huddinge\/#primaryimage\"},\"thumbnailUrl\":\"https:\/\/nyforetagarcentrum.se\/botkyrka\/wp-content\/uploads\/sites\/42\/2024\/05\/Rufatto_Brigadeiro_hemsidan.jpg\",\"datePublished\":\"2023-03-31T09:26:34+00:00\",\"dateModified\":\"2024-06-07T09:04:53+00:00\",\"breadcrumb\":{\"@id\":\"https:\/\/nyforetagarcentrum.se\/botkyrka\/2023\/03\/31\/arets-nyforetagare-2023-i-huddinge\/#breadcrumb\"},\"inLanguage\":\"sv-SE\",\"potentialAction\":[{\"@type\":\"ReadAction\",\"target\":[\"https:\/\/nyforetagarcentrum.se\/botkyrka\/2023\/03\/31\/arets-nyforetagare-2023-i-huddinge\/\"]}]},{\"@type\":\"ImageObject\",\"inLanguage\":\"sv-SE\",\"@id\":\"https:\/\/nyforetagarcentrum.se\/botkyrka\/2023\/03\/31\/arets-nyforetagare-2023-i-huddinge\/#primaryimage\",\"url\":\"https:\/\/nyforetagarcentrum.se\/botkyrka\/wp-content\/uploads\/sites\/42\/2024\/05\/Rufatto_Brigadeiro_hemsidan.jpg\",\"contentUrl\":\"https:\/\/nyforetagarcentrum.se\/botkyrka\/wp-content\/uploads\/sites\/42\/2024\/05\/Rufatto_Brigadeiro_hemsidan.jpg\",\"width\":1163,\"height\":696},{\"@type\":\"BreadcrumbList\",\"@id\":\"https:\/\/nyforetagarcentrum.se\/botkyrka\/2023\/03\/31\/arets-nyforetagare-2023-i-huddinge\/#breadcrumb\",\"itemListElement\":[{\"@type\":\"ListItem\",\"position\":1,\"name\":\"Hem\",\"item\":\"https:\/\/nyforetagarcentrum.se\/botkyrka\/\"},{\"@type\":\"ListItem\",\"position\":2,\"name\":\"\u00c5rets Nyf\u00f6retagare 2023 i Huddinge!\"}]},{\"@type\":\"WebSite\",\"@id\":\"https:\/\/nyforetagarcentrum.se\/botkyrka\/#website\",\"url\":\"https:\/\/nyforetagarcentrum.se\/botkyrka\/\",\"name\":\"Botkyrka Huddinge\",\"description\":\"Sveriges ledande kraft f\u00f6r fler nya livskraftiga f\u00f6retag\",\"publisher\":{\"@id\":\"https:\/\/nyforetagarcentrum.se\/botkyrka\/#organization\"},\"potentialAction\":[{\"@type\":\"SearchAction\",\"target\":{\"@type\":\"EntryPoint\",\"urlTemplate\":\"https:\/\/nyforetagarcentrum.se\/botkyrka\/?s={search_term_string}\"},\"query-input\":\"required name=search_term_string\"}],\"inLanguage\":\"sv-SE\"},{\"@type\":\"Organization\",\"@id\":\"https:\/\/nyforetagarcentrum.se\/botkyrka\/#organization\",\"name\":\"Botkyrka Huddinge\",\"url\":\"https:\/\/nyforetagarcentrum.se\/botkyrka\/\",\"logo\":{\"@type\":\"ImageObject\",\"inLanguage\":\"sv-SE\",\"@id\":\"https:\/\/nyforetagarcentrum.se\/botkyrka\/#\/schema\/logo\/image\/\",\"url\":\"https:\/\/nyforetagarcentrum.se\/botkyrka\/wp-content\/uploads\/sites\/42\/2024\/07\/botkyrka_bla.png\",\"contentUrl\":\"https:\/\/nyforetagarcentrum.se\/botkyrka\/wp-content\/uploads\/sites\/42\/2024\/07\/botkyrka_bla.png\",\"width\":870,\"height\":355,\"caption\":\"Botkyrka Huddinge\"},\"image\":{\"@id\":\"https:\/\/nyforetagarcentrum.se\/botkyrka\/#\/schema\/logo\/image\/\"}},{\"@type\":\"Person\",\"@id\":\"https:\/\/nyforetagarcentrum.se\/botkyrka\/#\/schema\/person\/0973d06b2904cbcaa24654cda8536f61\",\"name\":\"botkyrka\",\"image\":{\"@type\":\"ImageObject\",\"inLanguage\":\"sv-SE\",\"@id\":\"https:\/\/nyforetagarcentrum.se\/botkyrka\/#\/schema\/person\/image\/\",\"url\":\"https:\/\/secure.gravatar.com\/avatar\/e416c35723684d4fb9924793e3af92d8?s=96&d=mm&r=g\",\"contentUrl\":\"https:\/\/secure.gravatar.com\/avatar\/e416c35723684d4fb9924793e3af92d8?s=96&d=mm&r=g\",\"caption\":\"botkyrka\"},\"url\":\"https:\/\/nyforetagarcentrum.se\/botkyrka\/author\/botkyrka\/\"}]}<\/script>\n<!-- \/ Yoast SEO plugin. -->","yoast_head_json":{"title":"\u00c5rets Nyf\u00f6retagare 2023 i Huddinge! - Botkyrka Huddinge","robots":{"index":"index","follow":"follow","max-snippet":"max-snippet:-1","max-image-preview":"max-image-preview:large","max-video-preview":"max-video-preview:-1"},"canonical":"https:\/\/nyforetagarcentrum.se\/botkyrka\/2023\/03\/31\/arets-nyforetagare-2023-i-huddinge\/","og_locale":"sv_SE","og_type":"article","og_title":"\u00c5rets Nyf\u00f6retagare 2023 i Huddinge! - Botkyrka Huddinge","og_description":"\u00c5rets Nyf\u00f6retagare 2023 i Huddinge \u00e4r utsedd!\u00a0Stort grattis till Priscila Costa,\u00a0Rufatto Brigadeiro!\u00a0 Med mod och passion har Priscila Costa f\u00f6rverkligat sin dr\u00f6m och gett oss en munsbit av sitt hemland Brasilien. P\u00e5 fyra \u00e5r har Priscila inte bara l\u00e4rt sig ett helt nytt spr\u00e5k och utbildat sig till konditor. Hon har samtidigt varit fast besluten [&hellip;]","og_url":"https:\/\/nyforetagarcentrum.se\/botkyrka\/2023\/03\/31\/arets-nyforetagare-2023-i-huddinge\/","og_site_name":"Botkyrka Huddinge","article_published_time":"2023-03-31T09:26:34+00:00","article_modified_time":"2024-06-07T09:04:53+00:00","og_image":[{"width":1163,"height":696,"url":"https:\/\/nyforetagarcentrum.se\/botkyrka\/wp-content\/uploads\/sites\/42\/2024\/05\/Rufatto_Brigadeiro_hemsidan.jpg","type":"image\/jpeg"}],"author":"botkyrka","twitter_card":"summary_large_image","twitter_misc":{"Skriven av":"botkyrka","Ber\u00e4knad l\u00e4stid":"1 minut"},"schema":{"@context":"https:\/\/schema.org","@graph":[{"@type":"Article","@id":"https:\/\/nyforetagarcentrum.se\/botkyrka\/2023\/03\/31\/arets-nyforetagare-2023-i-huddinge\/#article","isPartOf":{"@id":"https:\/\/nyforetagarcentrum.se\/botkyrka\/2023\/03\/31\/arets-nyforetagare-2023-i-huddinge\/"},"author":{"name":"botkyrka","@id":"https:\/\/nyforetagarcentrum.se\/botkyrka\/#\/schema\/person\/0973d06b2904cbcaa24654cda8536f61"},"headline":"\u00c5rets Nyf\u00f6retagare 2023 i Huddinge!","datePublished":"2023-03-31T09:26:34+00:00","dateModified":"2024-06-07T09:04:53+00:00","mainEntityOfPage":{"@id":"https:\/\/nyforetagarcentrum.se\/botkyrka\/2023\/03\/31\/arets-nyforetagare-2023-i-huddinge\/"},"wordCount":133,"commentCount":0,"publisher":{"@id":"https:\/\/nyforetagarcentrum.se\/botkyrka\/#organization"},"image":{"@id":"https:\/\/nyforetagarcentrum.se\/botkyrka\/2023\/03\/31\/arets-nyforetagare-2023-i-huddinge\/#primaryimage"},"thumbnailUrl":"https:\/\/nyforetagarcentrum.se\/botkyrka\/wp-content\/uploads\/sites\/42\/2024\/05\/Rufatto_Brigadeiro_hemsidan.jpg","articleSection":["\u00c5rets Nyf\u00f6retagare","Nyheter"],"inLanguage":"sv-SE","potentialAction":[{"@type":"CommentAction","name":"Comment","target":["https:\/\/nyforetagarcentrum.se\/botkyrka\/2023\/03\/31\/arets-nyforetagare-2023-i-huddinge\/#respond"]}]},{"@type":"WebPage","@id":"https:\/\/nyforetagarcentrum.se\/botkyrka\/2023\/03\/31\/arets-nyforetagare-2023-i-huddinge\/","url":"https:\/\/nyforetagarcentrum.se\/botkyrka\/2023\/03\/31\/arets-nyforetagare-2023-i-huddinge\/","name":"\u00c5rets Nyf\u00f6retagare 2023 i Huddinge! - Botkyrka Huddinge","isPartOf":{"@id":"https:\/\/nyforetagarcentrum.se\/botkyrka\/#website"},"primaryImageOfPage":{"@id":"https:\/\/nyforetagarcentrum.se\/botkyrka\/2023\/03\/31\/arets-nyforetagare-2023-i-huddinge\/#primaryimage"},"image":{"@id":"https:\/\/nyforetagarcentrum.se\/botkyrka\/2023\/03\/31\/arets-nyforetagare-2023-i-huddinge\/#primaryimage"},"thumbnailUrl":"https:\/\/nyforetagarcentrum.se\/botkyrka\/wp-content\/uploads\/sites\/42\/2024\/05\/Rufatto_Brigadeiro_hemsidan.jpg","datePublished":"2023-03-31T09:26:34+00:00","dateModified":"2024-06-07T09:04:53+00:00","breadcrumb":{"@id":"https:\/\/nyforetagarcentrum.se\/botkyrka\/2023\/03\/31\/arets-nyforetagare-2023-i-huddinge\/#breadcrumb"},"inLanguage":"sv-SE","potentialAction":[{"@type":"ReadAction","target":["https:\/\/nyforetagarcentrum.se\/botkyrka\/2023\/03\/31\/arets-nyforetagare-2023-i-huddinge\/"]}]},{"@type":"ImageObject","inLanguage":"sv-SE","@id":"https:\/\/nyforetagarcentrum.se\/botkyrka\/2023\/03\/31\/arets-nyforetagare-2023-i-huddinge\/#primaryimage","url":"https:\/\/nyforetagarcentrum.se\/botkyrka\/wp-content\/uploads\/sites\/42\/2024\/05\/Rufatto_Brigadeiro_hemsidan.jpg","contentUrl":"https:\/\/nyforetagarcentrum.se\/botkyrka\/wp-content\/uploads\/sites\/42\/2024\/05\/Rufatto_Brigadeiro_hemsidan.jpg","width":1163,"height":696},{"@type":"BreadcrumbList","@id":"https:\/\/nyforetagarcentrum.se\/botkyrka\/2023\/03\/31\/arets-nyforetagare-2023-i-huddinge\/#breadcrumb","itemListElement":[{"@type":"ListItem","position":1,"name":"Hem","item":"https:\/\/nyforetagarcentrum.se\/botkyrka\/"},{"@type":"ListItem","position":2,"name":"\u00c5rets Nyf\u00f6retagare 2023 i Huddinge!"}]},{"@type":"WebSite","@id":"https:\/\/nyforetagarcentrum.se\/botkyrka\/#website","url":"https:\/\/nyforetagarcentrum.se\/botkyrka\/","name":"Botkyrka Huddinge","description":"Sveriges ledande kraft f\u00f6r fler nya livskraftiga f\u00f6retag","publisher":{"@id":"https:\/\/nyforetagarcentrum.se\/botkyrka\/#organization"},"potentialAction":[{"@type":"SearchAction","target":{"@type":"EntryPoint","urlTemplate":"https:\/\/nyforetagarcentrum.se\/botkyrka\/?s={search_term_string}"},"query-input":"required name=search_term_string"}],"inLanguage":"sv-SE"},{"@type":"Organization","@id":"https:\/\/nyforetagarcentrum.se\/botkyrka\/#organization","name":"Botkyrka Huddinge","url":"https:\/\/nyforetagarcentrum.se\/botkyrka\/","logo":{"@type":"ImageObject","inLanguage":"sv-SE","@id":"https:\/\/nyforetagarcentrum.se\/botkyrka\/#\/schema\/logo\/image\/","url":"https:\/\/nyforetagarcentrum.se\/botkyrka\/wp-content\/uploads\/sites\/42\/2024\/07\/botkyrka_bla.png","contentUrl":"https:\/\/nyforetagarcentrum.se\/botkyrka\/wp-content\/uploads\/sites\/42\/2024\/07\/botkyrka_bla.png","width":870,"height":355,"caption":"Botkyrka Huddinge"},"image":{"@id":"https:\/\/nyforetagarcentrum.se\/botkyrka\/#\/schema\/logo\/image\/"}},{"@type":"Person","@id":"https:\/\/nyforetagarcentrum.se\/botkyrka\/#\/schema\/person\/0973d06b2904cbcaa24654cda8536f61","name":"botkyrka","image":{"@type":"ImageObject","inLanguage":"sv-SE","@id":"https:\/\/nyforetagarcentrum.se\/botkyrka\/#\/schema\/person\/image\/","url":"https:\/\/secure.gravatar.com\/avatar\/e416c35723684d4fb9924793e3af92d8?s=96&d=mm&r=g","contentUrl":"https:\/\/secure.gravatar.com\/avatar\/e416c35723684d4fb9924793e3af92d8?s=96&d=mm&r=g","caption":"botkyrka"},"url":"https:\/\/nyforetagarcentrum.se\/botkyrka\/author\/botkyrka\/"}]}},"_links":{"self":[{"href":"https:\/\/nyforetagarcentrum.se\/botkyrka\/wp-json\/wp\/v2\/posts\/597"}],"collection":[{"href":"https:\/\/nyforetagarcentrum.se\/botkyrka\/wp-json\/wp\/v2\/posts"}],"about":[{"href":"https:\/\/nyforetagarcentrum.se\/botkyrka\/wp-json\/wp\/v2\/types\/post"}],"author":[{"embeddable":true,"href":"https:\/\/nyforetagarcentrum.se\/botkyrka\/wp-json\/wp\/v2\/users\/13"}],"replies":[{"embeddable":true,"href":"https:\/\/nyforetagarcentrum.se\/botkyrka\/wp-json\/wp\/v2\/comments?post=597"}],"version-history":[{"count":1,"href":"https:\/\/nyforetagarcentrum.se\/botkyrka\/wp-json\/wp\/v2\/posts\/597\/revisions"}],"predecessor-version":[{"id":598,"href":"https:\/\/nyforetagarcentrum.se\/botkyrka\/wp-json\/wp\/v2\/posts\/597\/revisions\/598"}],"wp:featuredmedia":[{"embeddable":true,"href":"https:\/\/nyforetagarcentrum.se\/botkyrka\/wp-json\/wp\/v2\/media\/600"}],"wp:attachment":[{"href":"https:\/\/nyforetagarcentrum.se\/botkyrka\/wp-json\/wp\/v2\/media?parent=597"}],"wp:term":[{"taxonomy":"category","embeddable":true,"href":"https:\/\/nyforetagarcentrum.se\/botkyrka\/wp-json\/wp\/v2\/categories?post=597"},{"taxonomy":"post_tag","embeddable":true,"href":"https:\/\/nyforetagarcentrum.se\/botkyrka\/wp-json\/wp\/v2\/tags?post=597"}],"curies":[{"name":"wp","href":"https:\/\/api.w.org\/{rel}","templated":true}]}}